{"id":148459,"date":"2022-01-06T17:23:04","date_gmt":"2022-01-06T15:23:04","guid":{"rendered":"https:\/\/kulturbloggen.com\/?p=148459"},"modified":"2022-01-06T17:51:17","modified_gmt":"2022-01-06T15:51:17","slug":"dansrecension-in-a-cage-of-light-beror-och-tjusar","status":"publish","type":"post","link":"https:\/\/kulturbloggen.com\/?p=148459","title":{"rendered":"Dansrecension: In a cage of light  &#8211; ber\u00f6r och tjusar"},"content":{"rendered":"<p><img loading=\"lazy\" decoding=\"async\" class=\"aligncenter size-full wp-image-148461\" src=\"https:\/\/kulturbloggen.com\/wp-content\/uploads\/2022\/01\/Carlotta.jpg\" alt=\"\" width=\"650\" height=\"366\" srcset=\"https:\/\/kulturbloggen.com\/wp-content\/uploads\/2022\/01\/Carlotta.jpg 650w, https:\/\/kulturbloggen.com\/wp-content\/uploads\/2022\/01\/Carlotta-300x169.jpg 300w\" sizes=\"auto, (max-width: 650px) 100vw, 650px\" \/><\/p>\n<p><strong>In a cage of light<\/strong><br \/>\nKoreografi och regi Charlotta \u00d6fverholm och Jordi Cortes<br \/>\nMedverkande Charlotta \u00d6fverholm , Jordi Cortes, Tobias Hallgren,<br \/>\nLauri Antila<br \/>\nMusiker o komposit\u00f6r Lauri Antila<br \/>\nLjusdesign Tobias Hallgren<br \/>\nRegi\u00f6ga Carina Nildalen<br \/>\nTrapets Jacob Westin<br \/>\nMask Catharina Lundin<br \/>\nKostymdesign Maria Lundqvist<br \/>\nOriginalid\u00e9 f\u00f6r kostym Linda \u00d6hrn<br \/>\nOrionteatern, spelperiod 5 \u2013 9 jan<\/p>\n<p>F\u00f6rfilm <strong>Checking out<\/strong><br \/>\nKoreografi, regi och manus Charlotta \u00d6fverholm<br \/>\nFilmfoto och redigering Anders J. Larsson<br \/>\nOriginalid\u00e9 f\u00f6r scen Charlotta \u00d6fverholm och Elle Kunnos de Voss<br \/>\nMedverkande Magnus Krepper, Elena Fokina, Tobias Hallgren, James Friedman, Lauri Antila, Charlotta \u00d6fverholm, Jan Alpsj\u00f6, Lars H\u00e4lleg\u00e5rd, Elna Fagerberg, Anita Berger, Eva Broms<\/p>\n<p>Hur \u00f6verg\u00e5r en dansare fr\u00e5n tryggheten i scenljuset till ett vanligt liv? N\u00e4r str\u00e5lkastarna sl\u00e4cks, vad finns d\u00e4rute? Hur delas livet med k\u00e4ra v\u00e4nnen och vad blir man f\u00f6r varandra? Frank Sinatras &#8221;That\u00b4s life\u201d d\u00e5nar ut i teaterlokalen och pl\u00f6tsligt faller trapetskonstn\u00e4ren handfallet bak\u00e5t ut i m\u00f6rkret. I den humoristiska, vackra, men ocks\u00e5 existentiellt sm\u00e4rtsamma dansf\u00f6rest\u00e4llningen unders\u00f6ker dansarna Charlotta \u00d6fverholm och Jordi Cortes fr\u00e5gor om tillit, kroppens begr\u00e4nsningar och livets mening. P\u00e5 scenen \u00e4r ocks\u00e5 Lauri Antila med sj\u00e4lfullt spel p\u00e5 basfiol emellan nostalgiskt utvalda musikstycken. Det kreativa och talande scenarbetet f\u00e5r ocks\u00e5 hj\u00e4lp av Tobias Hallgren i denna poetiska kvartett p\u00e5 scenen.<\/p>\n<p>\u00d6fverholm som ocks\u00e5 varit verksam i New York har i 30 \u00e5r skapat produktioner som turnerat v\u00e4rlden \u00f6ver. 2015 startade hon projektet <em>Age on Stage<\/em> som upptr\u00e4der internationellt i syftet att ifr\u00e5gas\u00e4tta normer. H\u00e4r ing\u00e5r \u00e4ven workshops f\u00f6r danssugna 65+are. Stockholmspubliken kunde ocks\u00e5 nyligen se henne uttrycksfullt dansa i Alexander Ekmans f\u00f6rest\u00e4llning <em>Kuckel 2<\/em>. \u00d6fverholm och Cortes som b\u00e5de \u00e4r dansare och koreografer har tillammans ing\u00e5tt i kompaniet <em>DV8 Physical theatre<\/em> i London.<\/p>\n<p><img loading=\"lazy\" decoding=\"async\" class=\"alignright size-medium wp-image-148462\" src=\"https:\/\/kulturbloggen.com\/wp-content\/uploads\/2022\/01\/orion2-300x161.jpg\" alt=\"\" width=\"300\" height=\"161\" srcset=\"https:\/\/kulturbloggen.com\/wp-content\/uploads\/2022\/01\/orion2-300x161.jpg 300w, https:\/\/kulturbloggen.com\/wp-content\/uploads\/2022\/01\/orion2.jpg 650w\" sizes=\"auto, (max-width: 300px) 100vw, 300px\" \/>Kv\u00e4llens f\u00f6rest\u00e4llning inleds av den surrealistiska dansfilmen <em>Checking out<\/em>. I den mustiga ber\u00e4ttelsen \u2013 som sker i en hotellmilj\u00f6 med drag av karneval &#8211; h\u00f6r vi ledorden upprepas: \u201dYou can check out anytime, but you can never leave\u201d. Allt fr\u00e5n kroppslig lust, slagsm\u00e5l, sp\u00e4nning, till en stillsam sista m\u00e5ltid f\u00f6ljd av explosiv eld s\u00e4tter vidden i kv\u00e4llens tema.<\/p>\n<p>Att se \u00e4ldre personer uttrycka m\u00e4nniskans alla sidor k\u00e4nns befriande och verkligt efterl\u00e4ngtat. Att bli speglad med livets sp\u00e5r i kropp och sj\u00e4l, k\u00e4nns som att tina upp, eller komma ut ur en bubbla. Det \u00e4r som att bli v\u00e4ckt ur en falsk mediedvala. Dansen blir angel\u00e4gen och direkt knuten till oss som ser p\u00e5. <em>In a cage of light<\/em> med sin inramande f\u00f6rfilm \u00e4r i sin \u00e4rlighet, n\u00e5got av det friskaste jag sett framf\u00f6ras p\u00e5 scenen p\u00e5 l\u00e4nge.<\/p>\n","protected":false},"excerpt":{"rendered":"<p>In a cage of light Koreografi och regi Charlotta \u00d6fverholm och Jordi Cortes Medverkande Charlotta \u00d6fverholm , Jordi Cortes, Tobias Hallgren, Lauri Antila Musiker o komposit\u00f6r Lauri Antila Ljusdesign Tobias Hallgren Regi\u00f6ga Carina Nildalen Trapets Jacob Westin Mask Catharina Lundin Kostymdesign Maria Lundqvist Originalid\u00e9 f\u00f6r kostym Linda \u00d6hrn Orionteatern, spelperiod 5 \u2013 9 jan F\u00f6rfilm [&hellip;]<\/p>\n","protected":false},"author":70,"featured_media":0,"comment_status":"closed","ping_status":"closed","sticky":false,"template":"","format":"standard","meta":{"_genesis_hide_title":false,"_genesis_hide_breadcrumbs":false,"_genesis_hide_singular_image":false,"_genesis_hide_footer_widgets":false,"_genesis_custom_body_class":"","_genesis_custom_post_class":"","_genesis_layout":"","footnotes":""},"categories":[13750,16,20,13624],"tags":[1128,4202],"class_list":{"0":"post-148459","1":"post","2":"type-post","3":"status-publish","4":"format-standard","6":"category-dans","7":"category-recension","8":"category-film","9":"category-toppnytt","10":"tag-dans","11":"tag-orionteatern","12":"entry"},"_links":{"self":[{"href":"https:\/\/kulturbloggen.com\/index.php?rest_route=\/wp\/v2\/posts\/148459","targetHints":{"allow":["GET"]}}],"collection":[{"href":"https:\/\/kulturbloggen.com\/index.php?rest_route=\/wp\/v2\/posts"}],"about":[{"href":"https:\/\/kulturbloggen.com\/index.php?rest_route=\/wp\/v2\/types\/post"}],"author":[{"embeddable":true,"href":"https:\/\/kulturbloggen.com\/index.php?rest_route=\/wp\/v2\/users\/70"}],"replies":[{"embeddable":true,"href":"https:\/\/kulturbloggen.com\/index.php?rest_route=%2Fwp%2Fv2%2Fcomments&post=148459"}],"version-history":[{"count":4,"href":"https:\/\/kulturbloggen.com\/index.php?rest_route=\/wp\/v2\/posts\/148459\/revisions"}],"predecessor-version":[{"id":148485,"href":"https:\/\/kulturbloggen.com\/index.php?rest_route=\/wp\/v2\/posts\/148459\/revisions\/148485"}],"wp:attachment":[{"href":"https:\/\/kulturbloggen.com\/index.php?rest_route=%2Fwp%2Fv2%2Fmedia&parent=148459"}],"wp:term":[{"taxonomy":"category","embeddable":true,"href":"https:\/\/kulturbloggen.com\/index.php?rest_route=%2Fwp%2Fv2%2Fcategories&post=148459"},{"taxonomy":"post_tag","embeddable":true,"href":"https:\/\/kulturbloggen.com\/index.php?rest_route=%2Fwp%2Fv2%2Ftags&post=148459"}],"curies":[{"name":"wp","href":"https:\/\/api.w.org\/{rel}","templated":true}]}}