{"id":148386,"date":"2022-01-06T19:51:56","date_gmt":"2022-01-06T17:51:56","guid":{"rendered":"https:\/\/kulturbloggen.com\/?p=148386"},"modified":"2022-01-19T04:56:29","modified_gmt":"2022-01-19T02:56:29","slug":"arets-konserter-2021-utan-rangordning","status":"publish","type":"post","link":"https:\/\/kulturbloggen.com\/?p=148386","title":{"rendered":"\u00c5rets konserter 2021 utan rangordning"},"content":{"rendered":"\n<figure class=\"wp-block-image size-full is-style-default\"><img loading=\"lazy\" decoding=\"async\" width=\"650\" height=\"488\" src=\"https:\/\/kulturbloggen.com\/wp-content\/uploads\/2022\/01\/243141303_10158802141658409_5333003554303653190_n.jpg\" alt=\"\" class=\"wp-image-148387\" srcset=\"https:\/\/kulturbloggen.com\/wp-content\/uploads\/2022\/01\/243141303_10158802141658409_5333003554303653190_n.jpg 650w, https:\/\/kulturbloggen.com\/wp-content\/uploads\/2022\/01\/243141303_10158802141658409_5333003554303653190_n-300x225.jpg 300w\" sizes=\"auto, (max-width: 650px) 100vw, 650px\" \/><figcaption> Med Chad Wackerman (Frank Zappa, Alan Holdsworth) efter konsert i Kungsbacka &#8211;    foto Leif Wivatt                                                  <\/figcaption><\/figure>\n\n\n\n<p>Har inte bem\u00f6dat mig om att skriva \u00e5rskr\u00f6nika \u00f6ver g\u00e5ngna \u00e5ret.  Saknar energin och n\u00f6dv\u00e4ndig koncentration. Men vill \u00e4nd\u00e5 inte avst\u00e5 fr\u00e5n att lista utan rangordning ett antal full\u00e4ndade konserter.  F\u00f6rsta halv\u00e5ret existerade i praktiken inga publika konserter. Pendlade en vecka i somras till Ljungskile och deras sommarjazzvecka. Bevistade b\u00e5de jazzfestivalen i Ystad och Stockholm. Och i mellandagarna bes\u00f6ktes \u00e5nyo Ystad n\u00e4r det var premi\u00e4r f\u00f6r pianofestival med jazziga f\u00f6rtecken. Vidare \u00e4r jag stammis p\u00e5 Unity, varit n\u00e5gra g\u00e5nger p\u00e5 Nefertiti\/Valand och rest med pendelt\u00e5g b\u00e5de till Kungsbacka och Lerum\/ Floda. Sist men definitivt inte minst har jag haft f\u00f6rm\u00e5nen att f\u00f6lja G\u00f6teborg Jazz Orchestra med sina m\u00e5natliga konserter. Listar 50 konserter och \u00e4nd\u00e5 fick en del skapliga tillst\u00e4llningar inte plats. Imponerande mot bakgrund av \u00e4nnu ett \u00e5r drabbat av pandemi, eller hur?<\/p>\n\n\n\n<ul class=\"wp-block-list\"><li>Bill \u00d6hrstr\u00f6ms Blues Into Jazz feat Stefan Nilsson &#8211; Laxbutiken i Ljungskile<\/li><li>Ale M\u00f6llers Xeno Mania (nio personer p\u00e5 scen) &#8211; Derg\u00e5rdsteatern i Lerum<\/li><li>Marialy Pacheco &amp; Rhani Krija &#8211; pianofestival p\u00e5 Ystad Saltsj\u00f6bad<\/li><li>David B\u00e4cks Jazztivoli feat Rubem Farias &#8211; Unity i G\u00f6teborg<\/li><li>Sinne Eeg &amp; Josh Nelson &#8211; Derg\u00e5rdsteatern i Lerum<\/li><li>Karl Martin Almqvist 4 &#8211; Unity i G\u00f6teborg<\/li><li>Iiro Rantala &#8211; pianofestival p\u00e5 Ystad Saltsj\u00f6bad<\/li><li>Carl Verheyen Band med Chad Wackerman o Alphonso Johnson &#8211; Rest. Ester I Kungsbacka<\/li><li>Mats Holmqvists Stora Stygga (Chick Corea-tribute) &#8211; Kulturhuset \/ Sthlm Jazzfestival<\/li><li>Music Music Music &#8211; Unity i G\u00f6teborg<\/li><li><\/li><li><\/li><li>Bl\u00e5sarsymfonikerna med Josef Karneb\u00e4ck och Margareta Bengtsson &#8211; Musikaliska Akademin \/ Sthlm Jazzfestival<\/li><li>Kathrine Windfeld med Bohusl\u00e4n Big Band &#8211; Nefertiti\/ Valand i G\u00f6teborg<\/li><li>Nick B\u00e4rtsch &#8211; pianofestival p\u00e5 Ystad Teater<\/li><li>Hildegunn \u00d6iseth feat Marylin Mazur &#8211; Derg\u00e5rdsteatern i Lerum<\/li><li>G\u00f6teborg Jazz Orchestra med Tomas von Br\u00f6mssen &#8211; Nefertiti\/ Valand i G\u00f6teborg (+ fler konserter med GJO)<\/li><li>Britta Virves trio &#8211; Unity i G\u00f6teborg<\/li><li>G\u00f6teborgs Kammark\u00f6r och instrumentalister med dirigent Gunnar Eriksson &#8211; Equmeniakyrkan i Lerum<\/li><li>Mikael Ramel Band &#8211; Nefertiti\/ Valand i G\u00f6teborg<\/li><li>Lars Jansson trio med Erik S\u00f6derlind &#8211; Lazbutiken i Ljungskile<\/li><li>P\u00e5l Nyberg Ensemble &#8211; Nefertiti\/ Valand i G\u00f6teborg<\/li><li><\/li><li><\/li><li>Jan Lundgren med Mattias Svensson plus str\u00e5kkvartett spelar Jan Johansson &#8211; pianofestival p\u00e5 Ystad Teater<\/li><li>The Houseband under ledning av Eric Liftig feat Samuel Olsson &#8211; Unity i G\u00f6teborg<\/li><li>Ida Gillner solopiano &#8211; Gathenhielmska huset i G\u00f6teborg<\/li><li>Cecilia Sanchietti och hennes svenska band &#8211; Unity i G\u00f6teborg<\/li><li>Vivian Buczek feat Seamus Blake &#8211; Ystad Saltsj\u00f6bad (Jazzfestival)<\/li><li>Jan Lundgren\/ Lars Danielsson\/ Emile Parisien &#8211; Ystad Teater (jazzfestival)<\/li><li>Fredrik Kronkvist trio med Martin Sj\u00f6stedt &amp; Adam Ross &#8211; Unity i G\u00f6teborg<\/li><li>Cecilia Persson &amp; Cennet J\u00f6nsson project &#8211; Ystad Saltsj\u00f6bad (jazzfestival)<\/li><li>Jan Lundgren &amp; Georg Riedel &#8211; Ystad Teater (Jazzfestival)<\/li><li>Backa Musikernas jubileumskonsert &#8211; Backa Teater p\u00e5 Hisingen<\/li><li><\/li><li><\/li><li>Magnus D\u00f6lerud\/ Martin Svanstr\u00f6m &#8211; Unity i G\u00f6teborg<\/li><li>Caecilie Norby\u00b4s Jazzy Christmas &#8211; Stora Teatern i G\u00f6teborg<\/li><li>Amanda Andreas &amp; Erik Bj\u00f6rksten &#8211; Cr\u00eape et Ciel i M\u00f6lnlycke<\/li><li>Johanna Summer &#8211; pianofestival p\u00e5 Ystad Teater<\/li><li>Mattias Nilsson spelar Lars Gullin &#8211; Domkyrkan i G\u00f6teborg<\/li><li>Yammandu Costa &#8211; Ystad Teater (Jazzfestival)<\/li><li>Trees of Light (Jormin\/ Willemark\/ Nakagawa &#8211; S:ta Maria Kyrka i Ystad (Jazzfestival)<\/li><li>SOFIA 4 feat Nicole Joh\u00e4nntgen &#8211; Saluhallen i Ystad (Jazzfestival)<\/li><li>\u00c4nglaspel &#8211; Laxbutiken i Ljungskile<\/li><li>Anders Boson Jazz Ensemble &#8211; FOLK i G\u00f6teborg<\/li><li><\/li><\/ul>\n\n\n\n<ul class=\"wp-block-list\"><li>Tobias Grim\/ Magnus Bergstr\u00f6m &#8211; Domkyrkan i G\u00f6teborg<\/li><li>The Groove -Skeppet i G\u00f6teborg (invigningskonsert)<\/li><li>Thomas Backman band &#8211; Katakomberna i M\u00f6lndal<\/li><li>Joona Toivanen &#8211; Johan Bj\u00f6rklund &#8211; Thomas Markusson &#8211; Hagakyrkan i G\u00f6teborg<\/li><li>Anna Lundqvist\/ Fabian Kallerdahl &#8211; Sockerbruket i Klippan, G\u00f6teborg <\/li><li>Hans Olding trio &#8211; Twang p\u00e5 S\u00f6dermalm<\/li><li>Ceacilie Norby &amp; Lars Danielsson med Blue Haeven Big Band &#8211; Derg\u00e5rdsteatern i Lerum<\/li><li>Nynningen 50 \u00e5r &#8211; Pustervik i G\u00f6teborg<\/li><li>Courtney Marie Andrews &#8211; Pustervik i G\u00f6teborg<\/li><li>Helene Salim med Britta Virves trio &#8211; Oceanen i G\u00f6teborg <\/li><\/ul>\n\n\n\n<figure class=\"wp-block-image size-full is-style-default\"><img loading=\"lazy\" decoding=\"async\" width=\"641\" height=\"650\" src=\"https:\/\/kulturbloggen.com\/wp-content\/uploads\/2022\/01\/253684058_4535908926485951_2043339895589293367_n.jpg\" alt=\"\" class=\"wp-image-148494\" srcset=\"https:\/\/kulturbloggen.com\/wp-content\/uploads\/2022\/01\/253684058_4535908926485951_2043339895589293367_n.jpg 641w, https:\/\/kulturbloggen.com\/wp-content\/uploads\/2022\/01\/253684058_4535908926485951_2043339895589293367_n-296x300.jpg 296w\" sizes=\"auto, (max-width: 641px) 100vw, 641px\" \/><figcaption>Josh Nelson &amp; Sinne Eeg i Lerum &#8211; foto Christer \u00c5kerlund                                                         <\/figcaption><\/figure>\n\n\n\n<p>obs Bobhund musikal som g\u00e4stspelade p\u00e5 Stora Teatern i b\u00f6r klassificeras som just musikal.  Ing\u00e5r d\u00e4rf\u00f6r i min sammanst\u00e4llning. Samma sak med prisade Beatles-uttolkarna Pepperlands lysande upps\u00e4ttning Yeah Yeah Yeah p\u00e5 G\u00f6teborgs Stadsteater<\/p>\n","protected":false},"excerpt":{"rendered":"<p>Har inte bem\u00f6dat mig om att skriva \u00e5rskr\u00f6nika \u00f6ver g\u00e5ngna \u00e5ret. Saknar energin och n\u00f6dv\u00e4ndig koncentration. Men vill \u00e4nd\u00e5 inte avst\u00e5 fr\u00e5n att lista utan rangordning ett antal full\u00e4ndade konserter. F\u00f6rsta halv\u00e5ret existerade i praktiken inga publika konserter. Pendlade en vecka i somras till Ljungskile och deras sommarjazzvecka. Bevistade b\u00e5de jazzfestivalen i Ystad och Stockholm. [&hellip;]<\/p>\n","protected":false},"author":34,"featured_media":0,"comment_status":"closed","ping_status":"closed","sticky":false,"template":"","format":"standard","meta":{"_genesis_hide_title":false,"_genesis_hide_breadcrumbs":false,"_genesis_hide_singular_image":false,"_genesis_hide_footer_widgets":false,"_genesis_custom_body_class":"","_genesis_custom_post_class":"","_genesis_layout":"","footnotes":""},"categories":[7],"tags":[],"class_list":{"0":"post-148386","1":"post","2":"type-post","3":"status-publish","4":"format-standard","6":"category-musik","7":"entry"},"_links":{"self":[{"href":"https:\/\/kulturbloggen.com\/index.php?rest_route=\/wp\/v2\/posts\/148386","targetHints":{"allow":["GET"]}}],"collection":[{"href":"https:\/\/kulturbloggen.com\/index.php?rest_route=\/wp\/v2\/posts"}],"about":[{"href":"https:\/\/kulturbloggen.com\/index.php?rest_route=\/wp\/v2\/types\/post"}],"author":[{"embeddable":true,"href":"https:\/\/kulturbloggen.com\/index.php?rest_route=\/wp\/v2\/users\/34"}],"replies":[{"embeddable":true,"href":"https:\/\/kulturbloggen.com\/index.php?rest_route=%2Fwp%2Fv2%2Fcomments&post=148386"}],"version-history":[{"count":13,"href":"https:\/\/kulturbloggen.com\/index.php?rest_route=\/wp\/v2\/posts\/148386\/revisions"}],"predecessor-version":[{"id":149009,"href":"https:\/\/kulturbloggen.com\/index.php?rest_route=\/wp\/v2\/posts\/148386\/revisions\/149009"}],"wp:attachment":[{"href":"https:\/\/kulturbloggen.com\/index.php?rest_route=%2Fwp%2Fv2%2Fmedia&parent=148386"}],"wp:term":[{"taxonomy":"category","embeddable":true,"href":"https:\/\/kulturbloggen.com\/index.php?rest_route=%2Fwp%2Fv2%2Fcategories&post=148386"},{"taxonomy":"post_tag","embeddable":true,"href":"https:\/\/kulturbloggen.com\/index.php?rest_route=%2Fwp%2Fv2%2Ftags&post=148386"}],"curies":[{"name":"wp","href":"https:\/\/api.w.org\/{rel}","templated":true}]}}