{"id":148175,"date":"2021-12-28T16:29:13","date_gmt":"2021-12-28T14:29:13","guid":{"rendered":"https:\/\/kulturbloggen.com\/?p=148175"},"modified":"2021-12-28T16:29:14","modified_gmt":"2021-12-28T14:29:14","slug":"har-ar-2021-ars-nyordslista","status":"publish","type":"post","link":"https:\/\/kulturbloggen.com\/?p=148175","title":{"rendered":"H\u00e4r \u00e4r 2021 \u00e5rs nyordslista"},"content":{"rendered":"<p>Lever du i en coronabubbla?<br \/>\ncoronabubbla = tillst\u00e5nd d\u00e4r umg\u00e4nge med utomst\u00e5ende \u00e4r begr\u00e4nsat f\u00f6r att f\u00f6rhindra smittspridning av coronaviruset<\/p>\n<p>Eller har du skaffat en coronahund, det vill s\u00e4ga en hund som skaffats som husdjur under coronapandemin.<\/p>\n<p>Coronapandemin fortsatte att pr\u00e4gla b\u00e5de samh\u00e4llet och spr\u00e5ket under 2021. N\u00e4stan h\u00e4lften av orden p\u00e5 Spr\u00e5k\u00adtidningens och Spr\u00e5kr\u00e5dets \u00e5rliga nyordslista har anknytning till pandemin. Flera av orden beskriver hur vi hanterar en ny vardag.<\/p>\n<p>Ett pressmeddelande ber\u00e4ttar:<br \/>\n\u2013 Pandemin kommer att ge avtryck b\u00e5de i spr\u00e5ket och tillvaron \u00e4ven i framtiden. Vi l\u00e4r f\u00e5 v\u00e4nja oss vid hybridm\u00f6ten, allts\u00e5 m\u00f6ten som \u00e4r b\u00e5de fysiska och digitala, med efterf\u00f6ljande zoomtr\u00f6tthet. Och de som definitivt \u00e4r h\u00e4r f\u00f6r att stanna \u00e4r alla de coronahundar vi skaffat det senaste \u00e5ret, s\u00e4ger Ola Karlsson, nyordsredakt\u00f6r p\u00e5 Spr\u00e5kr\u00e5det.<\/p>\n<p>Flera nyord kan ocks\u00e5 kopplas till v\u00e4gen ut ur pandemin. Vaccineringen mot coronaviruset har till exempel gett upphov till nyord som vaccinnationalism och vaccinpass. De l\u00e5ngvariga konsekvenserna av covid-19 ger \u00e4ven de avtryck i spr\u00e5ket.<\/p>\n<p>\u2013 Vissa upplever fono, fear of normal, en r\u00e4dsla f\u00f6r en \u00e5terg\u00e5ng till ett vanligt liv. Personer som har insjuknat i covid-19 drabbas ibland av postcovid samtidigt som v\u00e5rdanst\u00e4llda och andra kan f\u00e5 maskne, hudbesv\u00e4r som finnar, till f\u00f6ljd av att de har varit tvungna att \u00adanv\u00e4nda munskydd eller visir, s\u00e4ger Anders Svensson, nyordsredakt\u00f6r p\u00e5 Spr\u00e5ktidningen.<\/p>\n<p>Klimatfr\u00e5gan forts\u00e4tter \u00e4ven den att f\u00e4rga spr\u00e5ket. P\u00e5 \u00e5rets lista m\u00e4rks bland annat svinnl\u00e5da, tippningspunkt och nettonollm\u00e5l. \u00adDebatten om g\u00e4ngkriminalitet gjorde att det b\u00f6rjade talas om gangfluencers, personer som glorifierar en kriminell livsstil i sociala \u00admedier. Teknikutvecklingen bidrar st\u00e4ndigt till infl\u00f6det av nyord. I \u00e5r finns bland annat metaversum, kryptokonst och ljushare p\u00e5 listan.<\/p>\n<p>Nyordslistan inneh\u00e5ller 36 ord som har myntats eller blivit vanligare under \u00e5ret. Alla ord \u00e4r inte helt nya. Att de finns med i listan beror p\u00e5 att de har blivit vanligare under 2021. Orden i listan s\u00e4ger n\u00e5got b\u00e5de om det g\u00e5ngna \u00e5ret och om spr\u00e5kliga trender. De visar aktuella ord och m\u00f6nster f\u00f6r hur nya ord bildas i svenskan.<\/p>\n<p><a href=\"https:\/\/spraktidningen.se\/2021\/12\/har-ar-arets-nyordsdos\/\">H\u00e4r hittar du hela nyordslistan.<\/a><\/p>\n","protected":false},"excerpt":{"rendered":"<p>Lever du i en coronabubbla? coronabubbla = tillst\u00e5nd d\u00e4r umg\u00e4nge med utomst\u00e5ende \u00e4r begr\u00e4nsat f\u00f6r att f\u00f6rhindra smittspridning av coronaviruset Eller har du skaffat en coronahund, det vill s\u00e4ga en hund som skaffats som husdjur under coronapandemin. Coronapandemin fortsatte att pr\u00e4gla b\u00e5de samh\u00e4llet och spr\u00e5ket under 2021. N\u00e4stan h\u00e4lften av orden p\u00e5 Spr\u00e5k\u00adtidningens och Spr\u00e5kr\u00e5dets [&hellip;]<\/p>\n","protected":false},"author":13,"featured_media":0,"comment_status":"closed","ping_status":"closed","sticky":false,"template":"","format":"standard","meta":{"_genesis_hide_title":false,"_genesis_hide_breadcrumbs":false,"_genesis_hide_singular_image":false,"_genesis_hide_footer_widgets":false,"_genesis_custom_body_class":"","_genesis_custom_post_class":"","_genesis_layout":"","footnotes":""},"categories":[62],"tags":[],"class_list":{"0":"post-148175","1":"post","2":"type-post","3":"status-publish","4":"format-standard","6":"category-medie-och-kulturpolitik","7":"entry"},"_links":{"self":[{"href":"https:\/\/kulturbloggen.com\/index.php?rest_route=\/wp\/v2\/posts\/148175","targetHints":{"allow":["GET"]}}],"collection":[{"href":"https:\/\/kulturbloggen.com\/index.php?rest_route=\/wp\/v2\/posts"}],"about":[{"href":"https:\/\/kulturbloggen.com\/index.php?rest_route=\/wp\/v2\/types\/post"}],"author":[{"embeddable":true,"href":"https:\/\/kulturbloggen.com\/index.php?rest_route=\/wp\/v2\/users\/13"}],"replies":[{"embeddable":true,"href":"https:\/\/kulturbloggen.com\/index.php?rest_route=%2Fwp%2Fv2%2Fcomments&post=148175"}],"version-history":[{"count":5,"href":"https:\/\/kulturbloggen.com\/index.php?rest_route=\/wp\/v2\/posts\/148175\/revisions"}],"predecessor-version":[{"id":148182,"href":"https:\/\/kulturbloggen.com\/index.php?rest_route=\/wp\/v2\/posts\/148175\/revisions\/148182"}],"wp:attachment":[{"href":"https:\/\/kulturbloggen.com\/index.php?rest_route=%2Fwp%2Fv2%2Fmedia&parent=148175"}],"wp:term":[{"taxonomy":"category","embeddable":true,"href":"https:\/\/kulturbloggen.com\/index.php?rest_route=%2Fwp%2Fv2%2Fcategories&post=148175"},{"taxonomy":"post_tag","embeddable":true,"href":"https:\/\/kulturbloggen.com\/index.php?rest_route=%2Fwp%2Fv2%2Ftags&post=148175"}],"curies":[{"name":"wp","href":"https:\/\/api.w.org\/{rel}","templated":true}]}}