{"id":148069,"date":"2021-12-21T20:27:36","date_gmt":"2021-12-21T18:27:36","guid":{"rendered":"https:\/\/kulturbloggen.com\/?p=148069"},"modified":"2021-12-21T21:07:37","modified_gmt":"2021-12-21T19:07:37","slug":"skonhet-och-spanning-i-magnifik-julkonsert-goteborgs-kammarkor-med-instrumentalister-i-lerum","status":"publish","type":"post","link":"https:\/\/kulturbloggen.com\/?p=148069","title":{"rendered":"Sk\u00f6nhet och sp\u00e4nning i magnifik julkonsert &#8211; G\u00f6teborgs kammark\u00f6r med instrumentalister i Lerum"},"content":{"rendered":"\n<figure class=\"wp-block-image size-full is-style-default\"><img loading=\"lazy\" decoding=\"async\" width=\"650\" height=\"433\" src=\"https:\/\/kulturbloggen.com\/wp-content\/uploads\/2021\/12\/268954287_4681961675214008_1576415641873302261_n.jpg\" alt=\"\" class=\"wp-image-148072\" srcset=\"https:\/\/kulturbloggen.com\/wp-content\/uploads\/2021\/12\/268954287_4681961675214008_1576415641873302261_n.jpg 650w, https:\/\/kulturbloggen.com\/wp-content\/uploads\/2021\/12\/268954287_4681961675214008_1576415641873302261_n-300x200.jpg 300w\" sizes=\"auto, (max-width: 650px) 100vw, 650px\" \/><figcaption>foto Christer \u00c5kerlund                                        <\/figcaption><\/figure>\n\n\n\n<p>19\/12 2021<\/p>\n\n\n\n<p>Equmeniakyrkan i Lerum<\/p>\n\n\n\n<p>Arrang\u00f6r: Musik i Lerum och Lerums Kommun<\/p>\n\n\n\n<p>F\u00f6rsta g\u00e5ngen jag bes\u00f6ker kyrkan bel\u00e4gen mitt i samh\u00e4llet. Den \u00e4r v\u00e4lfylld, om \u00e4n  inte till sista plats n\u00e4r G\u00f6teborgs kammark\u00f6r st\u00e5r p\u00e5 scen under ledning av the one and only Gunnar Eriksson. Vid sidan om dem huserar en kvartett jazzbetonade instrumentalister, varav n\u00e5gra ofta \u00e4r med i dylika sammanhang. Syftar p\u00e5 Harald Svensson (&#8221;varit med sedan urminnes tider&#8221;) vid flygeln och i viss m\u00e5n Magnus Bergstr\u00f6m p\u00e5 sin v\u00e4lljudande kontrabas. De kompletteras med ungdomlig friskhet av Maria Dahlin bakom sitt trumset och med  stimulerande gr\u00e4ns\u00f6verskridande perspektiv fr\u00e5n garvade G\u00f6ran Klinghagen p\u00e5 kl\u00f6sig  elgitarr. Repertoaren var enligt underfundigt k\u00e5serande maestro Eriksson, vald f\u00f6r att s\u00e5ngerna st\u00e5tt sig i hundratals \u00e5r. Sj\u00e4lvklart f\u00f6rekom undantag (till och med ny komposition), men detta var onekligen huvudprincipen.<\/p>\n\n\n\n<p>Fantastiskt att Gunnar Eriksson \u00e4r still going strong. Inte utan att man baxnar av att l\u00e4sa professorns meritf\u00f6rteckning. Hundratals k\u00f6rarrangemang, ett tjogtal skivor, bildandet av s\u00e5v\u00e4l G\u00f6teborgs kammark\u00f6r som Rilkeensemblen och undervisning i landets mesta prominenta l\u00e4ros\u00e4ten vad betr\u00e4ffar musikutbildning. Att 85-\u00e5ringen numera nickar till av bekr\u00e4ftelse n\u00e4r han ser mig, k\u00e4nns hedrande f\u00f6r n\u00e5gon som i j\u00e4mf\u00f6relse m\u00e5ste betraktas som oansenlig, helt i avsaknad av musikaliskt kunnande. \u00c4nd\u00e5 var jag p\u00e5 plats f\u00f6r att skriva om f\u00f6rmedlade jubelpr\u00e4glade toner, vilka gjorde publiken salig, var och och p\u00e5 sitt vis.<\/p>\n\n\n\n<figure class=\"wp-block-image size-full is-style-default\"><img loading=\"lazy\" decoding=\"async\" width=\"650\" height=\"487\" src=\"https:\/\/kulturbloggen.com\/wp-content\/uploads\/2021\/12\/269703733_4681961878547321_6134895165906872523_n.jpg\" alt=\"\" class=\"wp-image-148074\" srcset=\"https:\/\/kulturbloggen.com\/wp-content\/uploads\/2021\/12\/269703733_4681961878547321_6134895165906872523_n.jpg 650w, https:\/\/kulturbloggen.com\/wp-content\/uploads\/2021\/12\/269703733_4681961878547321_6134895165906872523_n-300x225.jpg 300w\" sizes=\"auto, (max-width: 650px) 100vw, 650px\" \/><figcaption>foto Christer \u00c5kerlund                                             <\/figcaption><\/figure>\n\n\n\n<p> Kyrkokonserten f\u00f6rlagd till 4:e advent blev den sista och artonde i ordningen som Musik i Lerum arrangerade under innevarande \u00e5r. Arrang\u00f6rerna har f\u00e5tt medel f\u00f6r att spela in sin publika verksamhet, s\u00e5ledes ocks\u00e5 detta program. Det \u00e4r s\u00e4llsynt att man f\u00f6rl\u00e4gger evenemang till Equmeniakyrkan vars akustik \u00e4r till f\u00f6rdel f\u00f6r k\u00f6rmusik.<\/p>\n\n\n\n<p> D\u00e4remot \u00e4r ett problem att trumljudet riskerar bli f\u00f6r h\u00e5rt och orsaka obalans, varf\u00f6r det ska framh\u00e5llas att Maria Dahlin genomg\u00e5ende spelar med vispar, alternativt filtklubbor. F\u00f6re paus uppst\u00e5r i en sekvens  h\u00e4pnadsv\u00e4ckande metallisk klang p\u00e5minnande om steel pans. Den \u00e5stadkoms genom att spela p\u00e5 pukor och kanske virveltrumma med h\u00e4nder. Kan avsl\u00f6ja redan nu att jag blev v\u00e4ldigt f\u00f6rtjust i den kvinnliga trumslagarens p\u00e5drivande rytmer, s\u00e5 smidigt infogade i helheten.  <\/p>\n\n\n\n<figure class=\"wp-block-image size-full is-style-default\"><img loading=\"lazy\" decoding=\"async\" width=\"650\" height=\"433\" src=\"https:\/\/kulturbloggen.com\/wp-content\/uploads\/2021\/12\/269303218_4681961965213979_7603929842248346897_n.jpg\" alt=\"\" class=\"wp-image-148076\" srcset=\"https:\/\/kulturbloggen.com\/wp-content\/uploads\/2021\/12\/269303218_4681961965213979_7603929842248346897_n.jpg 650w, https:\/\/kulturbloggen.com\/wp-content\/uploads\/2021\/12\/269303218_4681961965213979_7603929842248346897_n-300x200.jpg 300w\" sizes=\"auto, (max-width: 650px) 100vw, 650px\" \/><figcaption>foto Christer \u00c5kerlund                                        <\/figcaption><\/figure>\n\n\n\n<p>K\u00f6rmusik har alltid haft speciell dragningskraft p\u00e5 mig, \u00e4ven n\u00e4r den  \u00e4r traditionellt utformad. P\u00e5 scen syns tjugo s\u00e5ngare, varav \u00e5tta m\u00e4n. Man b\u00f6rjar i mixad formation- \u00d6vergick sedan till att m\u00e4nnen st\u00e4llde sig i mitten. Antar att de representerades av basar, baryton och tenorer. Rubriken p\u00e5 konserten l\u00f6d &#8221;Miles From Betlehem&#8221;.  Titeln ska mer indikera konstn\u00e4rlig frihet \u00e4n ett f\u00f6rh\u00e5llande till Miles Davis. B\u00e4gge akter inleds med introducerande k\u00e5seri av lika imposanta som env\u00e4ldige k\u00f6rledaren. I \u00f6vrigt inga presentationer, vilket fungerade ypperligt. <\/p>\n\n\n\n<p>Julpsalmen <em>Det \u00e4r en ros utsprungen <\/em>i arr av Michael Praetorius 1609 inleder.  Infallsrik musik av ov\u00e4ntat unders\u00f6kande natur. Efterhand etableras mer f\u00f6ljsamma tong\u00e5ngar, delvis i en anda av kammarjazz  av yppersta snitt. L\u00e5ter f\u00f6ga f\u00f6rv\u00e5nande v\u00e4ldigt vackert och st\u00e4mningsfullt n\u00e4r k\u00f6rens  st\u00e4mmor fl\u00e4tas samman. Vill dock h\u00e4vda att den anrika tjugoh\u00f6vdade k\u00f6ren och kvartetten rotad i jazziga uttryck mestadels g\u00f6r sin grej. De glider ihop ibland,  fusioneras  flera g\u00e5nger underbart anf\u00f6rda av Harald Svensson. Men i \u00e5tskilliga sekvenser vistas de i separata, samexisterande genrer d\u00e4r de m\u00f6jligen p\u00e5verkar varandra. Vi f\u00e5r veta att Svensson och Gunnar Eriksson delat p\u00e5 sysslan att arrangera.<\/p>\n\n\n\n<figure class=\"wp-block-image size-full is-style-default\"><img loading=\"lazy\" decoding=\"async\" width=\"650\" height=\"433\" src=\"https:\/\/kulturbloggen.com\/wp-content\/uploads\/2021\/12\/267996449_4681962031880639_5178343206539829606_n.jpg\" alt=\"\" class=\"wp-image-148077\" srcset=\"https:\/\/kulturbloggen.com\/wp-content\/uploads\/2021\/12\/267996449_4681962031880639_5178343206539829606_n.jpg 650w, https:\/\/kulturbloggen.com\/wp-content\/uploads\/2021\/12\/267996449_4681962031880639_5178343206539829606_n-300x200.jpg 300w\" sizes=\"auto, (max-width: 650px) 100vw, 650px\" \/><figcaption>foto Christer \u00c5kerlund     <br>                                      <\/figcaption><\/figure>\n\n\n\n<p>I stycke nummer tv\u00e5, ett suggestivt s\u00e5dant, tilldelas G\u00f6ran Klinghagen solistutrymme. Groove uppst\u00e5r n\u00e4r rytmsektion ansluter. Noterar superb klang i f\u00f6red\u00f6mlig akustik. I vad som b\u00f6r vara psalmerna <em>Du signade dag <\/em>respektive <em>Nu t\u00e4ndas tusen juleljus<\/em> exponeras G\u00f6teborgs kammark\u00f6rs hisnande kapacitet . I mina anteckningar st\u00e5r att gitarrist Klinghagen levererar sitt andra glimmande solo medan  Dahlin ledigt agerar rytml\u00e4ggare i h\u00f6gt tempo. Gitarristen som dj\u00e4rvt t\u00f6jer p\u00e5 ramarna, f\u00e5r anledning att subtilt riffa. I detta fascinerande intervall h\u00e4ngde den vokala sluttonen sublimt i luften.<\/p>\n\n\n\n<p>N\u00e5gonstans i f\u00f6rsta akten f\u00f6rekommer storartade tolkningar av <em>Kristallen den fina <\/em>och <em>Ave Maria. <\/em>Dessutom spinner kvartetten loss i ett original av G\u00f6ran Klinghagen, f\u00f6r enkelhets skull d\u00f6pt till <em>God jul. <\/em>Oj, vilket makal\u00f6st samspel! Registrerar sprittande rytm och beundransv\u00e4rd virtuositet fr\u00e5n samtliga. Borde ha efterforskat om det r\u00f6rde sig om ett uruppf\u00f6rande.<\/p>\n\n\n\n<figure class=\"wp-block-image size-full is-style-default\"><img loading=\"lazy\" decoding=\"async\" width=\"650\" height=\"570\" src=\"https:\/\/kulturbloggen.com\/wp-content\/uploads\/2021\/12\/268965771_4681961335214042_3763468862532048439_n.jpg\" alt=\"\" class=\"wp-image-148080\" srcset=\"https:\/\/kulturbloggen.com\/wp-content\/uploads\/2021\/12\/268965771_4681961335214042_3763468862532048439_n.jpg 650w, https:\/\/kulturbloggen.com\/wp-content\/uploads\/2021\/12\/268965771_4681961335214042_3763468862532048439_n-300x263.jpg 300w\" sizes=\"auto, (max-width: 650px) 100vw, 650px\" \/><figcaption>foto Christer \u00c5kerlund                                          <\/figcaption><\/figure>\n\n\n\n<p>I pausen bjuds p\u00e5 fika i form av gl\u00f6gg och pepparkaka, l\u00e4mpligt nog.  Gener\u00f6sa swishade arrang\u00f6ren valfritt belopp &#8221;Andra set&#8221; startar med <em>A Child Is Born <\/em>(Thad Jones) i arrangemang av Harald Svensson. Vill flika in att musikern med anor fr\u00e5n 70-talets Egba, Eje Thelin och Peps, ser jag oftast numera n\u00e4rvara som publik. D\u00e4rf\u00f6r trevligt att kunna konstatera vilken lysande musiker han \u00e4r i s\u00e5dant h\u00e4r, p\u00e5 samma g\u00e5ng pampigt och avskalat format, utan extra elektronik. En kvinna ur k\u00f6ren sj\u00f6ng solost\u00e4mma fint p\u00e5 tv\u00e5 inledande stycken, medan vad jag tippar \u00e4r en mezzosopran drillar. F\u00e4ster mig vid  ljuvlig melodi av dr\u00f6jande natur. En Christmas Carol med b\u00f6ljande drag interfolieras av musikernas ackompanjemang. Ovan n\u00e4mnde pianist \u00e4r h\u00e4r i sitt esse. Flow uppn\u00e5s! <\/p>\n\n\n\n<p>I en annan Christmas Carol mixas spr\u00e5k. Gladlynta melodin  <em>Joy To The World <\/em>sj\u00f6ngs ocks\u00e5 p\u00e5 tyska, kanske ocks\u00e5 latin. Klinghagen briljerar med innovativa ackordf\u00f6ljder. I ett par sekvenser stiger naturlig gl\u00e4dje fram. Himmelska harmonier h\u00f6rs fr\u00e5n k\u00f6ren bildad 1963. Lycklig \u00f6ver att f\u00e5 vara med om denna s\u00e4llsamma stund. Utan att sk\u00e4rande kontrast uppenbarar sig, infogas av musikerna ett avsnitt  cool jazz. <\/p>\n\n\n\n<p> <\/p>\n\n\n\n<figure class=\"wp-block-image size-full is-style-default\"><img loading=\"lazy\" decoding=\"async\" width=\"650\" height=\"433\" src=\"https:\/\/kulturbloggen.com\/wp-content\/uploads\/2021\/12\/268481376_4681961401880702_1277524082500470669_n.jpg\" alt=\"\" class=\"wp-image-148085\" srcset=\"https:\/\/kulturbloggen.com\/wp-content\/uploads\/2021\/12\/268481376_4681961401880702_1277524082500470669_n.jpg 650w, https:\/\/kulturbloggen.com\/wp-content\/uploads\/2021\/12\/268481376_4681961401880702_1277524082500470669_n-300x200.jpg 300w\" sizes=\"auto, (max-width: 650px) 100vw, 650px\" \/><figcaption>foto Christer \u00c5kerlund                                             <\/figcaption><\/figure>\n\n\n\n<p>  Till finalnummer har Edvard Evers <em>Jul, jul, str\u00e5lande jul <\/em>utsetts. En \u00e4kta juls\u00e5ng vi inte undg\u00e5r att bli r\u00f6rda utav, vars stick tas om hand utomordentligt ink\u00e4nnande av Magnus Bergstr\u00f6m p\u00e5 basfiol. Trots att de s\u00e4kert hade spelat och sjungit i uppemot tv\u00e5 timmar &#8211; inklusive inlagd paus samt Gunnar Erikssons lika upplysande som muntert h\u00e5llna anf\u00f6randen &#8211; \u00f6nskade sig entusiastisk publik ett extranummer. \u00d6nskan infriades.  Blev \u00f6msinta balladen <em>Lugnet f\u00f6re julen<\/em>, ett alster som efter research visar vara tillverkat av familjen. Det vill s\u00e4ga musik gjord av sonen Mats Eriksson (f\u00f6rn\u00e4mlig gitarrist),, text av hustrun Anita Eriksson medan maestro Gunnar \u00e4r ansvarig f\u00f6r arrangemang.  <\/p>\n\n\n\n<p>Av l\u00e4tt insedda sk\u00e4l kan man sannerligen p\u00e5st\u00e5 att vi var med om julmusik n\u00e4r den \u00e4r som b\u00e4st, miltals ifr\u00e5n urvattnade upplagor. Och blandningen av extatiskt fyrverkeri och lyrisk kontemplation m\u00e5ste betecknas som fantastisk.<\/p>\n","protected":false},"excerpt":{"rendered":"<p>19\/12 2021 Equmeniakyrkan i Lerum Arrang\u00f6r: Musik i Lerum och Lerums Kommun F\u00f6rsta g\u00e5ngen jag bes\u00f6ker kyrkan bel\u00e4gen mitt i samh\u00e4llet. Den \u00e4r v\u00e4lfylld, om \u00e4n inte till sista plats n\u00e4r G\u00f6teborgs kammark\u00f6r st\u00e5r p\u00e5 scen under ledning av the one and only Gunnar Eriksson. Vid sidan om dem huserar en kvartett jazzbetonade instrumentalister, varav [&hellip;]<\/p>\n","protected":false},"author":34,"featured_media":0,"comment_status":"closed","ping_status":"closed","sticky":false,"template":"","format":"standard","meta":{"_genesis_hide_title":false,"_genesis_hide_breadcrumbs":false,"_genesis_hide_singular_image":false,"_genesis_hide_footer_widgets":false,"_genesis_custom_body_class":"","_genesis_custom_post_class":"","_genesis_layout":"","footnotes":""},"categories":[7,16,20],"tags":[],"class_list":{"0":"post-148069","1":"post","2":"type-post","3":"status-publish","4":"format-standard","6":"category-musik","7":"category-recension","8":"category-film","9":"entry"},"_links":{"self":[{"href":"https:\/\/kulturbloggen.com\/index.php?rest_route=\/wp\/v2\/posts\/148069","targetHints":{"allow":["GET"]}}],"collection":[{"href":"https:\/\/kulturbloggen.com\/index.php?rest_route=\/wp\/v2\/posts"}],"about":[{"href":"https:\/\/kulturbloggen.com\/index.php?rest_route=\/wp\/v2\/types\/post"}],"author":[{"embeddable":true,"href":"https:\/\/kulturbloggen.com\/index.php?rest_route=\/wp\/v2\/users\/34"}],"replies":[{"embeddable":true,"href":"https:\/\/kulturbloggen.com\/index.php?rest_route=%2Fwp%2Fv2%2Fcomments&post=148069"}],"version-history":[{"count":13,"href":"https:\/\/kulturbloggen.com\/index.php?rest_route=\/wp\/v2\/posts\/148069\/revisions"}],"predecessor-version":[{"id":148091,"href":"https:\/\/kulturbloggen.com\/index.php?rest_route=\/wp\/v2\/posts\/148069\/revisions\/148091"}],"wp:attachment":[{"href":"https:\/\/kulturbloggen.com\/index.php?rest_route=%2Fwp%2Fv2%2Fmedia&parent=148069"}],"wp:term":[{"taxonomy":"category","embeddable":true,"href":"https:\/\/kulturbloggen.com\/index.php?rest_route=%2Fwp%2Fv2%2Fcategories&post=148069"},{"taxonomy":"post_tag","embeddable":true,"href":"https:\/\/kulturbloggen.com\/index.php?rest_route=%2Fwp%2Fv2%2Ftags&post=148069"}],"curies":[{"name":"wp","href":"https:\/\/api.w.org\/{rel}","templated":true}]}}