{"id":14789,"date":"2009-11-08T11:58:22","date_gmt":"2009-11-08T10:58:22","guid":{"rendered":"http:\/\/kulturbloggen.com\/?p=14789"},"modified":"2009-11-08T11:58:22","modified_gmt":"2009-11-08T10:58:22","slug":"obama-pa-twitter-i-natt-health-care-reform-passes-220-to-215","status":"publish","type":"post","link":"https:\/\/kulturbloggen.com\/?p=14789","title":{"rendered":"Obama p\u00e5 Twitter i natt: Health Care Reform Passes!!! 220 to 215"},"content":{"rendered":"<p><img loading=\"lazy\" decoding=\"async\" src=\"http:\/\/sodergren.com\/kulturbloggen\/wp-content\/uploads\/2009\/11\/obamatwitter.jpg\" alt=\"obamatwitter\" title=\"obamatwitter\" width=\"300\" height=\"306\" class=\"aligncenter size-full wp-image-14790\" \/><br \/>\nEtt stort steg f\u00f6r att genomf\u00f6ra en h\u00e4lsov\u00e5rdsreform i USA har tagits. <a href=\"http:\/\/twitter.com\/BarackObama\">Och president Barack Obama twittrade direkt<\/a>. <\/p>\n<p>This is history, twittrade han.<\/p>\n<p>Och sedan RT:ade han en m\u00e4ngd andra twitterinl\u00e4gg som:<\/p>\n<p><em>RT @JimOberstar: Health Care Reform Passes!!! 220 to 215<\/em><\/p>\n<p>(Att RT:a \u00e4r att vidarebefordra andras Twitter-inl\u00e4gg s\u00e5 ens egna Twitterkamrater kan se det.)<\/p>\n<p>&#8212;<br \/>\nMen \u00e4ven om de f\u00f6rsta stegen nu \u00e4r avklarade med h\u00e4lsov\u00e5rdsreformen \u00e4r det en del kvar.<br \/>\n<a href=\"http:\/\/www.aftonbladet.se\/nyheter\/article6086443.ab\">Aftonbladet<\/a>:<\/p>\n<blockquote><p>President Barack Obama sk\u00f6rdade en stor framg\u00e5ng n\u00e4r hans sjukv\u00e5rdsreform antogs i representanthuset. <\/p>\n<p>Men \u00e4n kvarst\u00e5r m\u00e5nga hinder p\u00e5 v\u00e4gen f\u00f6r USA:s st\u00f6rsta sjukv\u00e5rdsreform p\u00e5 \u00f6ver 40 \u00e5r.<br \/>\n&#8230;<br \/>\nEfter omr\u00f6stningen i representanthuset forts\u00e4tter behandlingen i senaten, d\u00e4r en mycket tuffare match v\u00e4ntar. Majoritetsledaren Harry Reid har antytt att det kan dr\u00f6ja till efter \u00e5rsskiftet innan fr\u00e5gan \u00e4r f\u00e4rdigbehandlad. D\u00e4refter ska de b\u00e5da kamrarna enas om ett gemensamt f\u00f6rslag att skicka till Obama f\u00f6r underskrift. <\/p><\/blockquote>\n<p>Relaterat: <a href=\"http:\/\/www.vg.no\/nyheter\/utenriks\/artikkel.php?artid=587775\">Verdens Gang<\/a> och <a href=\"http:\/\/www.dn.se\/nyheter\/varlden\/forsta-segern-for-obamas-vardreform-1.990034\">Dagens Nyheter<\/a>.<\/p>\n<p>L\u00e4s \u00e4ven andra bloggares \u00e5sikter om <a href=\"http:\/\/bloggar.se\/om\/Obama\" rel=\"tag\">Obama<\/a>, <a href=\"http:\/\/bloggar.se\/om\/h%E4lsov%E5rd\" rel=\"tag\">h\u00e4lsov\u00e5rd<\/a>, <a href=\"http:\/\/bloggar.se\/om\/samh%E4lle\" rel=\"tag\">samh\u00e4lle<\/a>, <a href=\"http:\/\/bloggar.se\/om\/USA\" rel=\"tag\">USA<\/a>, <a href=\"http:\/\/bloggar.se\/om\/Twitter\" rel=\"tag\">Twitter<\/a>, <a href=\"http:\/\/bloggar.se\/om\/h%E4lsov%E5rdsreform\" rel=\"tag\">h\u00e4lsov\u00e5rdsreform<\/a><\/p>\n","protected":false},"excerpt":{"rendered":"<p>Ett stort steg f\u00f6r att genomf\u00f6ra en h\u00e4lsov\u00e5rdsreform i USA har tagits. Och president Barack Obama twittrade direkt. This is history, twittrade han. Och sedan RT:ade han en m\u00e4ngd andra twitterinl\u00e4gg som: RT @JimOberstar: Health Care Reform Passes!!! 220 to 215 (Att RT:a \u00e4r att vidarebefordra andras Twitter-inl\u00e4gg s\u00e5 ens egna Twitterkamrater kan se det.) [&hellip;]<\/p>\n","protected":false},"author":2,"featured_media":0,"comment_status":"open","ping_status":"open","sticky":false,"template":"","format":"standard","meta":{"_genesis_hide_title":false,"_genesis_hide_breadcrumbs":false,"_genesis_hide_singular_image":false,"_genesis_hide_footer_widgets":false,"_genesis_custom_body_class":"","_genesis_custom_post_class":"","_genesis_layout":"","footnotes":""},"categories":[20],"tags":[2367,4100,4917,6129],"class_list":{"0":"post-14789","1":"post","2":"type-post","3":"status-publish","4":"format-standard","6":"category-film","7":"tag-halsovard","8":"tag-obama","9":"tag-samhalle","10":"tag-usa","11":"entry"},"_links":{"self":[{"href":"https:\/\/kulturbloggen.com\/index.php?rest_route=\/wp\/v2\/posts\/14789","targetHints":{"allow":["GET"]}}],"collection":[{"href":"https:\/\/kulturbloggen.com\/index.php?rest_route=\/wp\/v2\/posts"}],"about":[{"href":"https:\/\/kulturbloggen.com\/index.php?rest_route=\/wp\/v2\/types\/post"}],"author":[{"embeddable":true,"href":"https:\/\/kulturbloggen.com\/index.php?rest_route=\/wp\/v2\/users\/2"}],"replies":[{"embeddable":true,"href":"https:\/\/kulturbloggen.com\/index.php?rest_route=%2Fwp%2Fv2%2Fcomments&post=14789"}],"version-history":[{"count":0,"href":"https:\/\/kulturbloggen.com\/index.php?rest_route=\/wp\/v2\/posts\/14789\/revisions"}],"wp:attachment":[{"href":"https:\/\/kulturbloggen.com\/index.php?rest_route=%2Fwp%2Fv2%2Fmedia&parent=14789"}],"wp:term":[{"taxonomy":"category","embeddable":true,"href":"https:\/\/kulturbloggen.com\/index.php?rest_route=%2Fwp%2Fv2%2Fcategories&post=14789"},{"taxonomy":"post_tag","embeddable":true,"href":"https:\/\/kulturbloggen.com\/index.php?rest_route=%2Fwp%2Fv2%2Ftags&post=14789"}],"curies":[{"name":"wp","href":"https:\/\/api.w.org\/{rel}","templated":true}]}}