{"id":147881,"date":"2021-12-16T10:48:49","date_gmt":"2021-12-16T08:48:49","guid":{"rendered":"https:\/\/kulturbloggen.com\/?p=147881"},"modified":"2021-12-16T10:48:49","modified_gmt":"2021-12-16T08:48:49","slug":"foto-reeperbahn-och-lustans-lakejer-pa-pustervik","status":"publish","type":"post","link":"https:\/\/kulturbloggen.com\/?p=147881","title":{"rendered":"Foto: Reeperbahn och Lustans Lakejer p\u00e5 Pustervik"},"content":{"rendered":"<p><img loading=\"lazy\" decoding=\"async\" class=\"aligncenter size-full wp-image-147888\" src=\"https:\/\/kulturbloggen.com\/wp-content\/uploads\/2021\/12\/MG_3305XS.jpg\" alt=\"\" width=\"650\" height=\"434\" srcset=\"https:\/\/kulturbloggen.com\/wp-content\/uploads\/2021\/12\/MG_3305XS.jpg 650w, https:\/\/kulturbloggen.com\/wp-content\/uploads\/2021\/12\/MG_3305XS-300x200.jpg 300w\" sizes=\"auto, (max-width: 650px) 100vw, 650px\" \/><\/p>\n<p>Reeperbahn och Lustans Lakejer<br \/>\nPustervik, G\u00f6teborg 15 december 2021<\/p>\n<p>\u00c5ttiotalet \u00e4r tillbaka! Tv\u00e5 av landets mest inflytelserika bandfr\u00e5n den gr\u00e5 forntiden &#8211; Reeperbahn och Lustans Lakejer &#8211; \u00e4r ute p\u00e5 en gemensam turn\u00e9. F\u00f6rra veckan i Stockholm, p\u00e5 onsdagen p\u00e5 Pustervik i G\u00f6teborg och p\u00e5 torsdagen i Malm\u00f6.<\/p>\n<p>Foto: Peter Birgerstam<\/p>\n<p><img loading=\"lazy\" decoding=\"async\" class=\"aligncenter size-full wp-image-147889\" src=\"https:\/\/kulturbloggen.com\/wp-content\/uploads\/2021\/12\/MG_3390XS.jpg\" alt=\"\" width=\"650\" height=\"434\" srcset=\"https:\/\/kulturbloggen.com\/wp-content\/uploads\/2021\/12\/MG_3390XS.jpg 650w, https:\/\/kulturbloggen.com\/wp-content\/uploads\/2021\/12\/MG_3390XS-300x200.jpg 300w\" sizes=\"auto, (max-width: 650px) 100vw, 650px\" \/> <img loading=\"lazy\" decoding=\"async\" class=\"aligncenter size-full wp-image-147890\" src=\"https:\/\/kulturbloggen.com\/wp-content\/uploads\/2021\/12\/MG_3517XS.jpg\" alt=\"\" width=\"650\" height=\"434\" srcset=\"https:\/\/kulturbloggen.com\/wp-content\/uploads\/2021\/12\/MG_3517XS.jpg 650w, https:\/\/kulturbloggen.com\/wp-content\/uploads\/2021\/12\/MG_3517XS-300x200.jpg 300w\" sizes=\"auto, (max-width: 650px) 100vw, 650px\" \/> <img loading=\"lazy\" decoding=\"async\" class=\"aligncenter size-full wp-image-147891\" src=\"https:\/\/kulturbloggen.com\/wp-content\/uploads\/2021\/12\/MG_3551XS.jpg\" alt=\"\" width=\"650\" height=\"434\" srcset=\"https:\/\/kulturbloggen.com\/wp-content\/uploads\/2021\/12\/MG_3551XS.jpg 650w, https:\/\/kulturbloggen.com\/wp-content\/uploads\/2021\/12\/MG_3551XS-300x200.jpg 300w\" sizes=\"auto, (max-width: 650px) 100vw, 650px\" \/> <img loading=\"lazy\" decoding=\"async\" class=\"aligncenter size-full wp-image-147892\" src=\"https:\/\/kulturbloggen.com\/wp-content\/uploads\/2021\/12\/MG_3590XS.jpg\" alt=\"\" width=\"650\" height=\"434\" srcset=\"https:\/\/kulturbloggen.com\/wp-content\/uploads\/2021\/12\/MG_3590XS.jpg 650w, https:\/\/kulturbloggen.com\/wp-content\/uploads\/2021\/12\/MG_3590XS-300x200.jpg 300w\" sizes=\"auto, (max-width: 650px) 100vw, 650px\" \/> <img loading=\"lazy\" decoding=\"async\" class=\"aligncenter size-full wp-image-147893\" src=\"https:\/\/kulturbloggen.com\/wp-content\/uploads\/2021\/12\/MG_3697XS.jpg\" alt=\"\" width=\"650\" height=\"434\" srcset=\"https:\/\/kulturbloggen.com\/wp-content\/uploads\/2021\/12\/MG_3697XS.jpg 650w, https:\/\/kulturbloggen.com\/wp-content\/uploads\/2021\/12\/MG_3697XS-300x200.jpg 300w\" sizes=\"auto, (max-width: 650px) 100vw, 650px\" \/> <img loading=\"lazy\" decoding=\"async\" class=\"aligncenter size-full wp-image-147894\" src=\"https:\/\/kulturbloggen.com\/wp-content\/uploads\/2021\/12\/MG_3714XS.jpg\" alt=\"\" width=\"650\" height=\"434\" srcset=\"https:\/\/kulturbloggen.com\/wp-content\/uploads\/2021\/12\/MG_3714XS.jpg 650w, https:\/\/kulturbloggen.com\/wp-content\/uploads\/2021\/12\/MG_3714XS-300x200.jpg 300w\" sizes=\"auto, (max-width: 650px) 100vw, 650px\" \/> <img loading=\"lazy\" decoding=\"async\" class=\"aligncenter size-full wp-image-147895\" src=\"https:\/\/kulturbloggen.com\/wp-content\/uploads\/2021\/12\/MG_3729XS.jpg\" alt=\"\" width=\"650\" height=\"434\" srcset=\"https:\/\/kulturbloggen.com\/wp-content\/uploads\/2021\/12\/MG_3729XS.jpg 650w, https:\/\/kulturbloggen.com\/wp-content\/uploads\/2021\/12\/MG_3729XS-300x200.jpg 300w\" sizes=\"auto, (max-width: 650px) 100vw, 650px\" \/> <img loading=\"lazy\" decoding=\"async\" class=\"aligncenter size-full wp-image-147896\" src=\"https:\/\/kulturbloggen.com\/wp-content\/uploads\/2021\/12\/MG_3794XS.jpg\" alt=\"\" width=\"650\" height=\"434\" srcset=\"https:\/\/kulturbloggen.com\/wp-content\/uploads\/2021\/12\/MG_3794XS.jpg 650w, https:\/\/kulturbloggen.com\/wp-content\/uploads\/2021\/12\/MG_3794XS-300x200.jpg 300w\" sizes=\"auto, (max-width: 650px) 100vw, 650px\" \/><\/p>\n","protected":false},"excerpt":{"rendered":"<p>Reeperbahn och Lustans Lakejer Pustervik, G\u00f6teborg 15 december 2021 \u00c5ttiotalet \u00e4r tillbaka! Tv\u00e5 av landets mest inflytelserika bandfr\u00e5n den gr\u00e5 forntiden &#8211; Reeperbahn och Lustans Lakejer &#8211; \u00e4r ute p\u00e5 en gemensam turn\u00e9. F\u00f6rra veckan i Stockholm, p\u00e5 onsdagen p\u00e5 Pustervik i G\u00f6teborg och p\u00e5 torsdagen i Malm\u00f6. Foto: Peter Birgerstam<\/p>\n","protected":false},"author":42,"featured_media":0,"comment_status":"closed","ping_status":"closed","sticky":false,"template":"","format":"standard","meta":{"_genesis_hide_title":false,"_genesis_hide_breadcrumbs":false,"_genesis_hide_singular_image":false,"_genesis_hide_footer_widgets":false,"_genesis_custom_body_class":"","_genesis_custom_post_class":"","_genesis_layout":"","footnotes":""},"categories":[7,13624],"tags":[],"class_list":{"0":"post-147881","1":"post","2":"type-post","3":"status-publish","4":"format-standard","6":"category-musik","7":"category-toppnytt","8":"entry"},"_links":{"self":[{"href":"https:\/\/kulturbloggen.com\/index.php?rest_route=\/wp\/v2\/posts\/147881","targetHints":{"allow":["GET"]}}],"collection":[{"href":"https:\/\/kulturbloggen.com\/index.php?rest_route=\/wp\/v2\/posts"}],"about":[{"href":"https:\/\/kulturbloggen.com\/index.php?rest_route=\/wp\/v2\/types\/post"}],"author":[{"embeddable":true,"href":"https:\/\/kulturbloggen.com\/index.php?rest_route=\/wp\/v2\/users\/42"}],"replies":[{"embeddable":true,"href":"https:\/\/kulturbloggen.com\/index.php?rest_route=%2Fwp%2Fv2%2Fcomments&post=147881"}],"version-history":[{"count":8,"href":"https:\/\/kulturbloggen.com\/index.php?rest_route=\/wp\/v2\/posts\/147881\/revisions"}],"predecessor-version":[{"id":147898,"href":"https:\/\/kulturbloggen.com\/index.php?rest_route=\/wp\/v2\/posts\/147881\/revisions\/147898"}],"wp:attachment":[{"href":"https:\/\/kulturbloggen.com\/index.php?rest_route=%2Fwp%2Fv2%2Fmedia&parent=147881"}],"wp:term":[{"taxonomy":"category","embeddable":true,"href":"https:\/\/kulturbloggen.com\/index.php?rest_route=%2Fwp%2Fv2%2Fcategories&post=147881"},{"taxonomy":"post_tag","embeddable":true,"href":"https:\/\/kulturbloggen.com\/index.php?rest_route=%2Fwp%2Fv2%2Ftags&post=147881"}],"curies":[{"name":"wp","href":"https:\/\/api.w.org\/{rel}","templated":true}]}}