{"id":147864,"date":"2021-12-15T20:34:26","date_gmt":"2021-12-15T18:34:26","guid":{"rendered":"https:\/\/kulturbloggen.com\/?p=147864"},"modified":"2021-12-15T20:34:27","modified_gmt":"2021-12-15T18:34:27","slug":"nordiska-museet-nominerat-till-europeiskt-pris","status":"publish","type":"post","link":"https:\/\/kulturbloggen.com\/?p=147864","title":{"rendered":"Nordiska museet nominerat till europeiskt pris"},"content":{"rendered":"<figure id=\"attachment_147868\" aria-describedby=\"caption-attachment-147868\" style=\"width: 650px\" class=\"wp-caption aligncenter\"><img loading=\"lazy\" decoding=\"async\" class=\"size-full wp-image-147868\" src=\"https:\/\/kulturbloggen.com\/wp-content\/uploads\/2021\/12\/unnamed-1.jpg\" alt=\"\" width=\"650\" height=\"366\" srcset=\"https:\/\/kulturbloggen.com\/wp-content\/uploads\/2021\/12\/unnamed-1.jpg 650w, https:\/\/kulturbloggen.com\/wp-content\/uploads\/2021\/12\/unnamed-1-300x169.jpg 300w\" sizes=\"auto, (max-width: 650px) 100vw, 650px\" \/><figcaption id=\"caption-attachment-147868\" class=\"wp-caption-text\">Foto: Karolina Kristensson\/Nordiska museet.<\/figcaption><\/figure>\n<p>Nordiska museet \u00e4r nominerat till European Museum of the Year Award, ett av Europas mest prestigefyllda museipriser. Priset delas ut till det museum som p\u00e5 ett framst\u00e5ende och innovativt s\u00e4tt erbjuder bes\u00f6kare en unik museiupplevelse och som kreativt arbetar med kunskapsf\u00f6rmedling.<\/p>\n<p>Ett pressmeddelande:<br \/>\n\u2013 F\u00f6r Nordiska museet \u00e4r det en stor \u00e4ra att bli nominerad till denna prestigefyllda utm\u00e4rkelse och ett kvitto p\u00e5 att museets stora utst\u00e4llningssatsningar h\u00e5ller en internationell standard, s\u00e4ger Sanne Houby-Nielsen, styresman p\u00e5 Stiftelsen Nordiska museet.<\/p>\n<p>European Museum of the Year Award instiftades 1977 och delas ut \u00e5rligen under European Museum Forum, som arrangeras av Europar\u00e5det. Totalt har 60 museer nominerats till priset, varav tv\u00e5 \u00e4r svenska: Nordiska museet och S\u00f6rmlands museum. De senaste \u00e5ren har museer i Nederl\u00e4nderna, Schweiz och Storbritannien prisats. Priset har g\u00e5tt till Sverige vid tv\u00e5 tillf\u00e4llen \u2013 1989 till Sundsvalls museum och 1986 till Stockholms medeltidsmuseum. 2022 \u00e5rs vinnare tillk\u00e4nnages i maj i Tartu, Estland.<\/p>\n","protected":false},"excerpt":{"rendered":"<p>Nordiska museet \u00e4r nominerat till European Museum of the Year Award, ett av Europas mest prestigefyllda museipriser. Priset delas ut till det museum som p\u00e5 ett framst\u00e5ende och innovativt s\u00e4tt erbjuder bes\u00f6kare en unik museiupplevelse och som kreativt arbetar med kunskapsf\u00f6rmedling. Ett pressmeddelande: \u2013 F\u00f6r Nordiska museet \u00e4r det en stor \u00e4ra att bli nominerad [&hellip;]<\/p>\n","protected":false},"author":13,"featured_media":0,"comment_status":"closed","ping_status":"closed","sticky":false,"template":"","format":"standard","meta":{"_genesis_hide_title":false,"_genesis_hide_breadcrumbs":false,"_genesis_hide_singular_image":false,"_genesis_hide_footer_widgets":false,"_genesis_custom_body_class":"","_genesis_custom_post_class":"","_genesis_layout":"","footnotes":""},"categories":[62,13624],"tags":[],"class_list":{"0":"post-147864","1":"post","2":"type-post","3":"status-publish","4":"format-standard","6":"category-medie-och-kulturpolitik","7":"category-toppnytt","8":"entry"},"_links":{"self":[{"href":"https:\/\/kulturbloggen.com\/index.php?rest_route=\/wp\/v2\/posts\/147864","targetHints":{"allow":["GET"]}}],"collection":[{"href":"https:\/\/kulturbloggen.com\/index.php?rest_route=\/wp\/v2\/posts"}],"about":[{"href":"https:\/\/kulturbloggen.com\/index.php?rest_route=\/wp\/v2\/types\/post"}],"author":[{"embeddable":true,"href":"https:\/\/kulturbloggen.com\/index.php?rest_route=\/wp\/v2\/users\/13"}],"replies":[{"embeddable":true,"href":"https:\/\/kulturbloggen.com\/index.php?rest_route=%2Fwp%2Fv2%2Fcomments&post=147864"}],"version-history":[{"count":4,"href":"https:\/\/kulturbloggen.com\/index.php?rest_route=\/wp\/v2\/posts\/147864\/revisions"}],"predecessor-version":[{"id":147869,"href":"https:\/\/kulturbloggen.com\/index.php?rest_route=\/wp\/v2\/posts\/147864\/revisions\/147869"}],"wp:attachment":[{"href":"https:\/\/kulturbloggen.com\/index.php?rest_route=%2Fwp%2Fv2%2Fmedia&parent=147864"}],"wp:term":[{"taxonomy":"category","embeddable":true,"href":"https:\/\/kulturbloggen.com\/index.php?rest_route=%2Fwp%2Fv2%2Fcategories&post=147864"},{"taxonomy":"post_tag","embeddable":true,"href":"https:\/\/kulturbloggen.com\/index.php?rest_route=%2Fwp%2Fv2%2Ftags&post=147864"}],"curies":[{"name":"wp","href":"https:\/\/api.w.org\/{rel}","templated":true}]}}