{"id":147757,"date":"2021-12-22T10:27:15","date_gmt":"2021-12-22T08:27:15","guid":{"rendered":"https:\/\/kulturbloggen.com\/?p=147757"},"modified":"2021-12-22T10:27:15","modified_gmt":"2021-12-22T08:27:15","slug":"recension-av-tv-serie-folk-med-angest","status":"publish","type":"post","link":"https:\/\/kulturbloggen.com\/?p=147757","title":{"rendered":"Recension av tv-serie: Folk med \u00e5ngest"},"content":{"rendered":"<p><img loading=\"lazy\" decoding=\"async\" class=\"aligncenter size-full wp-image-147963\" src=\"https:\/\/kulturbloggen.com\/wp-content\/uploads\/2021\/12\/folkmedangest.jpg\" alt=\"\" width=\"650\" height=\"325\" srcset=\"https:\/\/kulturbloggen.com\/wp-content\/uploads\/2021\/12\/folkmedangest.jpg 650w, https:\/\/kulturbloggen.com\/wp-content\/uploads\/2021\/12\/folkmedangest-300x150.jpg 300w\" sizes=\"auto, (max-width: 650px) 100vw, 650px\" \/><\/p>\n<p>Folk med \u00e5ngest<br \/>\nBetyg 3<br \/>\nPremi\u00e4r p\u00e5 Netflix 29 december 2021<br \/>\nRegi Felix Herngren<br \/>\nI rollerna syns Alfred Svensson som Jack, Dan Ekborg som Jim, Leif Andr\u00e9e som Roger, Marika Lagercrantz som Anna-Lena, Carla Sehn som Julia, Petrina Solange som Ro, Anna Granath som Zarah, Per Andersson som Lennart, Lottie Ejebrant som Estelle, Sofia Ledarp som Maria samt Shima Niavarani som Milou.<\/p>\n<p>Tv\u00e5 klantiga poliser, Jack och Jim som dessutom \u00e4r far och son, misslyckas med att f\u00e5nga en bankr\u00e5nare som tar sig in i ett hus med en l\u00e4genhetsvisning och tar \u00e5tta personer som gisslan. N\u00e4r gisslan sl\u00e4ppt och bankr\u00e5naren f\u00f6rsvunnit, som om om r\u00e5naren g\u00e5tt upp i r\u00f6k, visar det sig att inte en enda ur gisslan kan ge n\u00e5gon beskrivning av r\u00e5naren\/gisslantagaren. Folk med \u00e5ngest \u00e4r en tv-serie i regi av Felix Herngren som hade vunnit mycket p\u00e5 att mera renodlat satsa p\u00e5 antingen komedi eller drama eller action. Nu f\u00f6rlorar serien en hel del p\u00e5 att dess karakt\u00e4rer skildras som t\u00f6ntiga. Det \u00e4r v\u00e4l en stil som blivit typisk svensk, ett arv fr\u00e5n \u00c5sa-Nisse-filmerna m\u00e5h\u00e4nda?<\/p>\n<p>Den \u00e4ldre av de tv\u00e5 poliserna, spelad av duktige Dan Ekborg, ser till att han sj\u00e4lv och sonen f\u00e5r utreda det mesta sj\u00e4lva. Att tv\u00e5 landsortspoliser sj\u00e4lva f\u00e5r utreda ett gisslandrama \u00e4r f\u00f6rst\u00e5s helt orealistiskt. N\u00e4r de b\u00f6rjar intervjua den ena efter den andra ur gisslan visar det sig att ingen av dem tycks ha sett gisslantagaren men samtidigt f\u00e5r vi en inblick i deras liv och deras tragedier. Den delen av serien \u00e4r intressant, det \u00e4r en varm ber\u00e4ttelse om hur m\u00e4nniskor kan m\u00f6tas n\u00e4r de \u00e4r \u00e4rliga och \u00f6ppnar sig f\u00f6r varandra. Karakt\u00e4rer som \u00e4r v\u00e4ldigt olika varandra kan hitta st\u00f6d och f\u00f6rst\u00e5else f\u00f6r varandra. Den delen \u00e4r seriens styrka.<\/p>\n<p>Netflix har en bra beskrivning av serien:<br \/>\n<em>Den efterf\u00f6ljande utredningen f\u00f6rvandlas snart till en klassisk \u2013 men fantastiskt rolig \u2013 pusseldeckare d\u00e4r samtliga i gisslan f\u00e5r ge sin skildring av vad som faktiskt h\u00e4nde i en serie motstridiga vittnesm\u00e5l. Vad polisen inte vet \u00e4r att personerna som tagits som gisslan delar en hemlighet som har skapat ett unikt och n\u00e4stintill obrytbart band dem emellan.<\/em><\/p>\n<p>Den som gillar svenska serier som Solsidan kommer troligen att gilla denna serie ocks\u00e5. Det \u00e4r samma komiska\/t\u00f6ntiga karakt\u00e4rer som p\u00e5 ett \u00f6verdrivet s\u00e4tt ber\u00e4ttar om hur m\u00e4nniskor agerar. Men en l\u00e5ng rad av duktiga svenska sk\u00e5despelare som tidigare n\u00e4mnde Dan Ekborg och Sofia Ledarp, Shima Niavarani Leif Andr\u00e9e, Per Andersson och Marika Lagercrantz med flera. Duktiga sk\u00e5despelare h\u00f6jer niv\u00e5n fr\u00e5n buskis.<\/p>\n<p><iframe loading=\"lazy\" title=\"YouTube video player\" src=\"https:\/\/www.youtube.com\/embed\/lQpxb3JdAjY\" width=\"560\" height=\"315\" frameborder=\"0\" allowfullscreen=\"allowfullscreen\"><\/iframe><\/p>\n","protected":false},"excerpt":{"rendered":"<p>Folk med \u00e5ngest Betyg 3 Premi\u00e4r p\u00e5 Netflix 29 december 2021 Regi Felix Herngren I rollerna syns Alfred Svensson som Jack, Dan Ekborg som Jim, Leif Andr\u00e9e som Roger, Marika Lagercrantz som Anna-Lena, Carla Sehn som Julia, Petrina Solange som Ro, Anna Granath som Zarah, Per Andersson som Lennart, Lottie Ejebrant som Estelle, Sofia Ledarp [&hellip;]<\/p>\n","protected":false},"author":2,"featured_media":0,"comment_status":"closed","ping_status":"closed","sticky":false,"template":"","format":"standard","meta":{"_genesis_hide_title":false,"_genesis_hide_breadcrumbs":false,"_genesis_hide_singular_image":false,"_genesis_hide_footer_widgets":false,"_genesis_custom_body_class":"","_genesis_custom_post_class":"","_genesis_layout":"","footnotes":""},"categories":[16,13227,13624,13597],"tags":[14243,11170],"class_list":{"0":"post-147757","1":"post","2":"type-post","3":"status-publish","4":"format-standard","6":"category-recension","7":"category-tv-serier","8":"category-toppnytt","9":"category-tv","10":"tag-felix-herngren","11":"tag-netflix","12":"entry"},"_links":{"self":[{"href":"https:\/\/kulturbloggen.com\/index.php?rest_route=\/wp\/v2\/posts\/147757","targetHints":{"allow":["GET"]}}],"collection":[{"href":"https:\/\/kulturbloggen.com\/index.php?rest_route=\/wp\/v2\/posts"}],"about":[{"href":"https:\/\/kulturbloggen.com\/index.php?rest_route=\/wp\/v2\/types\/post"}],"author":[{"embeddable":true,"href":"https:\/\/kulturbloggen.com\/index.php?rest_route=\/wp\/v2\/users\/2"}],"replies":[{"embeddable":true,"href":"https:\/\/kulturbloggen.com\/index.php?rest_route=%2Fwp%2Fv2%2Fcomments&post=147757"}],"version-history":[{"count":30,"href":"https:\/\/kulturbloggen.com\/index.php?rest_route=\/wp\/v2\/posts\/147757\/revisions"}],"predecessor-version":[{"id":148123,"href":"https:\/\/kulturbloggen.com\/index.php?rest_route=\/wp\/v2\/posts\/147757\/revisions\/148123"}],"wp:attachment":[{"href":"https:\/\/kulturbloggen.com\/index.php?rest_route=%2Fwp%2Fv2%2Fmedia&parent=147757"}],"wp:term":[{"taxonomy":"category","embeddable":true,"href":"https:\/\/kulturbloggen.com\/index.php?rest_route=%2Fwp%2Fv2%2Fcategories&post=147757"},{"taxonomy":"post_tag","embeddable":true,"href":"https:\/\/kulturbloggen.com\/index.php?rest_route=%2Fwp%2Fv2%2Ftags&post=147757"}],"curies":[{"name":"wp","href":"https:\/\/api.w.org\/{rel}","templated":true}]}}