{"id":147278,"date":"2021-11-26T11:25:27","date_gmt":"2021-11-26T09:25:27","guid":{"rendered":"https:\/\/kulturbloggen.com\/?p=147278"},"modified":"2021-11-26T11:25:29","modified_gmt":"2021-11-26T09:25:29","slug":"lyssna-carl-noren-tolkar-dan-andersson","status":"publish","type":"post","link":"https:\/\/kulturbloggen.com\/?p=147278","title":{"rendered":"Lyssna: Carl Nor\u00e9n tolkar Dan Andersson"},"content":{"rendered":"<p><img loading=\"lazy\" decoding=\"async\" class=\"aligncenter size-full wp-image-147283\" src=\"https:\/\/kulturbloggen.com\/wp-content\/uploads\/2021\/11\/unnamed-3-1.jpg\" alt=\"\" width=\"650\" height=\"650\" srcset=\"https:\/\/kulturbloggen.com\/wp-content\/uploads\/2021\/11\/unnamed-3-1.jpg 650w, https:\/\/kulturbloggen.com\/wp-content\/uploads\/2021\/11\/unnamed-3-1-300x300.jpg 300w, https:\/\/kulturbloggen.com\/wp-content\/uploads\/2021\/11\/unnamed-3-1-150x150.jpg 150w\" sizes=\"auto, (max-width: 650px) 100vw, 650px\" \/><\/p>\n<p>Carl Nor\u00e9n tolkar Dan Andersson.<\/p>\n<p>Det var under det g\u00e5ngna \u00e5ret i som Carl Nor\u00e9n plockade fram en antologi best\u00e5ende av Dan Anderssons texter och p\u00e5b\u00f6rjade ett omfattande arbete med att tons\u00e4tta de tryckta orden. F\u00f6rst n\u00e5got trevande, men efter bara n\u00e5gra f\u00e5 dikter infann sig en rytm, inte helt olik den som \u00e5terfinns inom just lyriken. Han har sedan barnsben levt med Dan Anderssons texter och att tons\u00e4tta verken f\u00f6ll sig t\u00e4mligen naturligt och gjorde att Carl hittade tillbaka till den skapargl\u00e4dje han under \u00e5ren glidit l\u00e4ngre ifr\u00e5n. I oktober sl\u00e4ppte han singeln &#8221;Jag har dr\u00f6mt&#8221;, en singel som i dag f\u00f6ljs upp av &#8221;Nu m\u00f6rknar min v\u00e4g&#8221;, b\u00e5da h\u00e4mtade fr\u00e5n det album som v\u00e4ntas till januari.<\/p>\n<p><iframe loading=\"lazy\" src=\"https:\/\/open.spotify.com\/embed\/album\/4qVNakQOLYfkZayCfLAOut\" width=\"300\" height=\"380\" frameborder=\"0\"><\/iframe><\/p>\n","protected":false},"excerpt":{"rendered":"<p>Carl Nor\u00e9n tolkar Dan Andersson. Det var under det g\u00e5ngna \u00e5ret i som Carl Nor\u00e9n plockade fram en antologi best\u00e5ende av Dan Anderssons texter och p\u00e5b\u00f6rjade ett omfattande arbete med att tons\u00e4tta de tryckta orden. F\u00f6rst n\u00e5got trevande, men efter bara n\u00e5gra f\u00e5 dikter infann sig en rytm, inte helt olik den som \u00e5terfinns inom [&hellip;]<\/p>\n","protected":false},"author":13,"featured_media":0,"comment_status":"closed","ping_status":"closed","sticky":false,"template":"","format":"standard","meta":{"_genesis_hide_title":false,"_genesis_hide_breadcrumbs":false,"_genesis_hide_singular_image":false,"_genesis_hide_footer_widgets":false,"_genesis_custom_body_class":"","_genesis_custom_post_class":"","_genesis_layout":"","footnotes":""},"categories":[7,13624],"tags":[],"class_list":{"0":"post-147278","1":"post","2":"type-post","3":"status-publish","4":"format-standard","6":"category-musik","7":"category-toppnytt","8":"entry"},"_links":{"self":[{"href":"https:\/\/kulturbloggen.com\/index.php?rest_route=\/wp\/v2\/posts\/147278","targetHints":{"allow":["GET"]}}],"collection":[{"href":"https:\/\/kulturbloggen.com\/index.php?rest_route=\/wp\/v2\/posts"}],"about":[{"href":"https:\/\/kulturbloggen.com\/index.php?rest_route=\/wp\/v2\/types\/post"}],"author":[{"embeddable":true,"href":"https:\/\/kulturbloggen.com\/index.php?rest_route=\/wp\/v2\/users\/13"}],"replies":[{"embeddable":true,"href":"https:\/\/kulturbloggen.com\/index.php?rest_route=%2Fwp%2Fv2%2Fcomments&post=147278"}],"version-history":[{"count":5,"href":"https:\/\/kulturbloggen.com\/index.php?rest_route=\/wp\/v2\/posts\/147278\/revisions"}],"predecessor-version":[{"id":147284,"href":"https:\/\/kulturbloggen.com\/index.php?rest_route=\/wp\/v2\/posts\/147278\/revisions\/147284"}],"wp:attachment":[{"href":"https:\/\/kulturbloggen.com\/index.php?rest_route=%2Fwp%2Fv2%2Fmedia&parent=147278"}],"wp:term":[{"taxonomy":"category","embeddable":true,"href":"https:\/\/kulturbloggen.com\/index.php?rest_route=%2Fwp%2Fv2%2Fcategories&post=147278"},{"taxonomy":"post_tag","embeddable":true,"href":"https:\/\/kulturbloggen.com\/index.php?rest_route=%2Fwp%2Fv2%2Ftags&post=147278"}],"curies":[{"name":"wp","href":"https:\/\/api.w.org\/{rel}","templated":true}]}}