{"id":14718,"date":"2009-11-06T18:02:01","date_gmt":"2009-11-06T17:02:01","guid":{"rendered":"http:\/\/kulturbloggen.com\/?p=14718"},"modified":"2009-11-06T18:02:01","modified_gmt":"2009-11-06T17:02:01","slug":"den-inbillade-sjuke-pa-sagateatern","status":"publish","type":"post","link":"https:\/\/kulturbloggen.com\/?p=14718","title":{"rendered":"Den inbillade sjuke p\u00e5 Sagateatern"},"content":{"rendered":"<p><img loading=\"lazy\" decoding=\"async\" src=\"http:\/\/sodergren.com\/kulturbloggen\/wp-content\/uploads\/2009\/11\/inbilladesjuke-192x300.jpg\" alt=\"inbilladesjuke\" title=\"inbilladesjuke\" width=\"192\" height=\"300\" class=\"aligncenter size-medium wp-image-14719\" \/><br \/>\nJust nu repas det f\u00f6r fulla muggar ute p\u00e5 Sagateatern p\u00e5 Liding\u00f6. Den 28 November kommer f\u00f6rest\u00e4llningen &#8221;Den inbillade sjuke&#8221; ha premi\u00e4r.<\/p>\n<p>Anrika Sagateatern bjuder under November, December och Januari p\u00e5 en ny tolkning av Moli\u00e8res &#8221;Den inbillade sjuke&#8221;. Ensemblen bakom f\u00f6rest\u00e4llningen \u00e4r ett h\u00e4rlig mix av galna m\u00e4nniskor som har spelat teater sedan barnben och som nu g\u00f6r ett g\u00e4stspel p\u00e5 sin gamla ungdomsteater. I denna hyllnings f\u00f6rest\u00e4llnig till sin gamla teater m\u00f6ts sk\u00e5despelare som inte har spelat tillsammans p\u00e5 \u00e5r och som alla har olika erfarenheter. Allt fr\u00e5n amat\u00f6rer till elever fr\u00e5n Scenskolan.<\/p>\n<p>F\u00f6rest\u00e4llningen utspelar sig i moderntid och inneh\u00e5ller s\u00e5ng, dans och teater. Elelementen blandas friskt och \u00e5sk\u00e5dare kommer f\u00e5 se burlesk catwalk, bajsn\u00f6dig ballett och k\u00e4nslosam falsks\u00e5ng. F\u00f6rest\u00e4llningen garanteras vara n\u00e5got som aldrig tidigare visats.<\/p>\n<p><a href=\"http:\/\/www.lidingo.se\/toppmeny\/upplevagora\/nyheterupplevagora\/2811premiarpamolieresdeninbilladesjuke.5.200d0a181249f3db26c8000254.html\"><br \/>\nMer information Lindig\u00f6sajten<\/a> och <a href=\"http:\/\/deninbilladesjuke.wordpress.com\/\">p\u00e5 sk\u00e5despelarnas blogg<\/a>.<\/p>\n<p>L\u00f6rdag 28 november 19.00 &#8211; premi\u00e4r!<br \/>\nS\u00f6ndag 29 november 19.00<br \/>\nFredag 4 december 19.00<br \/>\nL\u00f6rdag 5 december 19.00<br \/>\nS\u00f6ndag 6 december 15.00<br \/>\nFredag 11 december 19.00<br \/>\nL\u00f6rdag 12 december 15.00<br \/>\nS\u00f6ndag 13 december 19.00<br \/>\nTorsdag 7 januari 19.00<br \/>\nFredag 8 januari 19.00<br \/>\nL\u00f6rdag 9 januari 19.00<br \/>\nS\u00f6ndag 10 januari 15.00<\/p>\n<p>L\u00e4s \u00e4ven andra bloggares \u00e5sikter om <a href=\"http:\/\/bloggar.se\/om\/teater\" rel=\"tag\">teater<\/a>, <a href=\"http:\/\/bloggar.se\/om\/Sagateatern\" rel=\"tag\">Sagateatern<\/a>, <a href=\"http:\/\/bloggar.se\/om\/Liding%F6\" rel=\"tag\">Liding\u00f6<\/a>, <a href=\"http:\/\/bloggar.se\/om\/Den+inbillade+sjuke\" rel=\"tag\">Den inbillade sjuke<\/a><\/p>\n","protected":false},"excerpt":{"rendered":"<p>Just nu repas det f\u00f6r fulla muggar ute p\u00e5 Sagateatern p\u00e5 Liding\u00f6. Den 28 November kommer f\u00f6rest\u00e4llningen &#8221;Den inbillade sjuke&#8221; ha premi\u00e4r. Anrika Sagateatern bjuder under November, December och Januari p\u00e5 en ny tolkning av Moli\u00e8res &#8221;Den inbillade sjuke&#8221;. Ensemblen bakom f\u00f6rest\u00e4llningen \u00e4r ett h\u00e4rlig mix av galna m\u00e4nniskor som har spelat teater sedan barnben [&hellip;]<\/p>\n","protected":false},"author":13,"featured_media":0,"comment_status":"open","ping_status":"open","sticky":false,"template":"","format":"standard","meta":{"_genesis_hide_title":false,"_genesis_hide_breadcrumbs":false,"_genesis_hide_singular_image":false,"_genesis_hide_footer_widgets":false,"_genesis_custom_body_class":"","_genesis_custom_post_class":"","_genesis_layout":"","footnotes":""},"categories":[30],"tags":[12288],"class_list":{"0":"post-14718","1":"post","2":"type-post","3":"status-publish","4":"format-standard","6":"category-teater","7":"tag-teater","8":"entry"},"_links":{"self":[{"href":"https:\/\/kulturbloggen.com\/index.php?rest_route=\/wp\/v2\/posts\/14718","targetHints":{"allow":["GET"]}}],"collection":[{"href":"https:\/\/kulturbloggen.com\/index.php?rest_route=\/wp\/v2\/posts"}],"about":[{"href":"https:\/\/kulturbloggen.com\/index.php?rest_route=\/wp\/v2\/types\/post"}],"author":[{"embeddable":true,"href":"https:\/\/kulturbloggen.com\/index.php?rest_route=\/wp\/v2\/users\/13"}],"replies":[{"embeddable":true,"href":"https:\/\/kulturbloggen.com\/index.php?rest_route=%2Fwp%2Fv2%2Fcomments&post=14718"}],"version-history":[{"count":0,"href":"https:\/\/kulturbloggen.com\/index.php?rest_route=\/wp\/v2\/posts\/14718\/revisions"}],"wp:attachment":[{"href":"https:\/\/kulturbloggen.com\/index.php?rest_route=%2Fwp%2Fv2%2Fmedia&parent=14718"}],"wp:term":[{"taxonomy":"category","embeddable":true,"href":"https:\/\/kulturbloggen.com\/index.php?rest_route=%2Fwp%2Fv2%2Fcategories&post=14718"},{"taxonomy":"post_tag","embeddable":true,"href":"https:\/\/kulturbloggen.com\/index.php?rest_route=%2Fwp%2Fv2%2Ftags&post=14718"}],"curies":[{"name":"wp","href":"https:\/\/api.w.org\/{rel}","templated":true}]}}