{"id":146950,"date":"2021-11-19T11:49:50","date_gmt":"2021-11-19T09:49:50","guid":{"rendered":"https:\/\/kulturbloggen.com\/?p=146950"},"modified":"2021-11-19T11:50:03","modified_gmt":"2021-11-19T09:50:03","slug":"lyssna-annika-norlin-darkest-shade-of-dark-den-sista","status":"publish","type":"post","link":"https:\/\/kulturbloggen.com\/?p=146950","title":{"rendered":"Lyssna: Annika Norlin &#8211; Darkest Shade of Dark\/Den sista"},"content":{"rendered":"<figure id=\"attachment_146954\" aria-describedby=\"caption-attachment-146954\" style=\"width: 650px\" class=\"wp-caption aligncenter\"><img loading=\"lazy\" decoding=\"async\" class=\"size-full wp-image-146954\" src=\"https:\/\/kulturbloggen.com\/wp-content\/uploads\/2021\/11\/annikanorlin.jpg\" alt=\"\" width=\"650\" height=\"520\" srcset=\"https:\/\/kulturbloggen.com\/wp-content\/uploads\/2021\/11\/annikanorlin.jpg 650w, https:\/\/kulturbloggen.com\/wp-content\/uploads\/2021\/11\/annikanorlin-300x240.jpg 300w\" sizes=\"auto, (max-width: 650px) 100vw, 650px\" \/><figcaption id=\"caption-attachment-146954\" class=\"wp-caption-text\">Foto: Viktor Sj\u00f6din<\/figcaption><\/figure>\n<p>Annika Norlin har sl\u00e4ppt nya dubbelsingeln \u201dDarkest Shade of Dark\u201d\/\u201dDen sista\u201d som ing\u00e5r i albumet \u201dMentor\u201d som ges ut 21 januari 2022.<\/p>\n<p>Den 21 januari kommer Annika Norlins album \u201dMentor\u201d, d\u00e4r s\u00e5ngaren och l\u00e5tskrivaren vi k\u00e4nner under alias som S\u00e4kert! och Hello Saferide blir Annika Norlin \u00e4ven som artist.<br \/>\nGenom \u00e5ren har Annika v\u00e4xlat mellan svenska och engelska, men \u201dMentor\u201d blir f\u00f6rsta skivan d\u00e4r hon kombinerar spr\u00e5ken. \u201dAtt det blev h\u00e4lften p\u00e5 svenska och h\u00e4lften p\u00e5 engelska beror mest p\u00e5 att jag nog skrev texter p\u00e5 b\u00e4gge spr\u00e5ken till de flesta l\u00e5tarna, sedan tog jag det jag tyckte blev b\u00e4st\u201d, s\u00e4ger hon.<br \/>\n50\/50-uppl\u00e4gget g\u00e4ller \u00e4ven nya singeln \u201dDarkest Shade of Dark\u201d\/\u201dDen sista\u201d, sistn\u00e4mnda \u00e4r f\u00f6r \u00f6vrigt en duett med Mattias Alkberg.<\/p>\n<p><iframe loading=\"lazy\" src=\"https:\/\/open.spotify.com\/embed\/album\/1ieRkdclQMGGYGZJwyJCW9\" width=\"300\" height=\"380\" frameborder=\"0\"><\/iframe><\/p>\n","protected":false},"excerpt":{"rendered":"<p>Annika Norlin har sl\u00e4ppt nya dubbelsingeln \u201dDarkest Shade of Dark\u201d\/\u201dDen sista\u201d som ing\u00e5r i albumet \u201dMentor\u201d som ges ut 21 januari 2022. Den 21 januari kommer Annika Norlins album \u201dMentor\u201d, d\u00e4r s\u00e5ngaren och l\u00e5tskrivaren vi k\u00e4nner under alias som S\u00e4kert! och Hello Saferide blir Annika Norlin \u00e4ven som artist. Genom \u00e5ren har Annika v\u00e4xlat mellan [&hellip;]<\/p>\n","protected":false},"author":13,"featured_media":0,"comment_status":"closed","ping_status":"closed","sticky":false,"template":"","format":"standard","meta":{"_genesis_hide_title":false,"_genesis_hide_breadcrumbs":false,"_genesis_hide_singular_image":false,"_genesis_hide_footer_widgets":false,"_genesis_custom_body_class":"","_genesis_custom_post_class":"","_genesis_layout":"","footnotes":""},"categories":[7,13624],"tags":[],"class_list":{"0":"post-146950","1":"post","2":"type-post","3":"status-publish","4":"format-standard","6":"category-musik","7":"category-toppnytt","8":"entry"},"_links":{"self":[{"href":"https:\/\/kulturbloggen.com\/index.php?rest_route=\/wp\/v2\/posts\/146950","targetHints":{"allow":["GET"]}}],"collection":[{"href":"https:\/\/kulturbloggen.com\/index.php?rest_route=\/wp\/v2\/posts"}],"about":[{"href":"https:\/\/kulturbloggen.com\/index.php?rest_route=\/wp\/v2\/types\/post"}],"author":[{"embeddable":true,"href":"https:\/\/kulturbloggen.com\/index.php?rest_route=\/wp\/v2\/users\/13"}],"replies":[{"embeddable":true,"href":"https:\/\/kulturbloggen.com\/index.php?rest_route=%2Fwp%2Fv2%2Fcomments&post=146950"}],"version-history":[{"count":5,"href":"https:\/\/kulturbloggen.com\/index.php?rest_route=\/wp\/v2\/posts\/146950\/revisions"}],"predecessor-version":[{"id":146956,"href":"https:\/\/kulturbloggen.com\/index.php?rest_route=\/wp\/v2\/posts\/146950\/revisions\/146956"}],"wp:attachment":[{"href":"https:\/\/kulturbloggen.com\/index.php?rest_route=%2Fwp%2Fv2%2Fmedia&parent=146950"}],"wp:term":[{"taxonomy":"category","embeddable":true,"href":"https:\/\/kulturbloggen.com\/index.php?rest_route=%2Fwp%2Fv2%2Fcategories&post=146950"},{"taxonomy":"post_tag","embeddable":true,"href":"https:\/\/kulturbloggen.com\/index.php?rest_route=%2Fwp%2Fv2%2Ftags&post=146950"}],"curies":[{"name":"wp","href":"https:\/\/api.w.org\/{rel}","templated":true}]}}