{"id":146528,"date":"2021-11-14T16:15:24","date_gmt":"2021-11-14T14:15:24","guid":{"rendered":"https:\/\/kulturbloggen.com\/?p=146528"},"modified":"2021-11-14T16:23:08","modified_gmt":"2021-11-14T14:23:08","slug":"filmrecension-i-koltrastens-land-jag-hoppas-manga-ser-denna-film","status":"publish","type":"post","link":"https:\/\/kulturbloggen.com\/?p=146528","title":{"rendered":"Filmrecension:  I koltrastens land &#8211; jag hoppas m\u00e5nga ser denna film"},"content":{"rendered":"<p><img loading=\"lazy\" decoding=\"async\" class=\"aligncenter size-full wp-image-146533\" src=\"https:\/\/kulturbloggen.com\/wp-content\/uploads\/2021\/11\/unnamed.jpg\" alt=\"\" width=\"650\" height=\"650\" srcset=\"https:\/\/kulturbloggen.com\/wp-content\/uploads\/2021\/11\/unnamed.jpg 650w, https:\/\/kulturbloggen.com\/wp-content\/uploads\/2021\/11\/unnamed-300x300.jpg 300w, https:\/\/kulturbloggen.com\/wp-content\/uploads\/2021\/11\/unnamed-150x150.jpg 150w\" sizes=\"auto, (max-width: 650px) 100vw, 650px\" \/><\/p>\n<p>I koltrastens land<br \/>\nBetyg 4<br \/>\nSvensk biopremi\u00e4r 26 november 2021<br \/>\nRegiss\u00f6r Blerta Basholli<br \/>\nMedverkande Yllka Gashi, \u00c7un Laj\u00e7i, Aurita Agushi, med flera<\/p>\n<p>Att starta en mindre aff\u00e4rsverksamhet i en patriarkalisk bygd i Europa kan m\u00f6ta stort motst\u00e5nd. Denna film skildrar n\u00e5gra kvinnor som v\u00e5gade st\u00e5 upp f\u00f6r sin r\u00e4tt att ta hand om sin familj och samtidigt f\u00f6r vi se hur m\u00e4nniskor i Kosovo lever med en stor fr\u00e5ga: var \u00e4r deras f\u00f6rsvunna m\u00e4n, pappor och br\u00f6der? Tusentals m\u00e4n f\u00f6rsvann under det krig som h\u00e4rjade i Kosovo. De kvinnor som tar ansvar f\u00f6r sina familjers ekonomi utmanar patriarkala krafter.<\/p>\n<p>I fokus f\u00f6r denna skildring st\u00e5r Fahrije, en kvinna vars man varit f\u00f6rsvunnen sedan kriget i Kosovo. Utan man i huset har familjen sv\u00e5rt att f\u00e5 ekonomin att fungera. Hennes sv\u00e4rfar, mannens pappa bor med dem men han \u00e4r gammal och rullstolsbunden och kan inte bidra med s\u00e5 mycket. F\u00f6r att f\u00e5 pengar att \u00f6verleva startar Fahrije en aff\u00e4rsverksamhet genom att s\u00e4lja hemmagjord ajvar. Hon tar k\u00f6rkort och startar aff\u00e4rsprojektet tillsammans med andra kvinnor vilket inte ses med blida \u00f6gon. Hon blir hotad och utsatt och hennes barn f\u00e5r m\u00f6ta elaka kommentarer.<\/p>\n<p>Filmskaparen har valt att ber\u00e4tta med bilder som fotograferade f\u00f6r att ge en stark k\u00e4nsla av realism, av autenticitet. Det k\u00e4nns som om att det \u00e4r verkligheten, n\u00e4stan som en dokument\u00e4r, som att jag \u00e4r med d\u00e4r p\u00e5 plats.<\/p>\n<p>Det \u00e4r v\u00e4ldigt bra filmat och ber\u00e4ttat, i en lugn takt d\u00e4r mycket h\u00e4nder under ytan. Vi ser hur en del av karakt\u00e4rerna v\u00e4xer och utvecklas. Samtidigt som de utst\u00e5r en h\u00e5rd kamp och Fahrije och \u00f6vriga kvinnor m\u00e5ste st\u00e5 p\u00e5 sig och v\u00e5ga tro p\u00e5 sig sj\u00e4lva ser vi hur de st\u00e4rks av sin gemenskap. Filmen \u00e4r en \u00f6gon\u00f6ppnare och ger hopp.<\/p>\n<p>Filmen bygger p\u00e5 verkliga h\u00e4ndelser. Inte bara att den utspelas i ett land och en bygd som p\u00e5verkats av kriget och d\u00e4r m\u00e4nniskor fortfarande s\u00f6ker f\u00f6rsvunna m\u00e4n utan ocks\u00e5 ber\u00e4ttelsen om Fahrije och de andra kvinnorna bygger p\u00e5 verkligheten.<\/p>\n<p>F\u00f6r mig var detta en vacker, stark, ber\u00f6rande \u00f6gon\u00f6ppnare. Jag hoppas m\u00e5nga ser denna film. Ibland k\u00e4nns det som att vi i Sverige som inte kommer fr\u00e5n l\u00e4nder som drabbats av krig under senaste femtio \u00e5ren inte inser vilken verklighet m\u00e5nga i Europa lever i.<\/p>\n<p>Filmbolaget ber\u00e4ttar:<br \/>\n<em>Denna feministiska filmp\u00e4rla blev en sensation p\u00e5 filmfestivalen i Sundance d\u00e4r den hade sin v\u00e4rldspremi\u00e4r tidigare i \u00e5r och kammade hem tre av festivalens tyngsta priser: det stora jurypriset, b\u00e4sta regiss\u00f6r och publikpriset. I koltrastens land \u00e4r \u00e4ven Kosovs Oscarsbidrag.<\/em><\/p>\n<p><iframe loading=\"lazy\" title=\"YouTube video player\" src=\"https:\/\/www.youtube.com\/embed\/RYsir3tz-Nc\" width=\"560\" height=\"315\" frameborder=\"0\" allowfullscreen=\"allowfullscreen\"><\/iframe><\/p>\n","protected":false},"excerpt":{"rendered":"<p>I koltrastens land Betyg 4 Svensk biopremi\u00e4r 26 november 2021 Regiss\u00f6r Blerta Basholli Medverkande Yllka Gashi, \u00c7un Laj\u00e7i, Aurita Agushi, med flera Att starta en mindre aff\u00e4rsverksamhet i en patriarkalisk bygd i Europa kan m\u00f6ta stort motst\u00e5nd. Denna film skildrar n\u00e5gra kvinnor som v\u00e5gade st\u00e5 upp f\u00f6r sin r\u00e4tt att ta hand om sin familj [&hellip;]<\/p>\n","protected":false},"author":2,"featured_media":0,"comment_status":"closed","ping_status":"closed","sticky":false,"template":"","format":"standard","meta":{"_genesis_hide_title":false,"_genesis_hide_breadcrumbs":false,"_genesis_hide_singular_image":false,"_genesis_hide_footer_widgets":false,"_genesis_custom_body_class":"","_genesis_custom_post_class":"","_genesis_layout":"","footnotes":""},"categories":[50,51,16,20,13624],"tags":[1690,1738,14213,14214],"class_list":{"0":"post-146528","1":"post","2":"type-post","3":"status-publish","4":"format-standard","6":"category-filmfilm","7":"category-filmer","8":"category-recension","9":"category-film","10":"category-toppnytt","11":"tag-feminism","12":"tag-filmrecension","13":"tag-kosovo","14":"tag-krigsdrabbat","15":"entry"},"_links":{"self":[{"href":"https:\/\/kulturbloggen.com\/index.php?rest_route=\/wp\/v2\/posts\/146528","targetHints":{"allow":["GET"]}}],"collection":[{"href":"https:\/\/kulturbloggen.com\/index.php?rest_route=\/wp\/v2\/posts"}],"about":[{"href":"https:\/\/kulturbloggen.com\/index.php?rest_route=\/wp\/v2\/types\/post"}],"author":[{"embeddable":true,"href":"https:\/\/kulturbloggen.com\/index.php?rest_route=\/wp\/v2\/users\/2"}],"replies":[{"embeddable":true,"href":"https:\/\/kulturbloggen.com\/index.php?rest_route=%2Fwp%2Fv2%2Fcomments&post=146528"}],"version-history":[{"count":25,"href":"https:\/\/kulturbloggen.com\/index.php?rest_route=\/wp\/v2\/posts\/146528\/revisions"}],"predecessor-version":[{"id":146644,"href":"https:\/\/kulturbloggen.com\/index.php?rest_route=\/wp\/v2\/posts\/146528\/revisions\/146644"}],"wp:attachment":[{"href":"https:\/\/kulturbloggen.com\/index.php?rest_route=%2Fwp%2Fv2%2Fmedia&parent=146528"}],"wp:term":[{"taxonomy":"category","embeddable":true,"href":"https:\/\/kulturbloggen.com\/index.php?rest_route=%2Fwp%2Fv2%2Fcategories&post=146528"},{"taxonomy":"post_tag","embeddable":true,"href":"https:\/\/kulturbloggen.com\/index.php?rest_route=%2Fwp%2Fv2%2Ftags&post=146528"}],"curies":[{"name":"wp","href":"https:\/\/api.w.org\/{rel}","templated":true}]}}