{"id":146488,"date":"2021-11-11T16:40:47","date_gmt":"2021-11-11T14:40:47","guid":{"rendered":"https:\/\/kulturbloggen.com\/?p=146488"},"modified":"2021-11-11T16:40:48","modified_gmt":"2021-11-11T14:40:48","slug":"sahraa-karimi-filmregissor-som-tvingades-fly-fran-afganistan-ge-inte-erkannande-at-talibanerna","status":"publish","type":"post","link":"https:\/\/kulturbloggen.com\/?p=146488","title":{"rendered":"Sahraa Karimi, filmregiss\u00f6r som tvingades fly fr\u00e5n Afganistan: Ge inte erk\u00e4nnande \u00e5t talibanerna"},"content":{"rendered":"<figure id=\"attachment_146510\" aria-describedby=\"caption-attachment-146510\" style=\"width: 650px\" class=\"wp-caption aligncenter\"><img loading=\"lazy\" decoding=\"async\" class=\"size-full wp-image-146510\" src=\"https:\/\/kulturbloggen.com\/wp-content\/uploads\/2021\/11\/11112021_Afganistan-Sahraa_7_Thomas_Persson.jpg\" alt=\"\" width=\"650\" height=\"433\" srcset=\"https:\/\/kulturbloggen.com\/wp-content\/uploads\/2021\/11\/11112021_Afganistan-Sahraa_7_Thomas_Persson.jpg 650w, https:\/\/kulturbloggen.com\/wp-content\/uploads\/2021\/11\/11112021_Afganistan-Sahraa_7_Thomas_Persson-300x200.jpg 300w\" sizes=\"auto, (max-width: 650px) 100vw, 650px\" \/><figcaption id=\"caption-attachment-146510\" class=\"wp-caption-text\">\u00c5sne Seierstad, Sahraa Karimi, Ann Linde. Foto: Thomas Persson<\/figcaption><\/figure>\n<p>Erk\u00e4nn inte talibanerna som tagit \u00f6ver Afganistan. Det p\u00e5pekade Sahraa Karimi, kvinnlig filmregiss\u00f6r och tidigare chef f\u00f6r Afganistans filminstitut, som deltog i en paneldebatt p\u00e5 Stockholms filmfestival den 11 november 2021.<br \/>\nSverige utrikesminister, Ann Linde, deltog i panelen och ber\u00e4ttade att Sverige ger mer \u00e4n 1 miljard svenska kronor i bist\u00e5nd \u00e5rligen till talibanernas Afganistan.<\/p>\n<p><img loading=\"lazy\" decoding=\"async\" class=\"alignright size-medium wp-image-146513\" src=\"https:\/\/kulturbloggen.com\/wp-content\/uploads\/2021\/11\/11112021_Afganistan-Sahraa_23_Thomas_Persson-300x200.jpg\" alt=\"\" width=\"300\" height=\"200\" srcset=\"https:\/\/kulturbloggen.com\/wp-content\/uploads\/2021\/11\/11112021_Afganistan-Sahraa_23_Thomas_Persson-300x200.jpg 300w, https:\/\/kulturbloggen.com\/wp-content\/uploads\/2021\/11\/11112021_Afganistan-Sahraa_23_Thomas_Persson.jpg 650w\" sizes=\"auto, (max-width: 300px) 100vw, 300px\" \/>Paneldiskussion var v\u00e4ldigt sn\u00e4ll trots att de tre deltagarna, Sahraa Karimi, Ann Linde och Anna Ek fr\u00e5n Svenska Afganistan Kommitten, SAK, egentligen st\u00e5r r\u00e4tt l\u00e5ngt ifr\u00e5n varandra i hur de vill agera gentemot talibanerna. Att kvinnor och kulturarbetare uts\u00e4tts f\u00f6r en sv\u00e5rt f\u00f6rtryck i talibanernas Afghanistan, det var alla tre \u00f6verens om. Men vad som \u00e4r den r\u00e4tta v\u00e4gen att g\u00e5, d\u00e4r ser dessa tre helt olika p\u00e5 situationen.<\/p>\n<p>Anna Ek ber\u00e4ttade att SAK verkat i Afganistan i mer \u00e4n 40 \u00e5r och klarat att utf\u00f6ra sin uppgift under olika afganska regeringar. Hon pekade p\u00e5 att de nu driver skolor f\u00f6r barn d\u00e4r 60 procent av eleverna \u00e4r flickor.<br \/>\n&#8211; Det \u00e4r en ovanlig f\u00f6rdelning i v\u00e5ra skolor i Afganistan, oftast \u00e4r pojkarnas andel m\u00e5nga g\u00e5nger fler \u00e4n flickornas andel i skolorna efter att talibanerna tog \u00f6ver, sade Anna Ek.<\/p>\n<p>Det \u00e4r sj\u00e4lva k\u00e4rnan i diskussionen: \u00e4r det b\u00e4st att hj\u00e4lpa till och g\u00f6ra livet b\u00e4ttre f\u00f6r n\u00e5gra flickor \u00e4ven om det st\u00e4rker talibanerna? Jag skulle v\u00e4l \u00f6nskat att paneldebattens moderator, den norska journalisten \u00c5sne Seierstad, st\u00e4llt denna fr\u00e5ga lite mer rakt p\u00e5. Jag saknade att hon inte sammanfattade denna diskussion och bad deltagarna utveckla sina tankar kring hur bist\u00e5nd till Afganistan kan f\u00f6rdelas utan att samtidigt ge erk\u00e4nnande \u00e5t talibanerna. Ann Linde och Anna Ek sade det inte rent ut, men jag tolkade det som att de menar det \u00e4r b\u00e4ttre att ge bist\u00e5nd \u00e4ven om det faller till talibanerna samtidigt medan Sahraa Karimi betonade om och om igen att det \u00e4r oerh\u00f6rt viktigt att inte ge talibanerna erk\u00e4nnande.<\/p>\n<p>Att kvinnor lever under f\u00f6rtryck i talibanernas Afghanistan var alla i panelen \u00f6verens om. Sahraa Karimi var utan tvekan den mest livfulla och engagerade paneldeltagaren. Hennes tal lysta av \u00e4kta engagemang och hon  ber\u00e4ttade om hur tufft det varit ocks\u00e5 f\u00f6re talibanernas makt.<br \/>\n&#8211; Vi var flera kvinnor som skapade film och som fick internationell uppm\u00e4rksamhet, men det kostade oss en hel del. Vi fick utst\u00e5 hon och f\u00f6rf\u00f6ljelse och m\u00e5nga g\u00e5nger var vi tvungna att t\u00e4nka p\u00e5 v\u00e5r s\u00e4kerhet. Vi levde under hot redan f\u00f6re talibanernas makt\u00f6vertagande, sade Sahraa Karimi.<\/p>\n<p><iframe loading=\"lazy\" width=\"560\" height=\"315\" src=\"https:\/\/www.youtube.com\/embed\/T9dQCwWYLuQ\" title=\"YouTube video player\" frameborder=\"0\" allow=\"accelerometer; autoplay; clipboard-write; encrypted-media; gyroscope; picture-in-picture\" allowfullscreen=\"\"><\/iframe><\/p>\n","protected":false},"excerpt":{"rendered":"<p>Erk\u00e4nn inte talibanerna som tagit \u00f6ver Afganistan. Det p\u00e5pekade Sahraa Karimi, kvinnlig filmregiss\u00f6r och tidigare chef f\u00f6r Afganistans filminstitut, som deltog i en paneldebatt p\u00e5 Stockholms filmfestival den 11 november 2021. Sverige utrikesminister, Ann Linde, deltog i panelen och ber\u00e4ttade att Sverige ger mer \u00e4n 1 miljard svenska kronor i bist\u00e5nd \u00e5rligen till talibanernas Afganistan. [&hellip;]<\/p>\n","protected":false},"author":2,"featured_media":0,"comment_status":"closed","ping_status":"closed","sticky":false,"template":"","format":"standard","meta":{"_genesis_hide_title":false,"_genesis_hide_breadcrumbs":false,"_genesis_hide_singular_image":false,"_genesis_hide_footer_widgets":false,"_genesis_custom_body_class":"","_genesis_custom_post_class":"","_genesis_layout":"","footnotes":""},"categories":[50,5,62,20,13624],"tags":[],"class_list":{"0":"post-146488","1":"post","2":"type-post","3":"status-publish","4":"format-standard","6":"category-filmfilm","7":"category-intervju","8":"category-medie-och-kulturpolitik","9":"category-film","10":"category-toppnytt","11":"entry"},"_links":{"self":[{"href":"https:\/\/kulturbloggen.com\/index.php?rest_route=\/wp\/v2\/posts\/146488","targetHints":{"allow":["GET"]}}],"collection":[{"href":"https:\/\/kulturbloggen.com\/index.php?rest_route=\/wp\/v2\/posts"}],"about":[{"href":"https:\/\/kulturbloggen.com\/index.php?rest_route=\/wp\/v2\/types\/post"}],"author":[{"embeddable":true,"href":"https:\/\/kulturbloggen.com\/index.php?rest_route=\/wp\/v2\/users\/2"}],"replies":[{"embeddable":true,"href":"https:\/\/kulturbloggen.com\/index.php?rest_route=%2Fwp%2Fv2%2Fcomments&post=146488"}],"version-history":[{"count":19,"href":"https:\/\/kulturbloggen.com\/index.php?rest_route=\/wp\/v2\/posts\/146488\/revisions"}],"predecessor-version":[{"id":146524,"href":"https:\/\/kulturbloggen.com\/index.php?rest_route=\/wp\/v2\/posts\/146488\/revisions\/146524"}],"wp:attachment":[{"href":"https:\/\/kulturbloggen.com\/index.php?rest_route=%2Fwp%2Fv2%2Fmedia&parent=146488"}],"wp:term":[{"taxonomy":"category","embeddable":true,"href":"https:\/\/kulturbloggen.com\/index.php?rest_route=%2Fwp%2Fv2%2Fcategories&post=146488"},{"taxonomy":"post_tag","embeddable":true,"href":"https:\/\/kulturbloggen.com\/index.php?rest_route=%2Fwp%2Fv2%2Ftags&post=146488"}],"curies":[{"name":"wp","href":"https:\/\/api.w.org\/{rel}","templated":true}]}}