{"id":146463,"date":"2021-11-11T14:00:56","date_gmt":"2021-11-11T12:00:56","guid":{"rendered":"https:\/\/kulturbloggen.com\/?p=146463"},"modified":"2021-11-12T02:12:58","modified_gmt":"2021-11-12T00:12:58","slug":"hogtryck-och-festlig-stamning-tomas-von-bromssen-och-jassorkestern-pa-nefertii-valand","status":"publish","type":"post","link":"https:\/\/kulturbloggen.com\/?p=146463","title":{"rendered":"H\u00f6gtryck och festlig st\u00e4mning &#8211; Tomas von Br\u00f6mssen och Jassorkestern p\u00e5 Neferti\/ Valand"},"content":{"rendered":"\n<figure class=\"wp-block-image size-full\"><img loading=\"lazy\" decoding=\"async\" width=\"650\" height=\"433\" src=\"https:\/\/kulturbloggen.com\/wp-content\/uploads\/2021\/11\/thumbnail_DSC02327.jpg\" alt=\"\" class=\"wp-image-146465\" srcset=\"https:\/\/kulturbloggen.com\/wp-content\/uploads\/2021\/11\/thumbnail_DSC02327.jpg 650w, https:\/\/kulturbloggen.com\/wp-content\/uploads\/2021\/11\/thumbnail_DSC02327-300x200.jpg 300w\" sizes=\"auto, (max-width: 650px) 100vw, 650px\" \/><figcaption>foto Josefin Stacy                                                   <\/figcaption><\/figure>\n\n\n\n<p>G\u00f6teborg Jazz Orchestra &amp; Tomas Von Br\u00f6mssen<\/p>\n\n\n\n<p>Valand (Jazzf\u00f6reningen Nefertiti)<\/p>\n\n\n\n<p>9\/11 2021<\/p>\n\n\n\n<p><\/p>\n\n\n\n<p>Bistert v\u00e4der, n\u00e4rmare best\u00e4mt regnrusk. Men inomhus spreds musikalisk v\u00e4rme, trivsel och m\u00e5nga skratt n\u00e4r storbandsscenens nya flaggskepp f\u00f6rt\u00f6jdes f\u00f6r ett par timmar, vid scenen inne p\u00e5 Valand i s\u00e4llskap av den sm\u00e5tt legendariske m\u00e5ngsysslaren Tomas von Br\u00f6mssen. Under pandemin samarbetade de f\u00f6r f\u00f6rsta g\u00e5ngen, vilket resulterade i mycket lyckad konsert f\u00f6r till\u00e5tna femtio lyckliga sj\u00e4lar p\u00e5 Brewhouse.  P2 (Jazzradion) fanns p\u00e5 plats och spelade in vars highlights hamnade p\u00e5 uts\u00f6kt skiva. Omkring etthundra personer fyllde Valand, \u00f6verv\u00e4gande sittande publik.  Medel\u00e5ldern p\u00e5 de som lockats av kombinationen  Br\u00f6mssen och h\u00f6gkvalitativ jazzorkester var h\u00f6g. F\u00f6rest\u00e4llningen p\u00e5gick i ett svep under n\u00e4rmare tv\u00e5 timmar. Tillfredsst\u00e4llande ljud, \u00e4ven om Tomas von Br\u00f6mssens mikrofon kunde ha f\u00e5tt aningens h\u00f6gre volym n\u00e4r han drog sina underh\u00e5llande anekdoter.<\/p>\n\n\n\n<p>Noterar inga dippar, vilka inte existerar tack vare uppn\u00e5dd professionell niv\u00e5. GJO \u00e4r helt enkelt f\u00f6r bra f\u00f6r att s\u00e5dana ska slinka igenom. D\u00e4remot f\u00f6rekom n\u00e5gra g\u00e5ngar l\u00e5tar som framf\u00f6rts \u00e4nnu mer \u00f6vertygande vid andra tillf\u00e4llen. Jazzorkestern \u00e4r p\u00e5 t\u00e5rna, m\u00e4rkbart taggad. Kickar ig\u00e5ng med sprittande snabb start i <em>Seven Steps To Heaven<\/em>,  avl\u00f6ses av <em>Gravitation<\/em>, en snirklig fulltr\u00e4ff med repetitivt tema. Kompositionen signerad Georg Riedel har specialskrivits f\u00f6r GJO. Str\u00e4cks elegant och samf\u00e4llt ut i  synkoperade b\u00f6jar. Tenorsaxofonist  Bj\u00f6rn Cedergren \u00e4r inledningsvis flitigast i elden med den \u00e4ran.<\/p>\n\n\n\n<figure class=\"wp-block-image size-full\"><img loading=\"lazy\" decoding=\"async\" width=\"650\" height=\"433\" src=\"https:\/\/kulturbloggen.com\/wp-content\/uploads\/2021\/11\/thumbnail_Foto-Kristin-Lidell-6.jpg\" alt=\"\" class=\"wp-image-146480\" srcset=\"https:\/\/kulturbloggen.com\/wp-content\/uploads\/2021\/11\/thumbnail_Foto-Kristin-Lidell-6.jpg 650w, https:\/\/kulturbloggen.com\/wp-content\/uploads\/2021\/11\/thumbnail_Foto-Kristin-Lidell-6-300x200.jpg 300w\" sizes=\"auto, (max-width: 650px) 100vw, 650px\" \/><figcaption>foto Kristin Lidell                                             <\/figcaption><\/figure>\n\n\n\n<p>D\u00e4refter g\u00f6r Tomas von Br\u00f6mssen sin f\u00f6rsta entr\u00e9. Han driver en tes och ger argument f\u00f6r varf\u00f6r han haft sv\u00e5rt med storband. Visar sig g\u00e5 tillbaka till traumatiska minnen fr\u00e5n skoldanser, till dixieland och hans r\u00f6tter i den traditionen, varur han han ger exempel genom raffinerat klarinettspel. K\u00e4nner igen \u00f6rh\u00e4nge i form av sl\u00e4pig blues av Sidney Bechet, vars titel \u00e4r <em>Just A Closer Walk With Thee. <\/em>Den f\u00f6regicks av <em>I Scream You Scream.<\/em>  Kul uppl\u00e4gg med en sk\u00e4mtsam, delvis konstruerad konflikt. En betydelsefull inriktning inom svensk jazz under 60- och 70-tal som Br\u00f6mssen ventilerar lika lustfyllt , \u00e4r inf\u00f6rseln av folkmusik genom Bengt-Arne Wallin, Jan Johansson med flera.<\/p>\n\n\n\n<p>  Tomas sjunger effektfullt och ber\u00e4ttar animerat. Dr\u00e5pligt redog\u00f6r han f\u00f6r m\u00f6ten med spelm\u00e4n med anor bak\u00e5t, p\u00e5 Falun Folkmusikfestival. Och han \u00e4r en fena p\u00e5 att spela s\u00e4lgfl\u00f6jt.  Polska nynnas s\u00e5 att publiken f\u00f6rnimmer vad det handlar om. Riktigt kul blir det n\u00e4r skabr\u00f6s folkvisa, plockad fr\u00e5n Sten \u00c5ke Cederh\u00f6ks Albert-figur <em>(Albert &amp; Herbert <\/em>SVT), framf\u00f6rs p\u00e5 s\u00e5ng till ackompanjemang p\u00e5 concertina.. Vi t\u00e4nker p\u00e5 Tomas von Br\u00f6mssen i egenskap av revytillverkare och karakt\u00e4rssk\u00e5despelare. Alltf\u00f6r s\u00e4llan identifieras han som den gode musiker han \u00e4r. (inte alla bara Majornas 3dje Rote). I groovigt nummer featuring rytmsektionen excellerar han p\u00e5 s\u00e4lgfl\u00f6jt. <\/p>\n\n\n\n<figure class=\"wp-block-image size-full\"><img loading=\"lazy\" decoding=\"async\" width=\"433\" height=\"650\" src=\"https:\/\/kulturbloggen.com\/wp-content\/uploads\/2021\/11\/thumbnail_Foto-Kristin-Lidell-3.jpg\" alt=\"\" class=\"wp-image-146481\" srcset=\"https:\/\/kulturbloggen.com\/wp-content\/uploads\/2021\/11\/thumbnail_Foto-Kristin-Lidell-3.jpg 433w, https:\/\/kulturbloggen.com\/wp-content\/uploads\/2021\/11\/thumbnail_Foto-Kristin-Lidell-3-200x300.jpg 200w\" sizes=\"auto, (max-width: 433px) 100vw, 433px\" \/><figcaption>foto Kristin Lidell                                                                                            <\/figcaption><\/figure>\n\n\n\n<p> Vet inte om ljudtekniker medvetet skruvat upp volymen p\u00e5 Olli Rantalas kontrabas. S\u00e5 kan ha varit fallet f\u00f6r att f\u00e5 till avsett schwung, s\u00e4rskilt i de folkloristiska inslagen. Var hur som helst en fr\u00f6jd att h\u00f6ra honom i helfigur, inte minst i teamwork med briljante percussionsten Michael Andersson som ocks\u00e5 hade en framtr\u00e4dande roll.<\/p>\n\n\n\n<p>Tv\u00e5 h\u00f6jdpunkter t\u00e4mligen tidigt in i programmet har \u00e5nyo nestorn Riedels penna som avs\u00e4ndare. F\u00f6rst en behagligt svepande ballad med Jakob Sollerman p\u00e5 trombon och trumpetaren Jonathan Kronevik i solistroller betitlad A <em>Letter To Billy Strayhorn And Duke Ellington<\/em>, \u00e5tf\u00f6ljd av <em>Brev till Lars Gullin. <\/em>Lite underligt att utrymme viks \u00e5t tenor (Andreas Hall) ist\u00e4llet f\u00f6r baryton \u00e4ven om uppl\u00e4gget f\u00f6rst\u00e5s funkar fint. Ovan n\u00e4mnda melodier var en specialbest\u00e4llning i \u00e5r till Sandviken Big Band, melodier HJO f\u00e5tt tillst\u00e5nd att framf\u00f6ra.<\/p>\n\n\n\n<figure class=\"wp-block-image size-full\"><img loading=\"lazy\" decoding=\"async\" width=\"650\" height=\"433\" src=\"https:\/\/kulturbloggen.com\/wp-content\/uploads\/2021\/11\/thumbnail_Foto-Kristin-Lidell-12.jpg\" alt=\"\" class=\"wp-image-146482\" srcset=\"https:\/\/kulturbloggen.com\/wp-content\/uploads\/2021\/11\/thumbnail_Foto-Kristin-Lidell-12.jpg 650w, https:\/\/kulturbloggen.com\/wp-content\/uploads\/2021\/11\/thumbnail_Foto-Kristin-Lidell-12-300x200.jpg 300w\" sizes=\"auto, (max-width: 650px) 100vw, 650px\" \/><figcaption>foto Kristin Lidell                                                       <\/figcaption><\/figure>\n\n\n\n<p>GJO visar upp \u00e5tskilliga starkt skinande facetter. Jazz i folkton utvecklas till stampa-takten-tong\u00e5ngar. <em>Gubben u K\u00e4llinge, <\/em>folkvisa fr\u00e5n Gotland (nedtecknad av Georg Riedel) inneh\u00e5ller basintro \u00e1 la Mingus, varefter totalsynkade bl\u00e5sare kliver in plus slagverkare Andersson. Pontus Pohl p\u00e5 altsax \u00e4r i framkant i detta gnistrande \u00e4ventyr. Den och <em>Lapp-Nils Polska <\/em>som Br\u00f6mssen gjorde med kompet i denna avdelning av programmet, hade h\u00e4mtats fr\u00e5n en radio- och skivinspelning 1965 som hette <em>\u00c4ventyr i jazz och folkmusik.<\/em> Visa fr\u00e5n Utanmyra med sin suggestiva magi, framstod som alltf\u00f6r udda i Bengt Hallbergs arr. Desto mer utbyte hade jag av signaturmelodin till Pippi L\u00e5ngstrump. Kompet anf\u00f6rda av  Michael Andersson  och inspirerade bl\u00e5sare kr\u00e4mar p\u00e5. Noterar Ella Wennerberg p\u00e5 bastuba, piggt klarinettsolo av Andreas Hall (tillika aftonens presentat\u00f6r) och en  snyggt riffande Erik Weissglas. Tr\u00e4bl\u00e5ssektionen fyller i med fl\u00f6jt respektive klarinett. Registrerar extrem l\u00e5ngsam version av <em>Fr\u00f6ken Fr\u00e4ken <\/em>(arr Bengt Hallberg) d\u00e4r fokus riktas emot Gustav Elg Tyskling vid flygeln.  \u00c4nnu en tolkning som stack ut.<\/p>\n\n\n\n<figure class=\"wp-block-image size-full\"><img loading=\"lazy\" decoding=\"async\" width=\"650\" height=\"391\" src=\"https:\/\/kulturbloggen.com\/wp-content\/uploads\/2021\/11\/thumbnail_Foto-Kristin-Lidell-26.jpg\" alt=\"\" class=\"wp-image-146483\" srcset=\"https:\/\/kulturbloggen.com\/wp-content\/uploads\/2021\/11\/thumbnail_Foto-Kristin-Lidell-26.jpg 650w, https:\/\/kulturbloggen.com\/wp-content\/uploads\/2021\/11\/thumbnail_Foto-Kristin-Lidell-26-300x180.jpg 300w\" sizes=\"auto, (max-width: 650px) 100vw, 650px\" \/><figcaption>foto Kristin Lidell                                                <\/figcaption><\/figure>\n\n\n\n<p>Ytterligare en exceptionellt sn\u00e4rtigt sak h\u00e4mtas fr\u00e5n Eje Thelins sista stora verk <em>Raggruppamento. <\/em>Sn\u00e4rtigt v\u00e4rre n\u00e4r ett fyrverkeri av rytmer g\u00e5r p\u00e5 offensiven. \u00c4nnu en h\u00f6jdare och slagverkare Andersson bidrog v\u00e4sentligt. I gitarrist Erik Weissglas  <em>Guidelines <\/em>(inspelad 2016 med bland andra Georg Riedel) m\u00e4rks attraktivt svepande linjer, \u00e4ven om l\u00e5ten gjorts \u00e4nnu skarpare vid andra tillf\u00e4llen. Suggestiva <em>Tunisian Nights<\/em>, Erik Norstr\u00f6ms variant p\u00e5 Dizzy-klassiker, fl\u00f6dade av gnistrande trumpeter och ett snyggt J.J Johnson-liknande solo av duktige Jakob Sollerman Crescendot levereras i energigivande duell mellan trumslagare Per Boqvist och flera g\u00e5nger redan rosade Michael Andersson. <em>Blues In My Shoes<\/em> i omissk\u00e4nnlig Count Basie- skepnad, kom med som fr\u00e4ckt medryckande extranummer, med glimrande klarinettdialog mellan Anderas Hall och g\u00e4stande celebritet. Optimalt sv\u00e4ng garanteras! <\/p>\n\n\n\n<p>Som avrundning f\u00f6re sedvanligt st\u00e5tligt, sv\u00e4ngigt extranummer konkluderar den ber\u00f6mde kulturarbetaren fr\u00e5n G\u00f6teborg (lika n\u00f6jd som publiken): &#8221;Tack f\u00f6r att ni i G\u00f6teborg Jazz Orchestra hj\u00e4lpte mig \u00f6ver tr\u00f6skeln, nj\u00f6t flera g\u00e5nger. Blev en slags f\u00f6rh\u00f6jning.&#8221;  Subtil ironi som h\u00f6rde hemma p\u00e5 en synnerligen trevlig och v\u00e4lljudande sammankomst. <\/p>\n\n\n\n<p><\/p>\n\n\n\n<p>obs Kristin Lidells konsertbilder tagna vid annat tillf\u00e4lle<\/p>\n\n\n\n<p><\/p>\n\n\n\n<p><\/p>\n\n\n\n<p> <\/p>\n\n\n\n<p>  <\/p>\n","protected":false},"excerpt":{"rendered":"<p>G\u00f6teborg Jazz Orchestra &amp; Tomas Von Br\u00f6mssen Valand (Jazzf\u00f6reningen Nefertiti) 9\/11 2021 Bistert v\u00e4der, n\u00e4rmare best\u00e4mt regnrusk. Men inomhus spreds musikalisk v\u00e4rme, trivsel och m\u00e5nga skratt n\u00e4r storbandsscenens nya flaggskepp f\u00f6rt\u00f6jdes f\u00f6r ett par timmar, vid scenen inne p\u00e5 Valand i s\u00e4llskap av den sm\u00e5tt legendariske m\u00e5ngsysslaren Tomas von Br\u00f6mssen. Under pandemin samarbetade de f\u00f6r [&hellip;]<\/p>\n","protected":false},"author":34,"featured_media":0,"comment_status":"closed","ping_status":"closed","sticky":false,"template":"","format":"standard","meta":{"_genesis_hide_title":false,"_genesis_hide_breadcrumbs":false,"_genesis_hide_singular_image":false,"_genesis_hide_footer_widgets":false,"_genesis_custom_body_class":"","_genesis_custom_post_class":"","_genesis_layout":"","footnotes":""},"categories":[7,16],"tags":[],"class_list":{"0":"post-146463","1":"post","2":"type-post","3":"status-publish","4":"format-standard","6":"category-musik","7":"category-recension","8":"entry"},"_links":{"self":[{"href":"https:\/\/kulturbloggen.com\/index.php?rest_route=\/wp\/v2\/posts\/146463","targetHints":{"allow":["GET"]}}],"collection":[{"href":"https:\/\/kulturbloggen.com\/index.php?rest_route=\/wp\/v2\/posts"}],"about":[{"href":"https:\/\/kulturbloggen.com\/index.php?rest_route=\/wp\/v2\/types\/post"}],"author":[{"embeddable":true,"href":"https:\/\/kulturbloggen.com\/index.php?rest_route=\/wp\/v2\/users\/34"}],"replies":[{"embeddable":true,"href":"https:\/\/kulturbloggen.com\/index.php?rest_route=%2Fwp%2Fv2%2Fcomments&post=146463"}],"version-history":[{"count":22,"href":"https:\/\/kulturbloggen.com\/index.php?rest_route=\/wp\/v2\/posts\/146463\/revisions"}],"predecessor-version":[{"id":146550,"href":"https:\/\/kulturbloggen.com\/index.php?rest_route=\/wp\/v2\/posts\/146463\/revisions\/146550"}],"wp:attachment":[{"href":"https:\/\/kulturbloggen.com\/index.php?rest_route=%2Fwp%2Fv2%2Fmedia&parent=146463"}],"wp:term":[{"taxonomy":"category","embeddable":true,"href":"https:\/\/kulturbloggen.com\/index.php?rest_route=%2Fwp%2Fv2%2Fcategories&post=146463"},{"taxonomy":"post_tag","embeddable":true,"href":"https:\/\/kulturbloggen.com\/index.php?rest_route=%2Fwp%2Fv2%2Ftags&post=146463"}],"curies":[{"name":"wp","href":"https:\/\/api.w.org\/{rel}","templated":true}]}}