{"id":146338,"date":"2021-11-05T14:14:31","date_gmt":"2021-11-05T12:14:31","guid":{"rendered":"https:\/\/kulturbloggen.com\/?p=146338"},"modified":"2021-11-05T14:14:32","modified_gmt":"2021-11-05T12:14:32","slug":"lyssna-bo-kaspers-orkester-har-slappt-i-denna-morka-vintertid-julalbumet","status":"publish","type":"post","link":"https:\/\/kulturbloggen.com\/?p=146338","title":{"rendered":"Lyssna: Bo Kaspers Orkester har sl\u00e4ppt I denna m\u00f6rka vintertid julalbumet"},"content":{"rendered":"<p><img loading=\"lazy\" decoding=\"async\" class=\"aligncenter size-full wp-image-146343\" src=\"https:\/\/kulturbloggen.com\/wp-content\/uploads\/2021\/11\/unnamed-58.jpg\" alt=\"\" width=\"650\" height=\"366\" srcset=\"https:\/\/kulturbloggen.com\/wp-content\/uploads\/2021\/11\/unnamed-58.jpg 650w, https:\/\/kulturbloggen.com\/wp-content\/uploads\/2021\/11\/unnamed-58-300x169.jpg 300w\" sizes=\"auto, (max-width: 650px) 100vw, 650px\" \/><\/p>\n<p>Bo Kaspers Orkester har sl\u00e4ppt sitt f\u00f6rsta julalbum n\u00e5gonsin; \u201cI denna m\u00f6rka vintertid\u201d (Sony Music) \u2013 det \u00e4r en tidl\u00f6s skiva med personliga betraktelser om livet kring jul och den m\u00f6rka \u00e5rstiden. Som alltid b\u00e4r l\u00e5tarna bandets signum; texter och melodier med en osviklig k\u00e4nsla f\u00f6r b\u00e5de ord och ton.<\/p>\n<p><iframe loading=\"lazy\" src=\"https:\/\/open.spotify.com\/embed\/album\/3xJtWy8gYrp4SmOMheujdg\" width=\"300\" height=\"380\" frameborder=\"0\"><\/iframe><\/p>\n","protected":false},"excerpt":{"rendered":"<p>Bo Kaspers Orkester har sl\u00e4ppt sitt f\u00f6rsta julalbum n\u00e5gonsin; \u201cI denna m\u00f6rka vintertid\u201d (Sony Music) \u2013 det \u00e4r en tidl\u00f6s skiva med personliga betraktelser om livet kring jul och den m\u00f6rka \u00e5rstiden. Som alltid b\u00e4r l\u00e5tarna bandets signum; texter och melodier med en osviklig k\u00e4nsla f\u00f6r b\u00e5de ord och ton.<\/p>\n","protected":false},"author":13,"featured_media":0,"comment_status":"closed","ping_status":"closed","sticky":false,"template":"","format":"standard","meta":{"_genesis_hide_title":false,"_genesis_hide_breadcrumbs":false,"_genesis_hide_singular_image":false,"_genesis_hide_footer_widgets":false,"_genesis_custom_body_class":"","_genesis_custom_post_class":"","_genesis_layout":"","footnotes":""},"categories":[7],"tags":[],"class_list":{"0":"post-146338","1":"post","2":"type-post","3":"status-publish","4":"format-standard","6":"category-musik","7":"entry"},"_links":{"self":[{"href":"https:\/\/kulturbloggen.com\/index.php?rest_route=\/wp\/v2\/posts\/146338","targetHints":{"allow":["GET"]}}],"collection":[{"href":"https:\/\/kulturbloggen.com\/index.php?rest_route=\/wp\/v2\/posts"}],"about":[{"href":"https:\/\/kulturbloggen.com\/index.php?rest_route=\/wp\/v2\/types\/post"}],"author":[{"embeddable":true,"href":"https:\/\/kulturbloggen.com\/index.php?rest_route=\/wp\/v2\/users\/13"}],"replies":[{"embeddable":true,"href":"https:\/\/kulturbloggen.com\/index.php?rest_route=%2Fwp%2Fv2%2Fcomments&post=146338"}],"version-history":[{"count":5,"href":"https:\/\/kulturbloggen.com\/index.php?rest_route=\/wp\/v2\/posts\/146338\/revisions"}],"predecessor-version":[{"id":146344,"href":"https:\/\/kulturbloggen.com\/index.php?rest_route=\/wp\/v2\/posts\/146338\/revisions\/146344"}],"wp:attachment":[{"href":"https:\/\/kulturbloggen.com\/index.php?rest_route=%2Fwp%2Fv2%2Fmedia&parent=146338"}],"wp:term":[{"taxonomy":"category","embeddable":true,"href":"https:\/\/kulturbloggen.com\/index.php?rest_route=%2Fwp%2Fv2%2Fcategories&post=146338"},{"taxonomy":"post_tag","embeddable":true,"href":"https:\/\/kulturbloggen.com\/index.php?rest_route=%2Fwp%2Fv2%2Ftags&post=146338"}],"curies":[{"name":"wp","href":"https:\/\/api.w.org\/{rel}","templated":true}]}}