{"id":14629,"date":"2009-11-05T13:12:24","date_gmt":"2009-11-05T12:12:24","guid":{"rendered":"http:\/\/kulturbloggen.com\/?p=14629"},"modified":"2009-11-05T13:12:24","modified_gmt":"2009-11-05T12:12:24","slug":"ian-brown-fran-the-stone-roses-till-sverige","status":"publish","type":"post","link":"https:\/\/kulturbloggen.com\/?p=14629","title":{"rendered":"Ian Brown fr\u00e5n The Stone Roses till Sverige"},"content":{"rendered":"<p><img loading=\"lazy\" decoding=\"async\" src=\"http:\/\/sodergren.com\/kulturbloggen\/wp-content\/uploads\/2009\/11\/ianbrown_lug-300x166.jpg\" alt=\"ianbrown_lug\" title=\"ianbrown_lug\" width=\"300\" height=\"166\" class=\"aligncenter size-medium wp-image-14630\" \/><br \/>\nMannen med det definierade ap-hakpartiet har alltid haft en egen plats i mitt hj\u00e4rta. En stor del. Den \u00f6dsliga sv\u00e4rtan i \u201dI Wanna Be Adored\u201d som *The Stone Roses *framf\u00f6rde utan pardon od\u00f6dliggjorde Ian Brown. Tyv\u00e4rr blev den tumultartade framtiden f\u00f6r bandet ett blodigt stiltje och det v\u00e4rldsherrav\u00e4lde som s\u00e5gs i horisonten gick dem om intet. En guldartad forts\u00e4ttning blev det ist\u00e4llet f\u00f6r Brown som fortsatte locka fram euforin hos oss inbitna f\u00f6ljeslagare.<\/p>\n<p>N\u00e4r The Stone Roses slets s\u00f6nder och samman av bolagsproblem och diverse internt tjafs l\u00e4mnade de efter sig ett tr\u00e5kigt tomrum och den ende som kunde fylla det var Brown sj\u00e4lv. Med sin solokarri\u00e4r har han kr\u00f6nt sin hj\u00e4ssa med otaliga framg\u00e5ngsbevis och det kr\u00e4vs inte en apa f\u00f6r att f\u00f6rst\u00e5 hur influentiell som artist han \u00e4r. 1998 kom hans f\u00f6rsta album, \u201dUnfinished Monkey Business\u201d, som mer \u00e4n annat fick kritikerna och lyssnarna p\u00e5 fall. Nu, mer \u00e4n tio \u00e5r senare, ligger han fortfarande och trycker p\u00e5 en nerv som inte g\u00e5r att f\u00f6rneka eller undvika. P\u00e5 nya plattan &#8221;My Way&#8221;. leverar han med tjuvs\u00e4ker arrogans elektrifierade stompiga hits som andra musiker alldeles s\u00e4kert skulle d\u00f6da f\u00f6r.<\/p>\n<p>Brown \u00e4r en ikon kort och gott. En ikon som visar var det tunga sk\u00e5pet ska st\u00e5. Mitt p\u00e5 fucking planen! Han f\u00f6r\u00e4rar oss (ja, det \u00e4r en \u00e4ra) med tv\u00e5 bes\u00f6k i januari och hundra eller tusen mil \u00e4r ingen str\u00e4cka eller urs\u00e4kt f\u00f6r att inte infinna sig. Svart p\u00e5 vitt. Svart p\u00e5 vitt.<\/p>\n<p>28 jan &#8211; Stockholm, G\u00f6ta K\u00e4llare<br \/>\n29 jan &#8211; Malm\u00f6, KB<\/p>\n<p>Biljetterna sl\u00e4pps fredag 6 november 10.00<\/p>\n<p><a href=\"http:\/\/www.ianbrown.co.uk\">www.ianbrown.co.uk<\/a><\/p>\n<p>L\u00e4s \u00e4ven andra bloggares \u00e5sikter om <a href=\"http:\/\/bloggar.se\/om\/musik\" rel=\"tag\">musik<\/a>, <a href=\"http:\/\/bloggar.se\/om\/indie\" rel=\"tag\">indie<\/a>, <a href=\"http:\/\/bloggar.se\/om\/alternative\" rel=\"tag\">alternative<\/a>, <a href=\"http:\/\/bloggar.se\/om\/Stockholm\" rel=\"tag\">Stockholm<\/a>, <a href=\"http:\/\/bloggar.se\/om\/Malm%F6\" rel=\"tag\">Malm\u00f6<\/a>, <a href=\"http:\/\/bloggar.se\/om\/Stone+Roses\" rel=\"tag\">Stone Roses<\/a><\/p>\n","protected":false},"excerpt":{"rendered":"<p>Mannen med det definierade ap-hakpartiet har alltid haft en egen plats i mitt hj\u00e4rta. En stor del. Den \u00f6dsliga sv\u00e4rtan i \u201dI Wanna Be Adored\u201d som *The Stone Roses *framf\u00f6rde utan pardon od\u00f6dliggjorde Ian Brown. Tyv\u00e4rr blev den tumultartade framtiden f\u00f6r bandet ett blodigt stiltje och det v\u00e4rldsherrav\u00e4lde som s\u00e5gs i horisonten gick dem om [&hellip;]<\/p>\n","protected":false},"author":13,"featured_media":0,"comment_status":"open","ping_status":"open","sticky":false,"template":"","format":"standard","meta":{"_genesis_hide_title":false,"_genesis_hide_breadcrumbs":false,"_genesis_hide_singular_image":false,"_genesis_hide_footer_widgets":false,"_genesis_custom_body_class":"","_genesis_custom_post_class":"","_genesis_layout":"","footnotes":""},"categories":[7],"tags":[234,2467,3469,12282,5400],"class_list":{"0":"post-14629","1":"post","2":"type-post","3":"status-publish","4":"format-standard","6":"category-musik","7":"tag-alternative","8":"tag-indie","9":"tag-malmo","10":"tag-musik","11":"tag-stockholm","12":"entry"},"_links":{"self":[{"href":"https:\/\/kulturbloggen.com\/index.php?rest_route=\/wp\/v2\/posts\/14629","targetHints":{"allow":["GET"]}}],"collection":[{"href":"https:\/\/kulturbloggen.com\/index.php?rest_route=\/wp\/v2\/posts"}],"about":[{"href":"https:\/\/kulturbloggen.com\/index.php?rest_route=\/wp\/v2\/types\/post"}],"author":[{"embeddable":true,"href":"https:\/\/kulturbloggen.com\/index.php?rest_route=\/wp\/v2\/users\/13"}],"replies":[{"embeddable":true,"href":"https:\/\/kulturbloggen.com\/index.php?rest_route=%2Fwp%2Fv2%2Fcomments&post=14629"}],"version-history":[{"count":0,"href":"https:\/\/kulturbloggen.com\/index.php?rest_route=\/wp\/v2\/posts\/14629\/revisions"}],"wp:attachment":[{"href":"https:\/\/kulturbloggen.com\/index.php?rest_route=%2Fwp%2Fv2%2Fmedia&parent=14629"}],"wp:term":[{"taxonomy":"category","embeddable":true,"href":"https:\/\/kulturbloggen.com\/index.php?rest_route=%2Fwp%2Fv2%2Fcategories&post=14629"},{"taxonomy":"post_tag","embeddable":true,"href":"https:\/\/kulturbloggen.com\/index.php?rest_route=%2Fwp%2Fv2%2Ftags&post=14629"}],"curies":[{"name":"wp","href":"https:\/\/api.w.org\/{rel}","templated":true}]}}