{"id":146053,"date":"2021-10-29T17:42:54","date_gmt":"2021-10-29T15:42:54","guid":{"rendered":"https:\/\/kulturbloggen.com\/?p=146053"},"modified":"2021-10-29T17:42:55","modified_gmt":"2021-10-29T15:42:55","slug":"fritidsgard-for-hemlosa-och-fattiga-pensionarer-har-invigts-i-goteborg","status":"publish","type":"post","link":"https:\/\/kulturbloggen.com\/?p=146053","title":{"rendered":"Fritidsg\u00e5rd f\u00f6r heml\u00f6sa och fattiga pension\u00e4rer har invigts i G\u00f6teborg"},"content":{"rendered":"<p><img loading=\"lazy\" decoding=\"async\" class=\"aligncenter size-full wp-image-146058\" src=\"https:\/\/kulturbloggen.com\/wp-content\/uploads\/2021\/10\/unnamed-55.jpg\" alt=\"\" width=\"650\" height=\"366\" srcset=\"https:\/\/kulturbloggen.com\/wp-content\/uploads\/2021\/10\/unnamed-55.jpg 650w, https:\/\/kulturbloggen.com\/wp-content\/uploads\/2021\/10\/unnamed-55-300x169.jpg 300w\" sizes=\"auto, (max-width: 650px) 100vw, 650px\" \/><\/p>\n<p>G\u00f6teborgs fritidsg\u00e5rd f\u00f6r heml\u00f6sa och fattiga pension\u00e4rer \u201dVid Din Sida\u201d invigdes 29 oktober 2021.<\/p>\n<p>Ett pressmeddelande ber\u00e4ttar:<br \/>\nNu har fritidsg\u00e5rden &#8221;Vid Din Sida&#8221; i G\u00f6teborg \u00f6ppnats. H\u00e4r kan heml\u00f6sa \u00e4ldre och fattigpension\u00e4rer komma f\u00f6r en bit mat eller bara f\u00f6r att f\u00e5 vila i lugn och ro. &#8221;Vid Din Sida&#8221; G\u00f6teborg \u00f6ppnar i ett frist\u00e5ende torp med anor fr\u00e5n 1800-talet, centralt bel\u00e4get i staden p\u00e5 Lilla Stampgatan 1C. I lokalen finns k\u00f6k, dusch, tv\u00e4ttstuga och rum f\u00f6r vila, s\u00e4llskap, rekreation och har soppk\u00f6k \u00e5ret om. En verksamheten som g\u00f6r skillnad f\u00f6r heml\u00f6sa och fattiga pension\u00e4rer!<\/p>\n<p>\u2013 Jag \u00e4r s\u00e5 stolt och glad \u00f6ver att vi \u00e4ntligen har m\u00f6jlighet att \u00f6ppna i G\u00f6teborg och kunna erbjuda en fristad f\u00f6r \u00e4nnu fler heml\u00f6sa pension\u00e4rer. Vi vet att behovet \u00e4r stort och v\u00e5rt l\u00e5ngsiktiga m\u00e5l \u00e4r att forts\u00e4tta etablera v\u00e5r verksamhet runt om i landet, s\u00e4ger Jeanette H\u00f6glund, grundare av Vid Din Sida.<\/p>\n<p>G\u00f6teborgsprofilen Camilla Hys\u00e9n engagerar sig i G\u00f6teborg tillsammans med Jeanette H\u00f6glund och de kommer att ta hand om volont\u00e4rer och se till att g\u00e5rden \u00e4r bemannat och att bra saker kommer h\u00e4nda f\u00f6r v\u00e5ra \u00e4ldre som beh\u00f6ver hj\u00e4lpen!<\/p>\n<p>G\u00e5rden kommer att h\u00e5lla \u00f6ppet m\u00e5ndagar, onsdagar och fredagar fr\u00e5n klockan 12.00 och ta emot \u00e4ldre personer som lever i heml\u00f6shet eller har sv\u00e5rt att klara sig finansiellt.<\/p>\n<p>Vid Din Sida \u00e4r en ideell opolitisk organisation som g\u00f6r skillnad f\u00f6r \u00e4ldre heml\u00f6sa pension\u00e4rer. Organisationen arbetar f\u00f6r att st\u00f6dja de \u00e4ldre utsatta med mat, rena kl\u00e4der, hygienartiklar och andra n\u00f6dv\u00e4ndigheter f\u00f6r ett dr\u00e4gligare liv. Vid Din Sida arbetar f\u00f6r att ge de heml\u00f6sa pension\u00e4rerna en r\u00f6st i samh\u00e4llet och f\u00f6r att f\u00f6rb\u00e4ttra deras generella levnadsvillkor. Organisationen har varken statligt eller kommunalt st\u00f6d utan finansieras helt av donationer, m\u00e5nadsgivare och insamlingar.<\/p>\n<p>Verksamheten Vid Din Sida startades av Jeanette H\u00f6glund f\u00f6r 5 \u00e5r sedan i Stockholm och har \u00e5ret om soppk\u00f6k f\u00f6r heml\u00f6sa och fattiga pension\u00e4rer. Nu \u00f6ppnar g\u00e5rden \u00e4ntligen i G\u00f6teborg!<\/p>\n<p>L\u00e4s mer via: <a href=\"https:\/\/www.viddinsida.nu\">www.viddinsida.nu<\/a><\/p>\n","protected":false},"excerpt":{"rendered":"<p>G\u00f6teborgs fritidsg\u00e5rd f\u00f6r heml\u00f6sa och fattiga pension\u00e4rer \u201dVid Din Sida\u201d invigdes 29 oktober 2021. Ett pressmeddelande ber\u00e4ttar: Nu har fritidsg\u00e5rden &#8221;Vid Din Sida&#8221; i G\u00f6teborg \u00f6ppnats. H\u00e4r kan heml\u00f6sa \u00e4ldre och fattigpension\u00e4rer komma f\u00f6r en bit mat eller bara f\u00f6r att f\u00e5 vila i lugn och ro. &#8221;Vid Din Sida&#8221; G\u00f6teborg \u00f6ppnar i ett frist\u00e5ende [&hellip;]<\/p>\n","protected":false},"author":13,"featured_media":0,"comment_status":"closed","ping_status":"closed","sticky":false,"template":"","format":"standard","meta":{"_genesis_hide_title":false,"_genesis_hide_breadcrumbs":false,"_genesis_hide_singular_image":false,"_genesis_hide_footer_widgets":false,"_genesis_custom_body_class":"","_genesis_custom_post_class":"","_genesis_layout":"","footnotes":""},"categories":[62],"tags":[],"class_list":{"0":"post-146053","1":"post","2":"type-post","3":"status-publish","4":"format-standard","6":"category-medie-och-kulturpolitik","7":"entry"},"_links":{"self":[{"href":"https:\/\/kulturbloggen.com\/index.php?rest_route=\/wp\/v2\/posts\/146053","targetHints":{"allow":["GET"]}}],"collection":[{"href":"https:\/\/kulturbloggen.com\/index.php?rest_route=\/wp\/v2\/posts"}],"about":[{"href":"https:\/\/kulturbloggen.com\/index.php?rest_route=\/wp\/v2\/types\/post"}],"author":[{"embeddable":true,"href":"https:\/\/kulturbloggen.com\/index.php?rest_route=\/wp\/v2\/users\/13"}],"replies":[{"embeddable":true,"href":"https:\/\/kulturbloggen.com\/index.php?rest_route=%2Fwp%2Fv2%2Fcomments&post=146053"}],"version-history":[{"count":5,"href":"https:\/\/kulturbloggen.com\/index.php?rest_route=\/wp\/v2\/posts\/146053\/revisions"}],"predecessor-version":[{"id":146061,"href":"https:\/\/kulturbloggen.com\/index.php?rest_route=\/wp\/v2\/posts\/146053\/revisions\/146061"}],"wp:attachment":[{"href":"https:\/\/kulturbloggen.com\/index.php?rest_route=%2Fwp%2Fv2%2Fmedia&parent=146053"}],"wp:term":[{"taxonomy":"category","embeddable":true,"href":"https:\/\/kulturbloggen.com\/index.php?rest_route=%2Fwp%2Fv2%2Fcategories&post=146053"},{"taxonomy":"post_tag","embeddable":true,"href":"https:\/\/kulturbloggen.com\/index.php?rest_route=%2Fwp%2Fv2%2Ftags&post=146053"}],"curies":[{"name":"wp","href":"https:\/\/api.w.org\/{rel}","templated":true}]}}