{"id":14539,"date":"2009-11-03T11:03:38","date_gmt":"2009-11-03T09:03:38","guid":{"rendered":"http:\/\/kulturbloggen.com\/?p=14539"},"modified":"2009-11-03T11:03:38","modified_gmt":"2009-11-03T09:03:38","slug":"riksteaterns-omtalade-seven-gar-in-for-upploppet","status":"publish","type":"post","link":"https:\/\/kulturbloggen.com\/?p=14539","title":{"rendered":"Riksteaterns omtalade SEVEN g\u00e5r in f\u00f6r upploppet"},"content":{"rendered":"<p><a href=\"http:\/\/sodergren.com\/kulturbloggen\/wp-content\/uploads\/2009\/11\/seven.jpg\"><img loading=\"lazy\" decoding=\"async\" src=\"http:\/\/sodergren.com\/kulturbloggen\/wp-content\/uploads\/2009\/11\/seven-300x199.jpg\" alt=\"seven\" title=\"seven\" width=\"300\" height=\"199\" class=\"aligncenter size-medium wp-image-14542\" \/><\/a><br \/>\nTv\u00e5 extrainsatta l\u00e4sningar av Riksteaterns uppm\u00e4rksammade SEVEN avslutar h\u00f6stens svenska turn\u00e9. Den ena har du redan missat. Den gjordes p\u00e5 Socialdemokraternas kongress i s\u00f6ndags och \u00a0LO&#8217;s ordf\u00f6rande Wanja Lundby-Wedin greppade manuset f\u00f6r att l\u00e4sa rollen som Inez Mc Cormack, fredsf\u00f6rk\u00e4mpe i Nordirland, tillika kollega och v\u00e4n till Lundby-Wedin.<\/p>\n<p>Ensemblen kompletterades av riksdagskvinnorna Carina H\u00e4gg, Gunilla C. Carlsson, Magdalena Streijffert, socialdemokraternas internationella sekreterare Ann Linde, SSU-ordf\u00f6rande Jytte Guteland och ordf\u00f6rande f\u00f6r S-studenterna, Kajsa Borgn\u00e4s.<\/p>\n<p>Publiken gr\u00e4t. V\u00e5r fotograf Roger var tagen. &#8211; &#8221;Vad BRA det var. De kunde ju verkligen SPELA!&#8221;<\/p>\n<p>Det var starkt att efter l\u00e4sningen h\u00f6ra Magdalena Streijffert ber\u00e4tta om hur hon p\u00e5 verkligt bes\u00f6k hos &#8221;sin&#8221; rollkarakt\u00e4r Mu Sochua, parlamentariker fr\u00e5n Kambodja, g\u00e5tt med henne genom risf\u00e4lt fulla av minor, f\u00f6r att n\u00e5 ut med valbudskapet: bek\u00e4mpa korruptionen och sex-handeln med unga flickor.<\/p>\n<p>Det h\u00e4r \u00e4r en text som inspirerar, ger hopp och handlingskraft mitt i allt det tunga som skildras &#8211; och den b\u00e4sta kommentaren jag som projektledare f\u00e5tt var fr\u00e5n en tjugo\u00e5rig tjej som efter l\u00e4sningen sa: &#8217;Jag t\u00e4nkte plugga juridik i h\u00f6st &#8211; och nu har jag best\u00e4mt jag att jag ska jobba med folkr\u00e4ttsjuridik och m\u00e4nskliga r\u00e4ttigheter, s\u00e5 jag kan g\u00f6ra n\u00e5t \u00e5t v\u00e4rlden p\u00e5 riktigt.&#8217;<\/p>\n<p>H\u00f6stens sista chans f\u00f6r allm\u00e4nheten att f\u00e5 ta del av de sju kvinnor\u00e4ttsk\u00e4mparnas mod, envishet och inte s\u00e5 lilla gnutta humor, blir m\u00e5ndagen den 9 november p\u00e5 Stockholms Stadsteater. Hela dagen \u00e4gnas \u00e5t att fira 20-\u00e5rsdagen av Berlinmurens fall och \u00e5t att minnas Kristallnatten.<\/p>\n<p>Kl 19 p\u00e5 LAGRET kan du lyssna till en ensemble av sk\u00e5despelare fr\u00e5n Riksteatern och Stadsteatern och politiker fr\u00e5n Sveriges Riksdag &#8211; Gratis!<\/p>\n<p>Mer information om hela projektet p\u00e5: <a href=\"http:\/\/www.riksteatern.se\/seven\" target=\"_blank\">www.riksteatern.se\/seven<\/a><\/p>\n<p><strong>Hedda Krausz Sj\u00f6gren<\/strong><\/p>\n<p>Relaterat: <a href=\"http:\/\/www.svd.se\/kulturnoje\/scen\/artikel_3526295.svd\">Recension i SVD.<\/a><\/p>\n","protected":false},"excerpt":{"rendered":"<p>Tv\u00e5 extrainsatta l\u00e4sningar av Riksteaterns uppm\u00e4rksammade SEVEN avslutar h\u00f6stens svenska turn\u00e9. Den ena har du redan missat. Den gjordes p\u00e5 Socialdemokraternas kongress i s\u00f6ndags och \u00a0LO&#8217;s ordf\u00f6rande Wanja Lundby-Wedin greppade manuset f\u00f6r att l\u00e4sa rollen som Inez Mc Cormack, fredsf\u00f6rk\u00e4mpe i Nordirland, tillika kollega och v\u00e4n till Lundby-Wedin. Ensemblen kompletterades av riksdagskvinnorna Carina H\u00e4gg, Gunilla [&hellip;]<\/p>\n","protected":false},"author":13,"featured_media":0,"comment_status":"open","ping_status":"open","sticky":false,"template":"","format":"standard","meta":{"_genesis_hide_title":false,"_genesis_hide_breadcrumbs":false,"_genesis_hide_singular_image":false,"_genesis_hide_footer_widgets":false,"_genesis_custom_body_class":"","_genesis_custom_post_class":"","_genesis_layout":"","footnotes":""},"categories":[30],"tags":[4756,12288],"class_list":{"0":"post-14539","1":"post","2":"type-post","3":"status-publish","4":"format-standard","6":"category-teater","7":"tag-riksteatern","8":"tag-teater","9":"entry"},"_links":{"self":[{"href":"https:\/\/kulturbloggen.com\/index.php?rest_route=\/wp\/v2\/posts\/14539","targetHints":{"allow":["GET"]}}],"collection":[{"href":"https:\/\/kulturbloggen.com\/index.php?rest_route=\/wp\/v2\/posts"}],"about":[{"href":"https:\/\/kulturbloggen.com\/index.php?rest_route=\/wp\/v2\/types\/post"}],"author":[{"embeddable":true,"href":"https:\/\/kulturbloggen.com\/index.php?rest_route=\/wp\/v2\/users\/13"}],"replies":[{"embeddable":true,"href":"https:\/\/kulturbloggen.com\/index.php?rest_route=%2Fwp%2Fv2%2Fcomments&post=14539"}],"version-history":[{"count":0,"href":"https:\/\/kulturbloggen.com\/index.php?rest_route=\/wp\/v2\/posts\/14539\/revisions"}],"wp:attachment":[{"href":"https:\/\/kulturbloggen.com\/index.php?rest_route=%2Fwp%2Fv2%2Fmedia&parent=14539"}],"wp:term":[{"taxonomy":"category","embeddable":true,"href":"https:\/\/kulturbloggen.com\/index.php?rest_route=%2Fwp%2Fv2%2Fcategories&post=14539"},{"taxonomy":"post_tag","embeddable":true,"href":"https:\/\/kulturbloggen.com\/index.php?rest_route=%2Fwp%2Fv2%2Ftags&post=14539"}],"curies":[{"name":"wp","href":"https:\/\/api.w.org\/{rel}","templated":true}]}}