{"id":145327,"date":"2021-10-12T19:27:58","date_gmt":"2021-10-12T17:27:58","guid":{"rendered":"https:\/\/kulturbloggen.com\/?p=145327"},"modified":"2021-10-12T19:28:00","modified_gmt":"2021-10-12T17:28:00","slug":"stockholms-internationella-filmfestival-ar-tillbaka-och-presenterar-100-premiarer-under-tolv-dagar","status":"publish","type":"post","link":"https:\/\/kulturbloggen.com\/?p=145327","title":{"rendered":"Stockholms internationella filmfestival \u00e4r tillbaka och presenterar 100 premi\u00e4rer under tolv dagar"},"content":{"rendered":"<figure id=\"attachment_145344\" aria-describedby=\"caption-attachment-145344\" style=\"width: 650px\" class=\"wp-caption aligncenter\"><img loading=\"lazy\" decoding=\"async\" class=\"size-full wp-image-145344\" src=\"https:\/\/kulturbloggen.com\/wp-content\/uploads\/2021\/10\/unnamed-48-1.jpg\" alt=\"\" width=\"650\" height=\"366\" srcset=\"https:\/\/kulturbloggen.com\/wp-content\/uploads\/2021\/10\/unnamed-48-1.jpg 650w, https:\/\/kulturbloggen.com\/wp-content\/uploads\/2021\/10\/unnamed-48-1-300x169.jpg 300w\" sizes=\"auto, (max-width: 650px) 100vw, 650px\" \/><figcaption id=\"caption-attachment-145344\" class=\"wp-caption-text\">Foto &#8211; MADRES PARALELAS DE PEDRO ALMOD\u00d3VAR &#8211; \u00a9 EL DESEO<\/figcaption><\/figure>\n<p>Stockholms internationella filmfestival \u00e4r tillbaka efter pandemin och presenterar 100 premi\u00e4rer under tolv dagar.<br \/>\nEtt pressmeddelande ber\u00e4ttar om festivalen:<br \/>\nFestivalen p\u00e5g\u00e5r mellan den 10-21 november och \u00f6ppnar med Parallella m\u00f6drar av den legendariska regiss\u00f6ren Pedro Almod\u00f3var.<\/p>\n<p>\u2013 \u00c4ntligen kan vi \u00f6ppna upp, tr\u00e4ffas igen och dela bioupplevelser. Det kommer att bli en of\u00f6rgl\u00f6mlig festival med en perfekt blandning av sp\u00e4nnande debutanter och legendariska m\u00e4stare, s\u00e4ger\u202f Git Scheynius, festivalchef p\u00e5 Stockholms filmfestival.<\/p>\n<p>Leos Carax sprakande filmfest Annette med Adam Driver och Marion Cotillard i huvudrollerna blir \u00e5rets mittfilm. Andra storfilmer som visas \u00e4r Paris, 13:e arrondissement av Jacques Audiard, The Hand of God av Paolo Sorrentino, Flag Day av Sean Penn och The Souvenir Part II av Joanna Hogg.<\/p>\n<p>Stockholm filmfestival presenterar som alltid nya talanger och mer \u00e4n en tredjedel av programmet best\u00e5r av debutanter. I programmet finns bland annat den svenskf\u00f6dda Nathalie \u00c1lvarez Mes\u00e9ns film Clara Sola, The Hill Where Lionesses Roar av kosovanska Lu\u00e0na Bajrami och Erasing Frank av G\u00e1bor Fabricius fr\u00e5n Ungern.<\/p>\n<p>Det \u00e4r festivalens mest j\u00e4mst\u00e4llda program hittills med 43 procent kvinnliga regiss\u00f6rer. \u00c5rets Spotlight \u00e4r Motherhood \u2013 en hyllning till kvinnan vars st\u00e4llning i v\u00e4rlden \u00e4r hotad. Att uppt\u00e4cka under \u00e5rets tema \u00e4r bland annat Spencer av Pablo Larra\u00edn med Kristen Stewart som prinsessan Diana, Jane by Charlotte av Charlotte Gainsbourg om sin mytomspunna mamma Jane Birkin och den lilla filmp\u00e4rlan Feathers av Omar El Zohairy.<\/p>\n<p>I \u00e5r v\u00e4nder Stockholm filmfestival blicken mot den stora filmnationen Mexiko. Fr\u00e5n \u00e5rets fokusland visas i \u00e5r filmer som Users av Natalia Almada, La Civil av Teodora Mihai och Prayers for the Stolen av Tatiana Huezo.<\/p>\n<p>Stockholm Lifetime Achievement Award 2021 g\u00e5r till en av v\u00e5ra st\u00f6rsta filmskapare genom tiderna, Jane Campion. Festivalen tackar ikonregiss\u00f6ren f\u00f6r l\u00e5ng och trogen tj\u00e4nst till filmen. Campion h\u00e5ller ett exklusivt Face2Face-samtal, live p\u00e5 Zoom, i samband med The Power of the Dogs nordiska premi\u00e4r den 13 november.<\/p>\n<p>Den prisbel\u00f6nta sk\u00e5despelaren Robin Wright tilldelas Stockholm Achievement Award 2021. I \u00e5rets upplaga av festivalen debuterar Wright som regiss\u00f6r med det finst\u00e4mda dramat Land, d\u00e4r hon \u00e4ven bem\u00e4strar huvudrollen.<\/p>\n<p>\u00c4ven den femfaldigt Oscarsnominerade sk\u00e5despelaren Kenneth Branagh tilldelas Stockholm Achievement Award 2021. I \u00e5r kommer han till festivalen med sin mest personliga film n\u00e5gonsin, den redan Oscarstippade Belfast som ocks\u00e5 blir festivalens avslutningsfilm.<\/p>\n<p>I september tillk\u00e4nnagavs det att Joachim Trier tilldelas Stockholm Visionary Award 2021. Joachim Trier mottar Bronsh\u00e4sten p\u00e5 Skandia den 11 november p\u00e5 premi\u00e4ren av V\u00e4rldens v\u00e4rsta m\u00e4nniska. Filmens huvudrollsinnehavare Renate Reinsve som vann det prestigefyllda priset \u201cBest Actress\u201d i Cannes tidigare \u00e5r finns \u00e4ven p\u00e5 plats i Stockholm.<\/p>\n","protected":false},"excerpt":{"rendered":"<p>Stockholms internationella filmfestival \u00e4r tillbaka efter pandemin och presenterar 100 premi\u00e4rer under tolv dagar. Ett pressmeddelande ber\u00e4ttar om festivalen: Festivalen p\u00e5g\u00e5r mellan den 10-21 november och \u00f6ppnar med Parallella m\u00f6drar av den legendariska regiss\u00f6ren Pedro Almod\u00f3var. \u2013 \u00c4ntligen kan vi \u00f6ppna upp, tr\u00e4ffas igen och dela bioupplevelser. Det kommer att bli en of\u00f6rgl\u00f6mlig festival med [&hellip;]<\/p>\n","protected":false},"author":13,"featured_media":0,"comment_status":"closed","ping_status":"closed","sticky":false,"template":"","format":"standard","meta":{"_genesis_hide_title":false,"_genesis_hide_breadcrumbs":false,"_genesis_hide_singular_image":false,"_genesis_hide_footer_widgets":false,"_genesis_custom_body_class":"","_genesis_custom_post_class":"","_genesis_layout":"","footnotes":""},"categories":[50,20,13624],"tags":[13754],"class_list":{"0":"post-145327","1":"post","2":"type-post","3":"status-publish","4":"format-standard","6":"category-filmfilm","7":"category-film","8":"category-toppnytt","9":"tag-stockholms-internationella-filmfestival","10":"entry"},"_links":{"self":[{"href":"https:\/\/kulturbloggen.com\/index.php?rest_route=\/wp\/v2\/posts\/145327","targetHints":{"allow":["GET"]}}],"collection":[{"href":"https:\/\/kulturbloggen.com\/index.php?rest_route=\/wp\/v2\/posts"}],"about":[{"href":"https:\/\/kulturbloggen.com\/index.php?rest_route=\/wp\/v2\/types\/post"}],"author":[{"embeddable":true,"href":"https:\/\/kulturbloggen.com\/index.php?rest_route=\/wp\/v2\/users\/13"}],"replies":[{"embeddable":true,"href":"https:\/\/kulturbloggen.com\/index.php?rest_route=%2Fwp%2Fv2%2Fcomments&post=145327"}],"version-history":[{"count":6,"href":"https:\/\/kulturbloggen.com\/index.php?rest_route=\/wp\/v2\/posts\/145327\/revisions"}],"predecessor-version":[{"id":145345,"href":"https:\/\/kulturbloggen.com\/index.php?rest_route=\/wp\/v2\/posts\/145327\/revisions\/145345"}],"wp:attachment":[{"href":"https:\/\/kulturbloggen.com\/index.php?rest_route=%2Fwp%2Fv2%2Fmedia&parent=145327"}],"wp:term":[{"taxonomy":"category","embeddable":true,"href":"https:\/\/kulturbloggen.com\/index.php?rest_route=%2Fwp%2Fv2%2Fcategories&post=145327"},{"taxonomy":"post_tag","embeddable":true,"href":"https:\/\/kulturbloggen.com\/index.php?rest_route=%2Fwp%2Fv2%2Ftags&post=145327"}],"curies":[{"name":"wp","href":"https:\/\/api.w.org\/{rel}","templated":true}]}}