{"id":14531,"date":"2009-11-03T09:33:55","date_gmt":"2009-11-03T07:33:55","guid":{"rendered":"http:\/\/kulturbloggen.com\/?p=14531"},"modified":"2009-11-03T09:33:55","modified_gmt":"2009-11-03T07:33:55","slug":"dn-skar-ned-pa-webben-publicerar-farre-artiklar-plus-sager-upp-de-anstallda-som-far-soka-sina-tjanster-pa-nytt","status":"publish","type":"post","link":"https:\/\/kulturbloggen.com\/?p=14531","title":{"rendered":"DN sk\u00e4r ned p\u00e5 webben, publicerar f\u00e4rre artiklar plus s\u00e4ger upp de anst\u00e4llda som f\u00e5r s\u00f6ka sina tj\u00e4nster p\u00e5 nytt"},"content":{"rendered":"<p><a href=\"http:\/\/sodergren.com\/kulturbloggen\/wp-content\/uploads\/2009\/11\/dn300.jpg\"><img loading=\"lazy\" decoding=\"async\" src=\"http:\/\/sodergren.com\/kulturbloggen\/wp-content\/uploads\/2009\/11\/dn300.jpg\" alt=\"dn300\" title=\"dn300\" width=\"300\" height=\"210\" class=\"aligncenter size-full wp-image-14534\" \/><\/a><br \/>\nSka vi sl\u00e5 vad? Om hur m\u00e5nga \u00e5r har DN tappat sin ledande st\u00e4llning som Sveriges st\u00f6rsta morgontidning? F\u00f6r min del tror jag det kommer att g\u00e5 snabbt utf\u00f6r.<\/p>\n<p>DN ska skilja webbredaktion fr\u00e5n papperstidningens redaktion och satsa mindre p\u00e5 webben. Gunilla Herlitz har tagit \u00f6ver som h\u00f6gsta chef p\u00e5 DN och hon tycks ha startat det som troligen blir b\u00f6rjan p\u00e5 slutet f\u00f6r den anrika tidningen. F\u00f6r en utomst\u00e5ende ser det i alla fall ut s\u00e5.<\/p>\n<p>F\u00f6rst och fr\u00e4mst: att dra ned p\u00e5 resurser f\u00f6r webben \u00e4r att g\u00e5 helt emot utvecklingen idag. Webb, mobil och tv v\u00e4xer ihop alltmer. Och d\u00e5 v\u00e4ljer DN att ta ett stort steg tillbaka fr\u00e5n den utvecklingen. Nio tj\u00e4nster f\u00f6rsvinner n\u00e4r DN:s webbredaktion organiseras om.<\/p>\n<p>Sedan ska webbredaktionen och pappersversionen samarbeta mindre. Om en tidning har d\u00e5lig ekonomi \u00e4r det v\u00e4l helt bakv\u00e4nt att ge medarbetarna \u00e4nnu mer att g\u00f6ra. Varf\u00f6r skilja p\u00e5 papperspubliceringen och webbpublicering alls?<\/p>\n<p><a href=\"http:\/\/www.dagensmedia.se\/nyheter\/print\/article97145.ece\">Ur Dagens Media<\/a>:<br \/>\nBland annat tar hon med sig Bj\u00f6rn Hedensj\u00f6 fr\u00e5n sin tidigare arbetsplats Dagens Industri \u2013 och g\u00f6r honom till chef f\u00f6r DN.se.<\/p>\n<blockquote><p>D\u00e5 f\u00f6ljer \u00e4ven DI:s policy g\u00e4llande dubbelpublicering med.<br \/>\n\u2013 Vi ska inte publicera lika mycket fr\u00e5n pappret p\u00e5 webben, men exakt hur mycket mindre det blir kan jag inte s\u00e4ga \u00e4nnu, s\u00e4ger han.<br \/>\nDet finns tv\u00e5 anledningar till beslutet, s\u00e4ger han:<br \/>\n\u2013 Webbredaktionen och papperstidningen m\u00e5ste jobba p\u00e5 olika s\u00e4tt. Dessutom vill vi ge n\u00e5gonting annat till de betalande prenumeranterna<\/p><\/blockquote>\n<p>Bj\u00f6rn Hedensj\u00f6  kommer ju n\u00e4rmast fr\u00e5n en tidning som \u00e4r riktigt d\u00e5lig p\u00e5 webben, s\u00e5 det tyder v\u00e4l p\u00e5 konstigt omd\u00f6me att lyfta in honom som chef f\u00f6r en webbprodukt. Undrar om han ska inf\u00f6ra att direktl\u00e4nkarna till artiklarna p\u00e5 webben f\u00f6rsvinner? S\u00e5 som det har varit p\u00e5 DI. Ett bra s\u00e4tt om man vill minska en sajts s\u00f6kbarhet och ge den l\u00e4gre ranking p\u00e5 webben.<\/p>\n<p>En modern tidning som vill verka f\u00f6r att \u00f6verleva i framtiden borde tv\u00e4rtom t\u00e4nka bort kanalerna och s\u00e4tta journalistiken och kvaliteten i fr\u00e4msta rummet och sedan publicera resultatet av det redaktionella arbetet i alla kanalerna: webben, webb-tv och pappret, men anpassa dem efter kanalen, men inte l\u00e5ta tv\u00e5 eller tre reportrar \u00e4gna sin tid \u00e5t samma research, samma artiklar: f\u00f6r det \u00e4r ju vad som kommer att bli resultatet av att skilja webben och pappret \u00e5t \u00e4nnu mer.<\/p>\n<p>Som n\u00e4r jag jobbade en sommar p\u00e5 Aftonbladet.se och Ingmar Bergman dog. Snabbt f\u00f6rdelade dagschefen ut k\u00e4ndisar som vi skulle ringa till f\u00f6r en kommentar. Sj\u00e4lv fick jag bland annat B\u00f6rje Ahlstedt p\u00e5 mitt uppdrag. Jag ringde, hans fru svarade. Jag sade att jag var fr\u00e5n Aftonbladet.se.<br \/>\n&#8211; Jag ska be honom ringa dem, men just nu intervjuas han av Aftonbladet redan. Det \u00e4r er webb-tv &#8211; och nyss ringde n\u00e5gon annan fr\u00e5n Aftonbladet (det var pappersreportern).<\/p>\n<p>Hur kan det ens f\u00e5 g\u00e5 till s\u00e5 som nya DN-chefen g\u00f6r. Alla anst\u00e4llda utom chefer m\u00e5ste s\u00f6ka sina tj\u00e4nster p\u00e5 nytt.<br \/>\n<a href=\"http:\/\/www.dagensmedia.se\/nyheter\/print\/article97153.ece\">Ur Dagens Media<\/a>:<\/p>\n<blockquote><p>Gunilla Herlitz startade i dag sin nya tillvaro som chefredakt\u00f6r och vd p\u00e5 Dagens Nyheter med att ruska om rej\u00e4lt i organisationen.<br \/>\nBland annat utlyses samtliga 55 tj\u00e4nster p\u00e5 centralredaktionen, och medarbetarna erbjuds att s\u00f6ka om sina egna jobb.<br \/>\n\u2013 Dagens Nyheter befinner sig i en djup ekonomisk kris, s\u00e4ger Gunilla Herlitz.  <\/p><\/blockquote>\n<p>Det l\u00e5ter som om DN har ett oerh\u00f6rt svag fack i alla fall som kan till\u00e5ta en s\u00e5dan man\u00f6ver.<\/p>\n<p>Relaterade artiklar:<br \/>\n<a href=\"http:\/\/medievarlden.se\/arbete-a-metoder\/34-medieorganisationer\/10428-asa-tillberg-ny-redaktionschef-pa-dn\">Mediev\u00e4rlden 1<\/a>, <a href=\"http:\/\/medievarlden.se\/mediefolk\/3-mediefolk\/10427-hedensjoe-tar-oever-dnse\">Mediev\u00e4rlden 2<\/a>, <a href=\"http:\/\/resume.se\/nyheter\/2009\/11\/02\/det-kanns-jattebra\/\">Resum\u00e9 1<\/a>, <a href=\"http:\/\/resume.se\/nyheter\/2009\/11\/02\/han-tar-over-dn-se\/\">Resum\u00e9 2<\/a><\/p>\n<p>Uppdatering. <a href=\"http:\/\/www.dn.se\/nyheter\/chattar\/chatt-med-gunilla-herlitz-1.987754http:\/\/www.dn.se\/nyheter\/chattar\/chatt-med-gunilla-herlitz-1.987754\">Chatt i DN med nya chefen.<\/a><\/p>\n<p>L\u00e4s \u00e4ven andra bloggares \u00e5sikter om <a href=\"http:\/\/bloggar.se\/om\/medier\" rel=\"tag\">medier<\/a>, <a href=\"http:\/\/bloggar.se\/om\/journalistik\" rel=\"tag\">journalistik<\/a>, <a href=\"http:\/\/bloggar.se\/om\/Dagens+Nyheter\" rel=\"tag\">Dagens Nyheter<\/a>, <a href=\"http:\/\/bloggar.se\/om\/Gunilla+Herlitz\" rel=\"tag\">Gunilla Herlitz<\/a>, <a href=\"http:\/\/bloggar.se\/om\/webbpublicering\" rel=\"tag\">webbpublicering<\/a>, <a href=\"http:\/\/bloggar.se\/om\/medier\" rel=\"tag\">medier<\/a>, <a href=\"http:\/\/bloggar.se\/om\/journalister\" rel=\"tag\">journalister<\/a>, <a href=\"http:\/\/bloggar.se\/om\/redaktionellt\" rel=\"tag\">redaktionellt<\/a>, <a href=\"http:\/\/bloggar.se\/om\/papperstidning\" rel=\"tag\">papperstidning<\/a><\/p>\n","protected":false},"excerpt":{"rendered":"<p>Ska vi sl\u00e5 vad? Om hur m\u00e5nga \u00e5r har DN tappat sin ledande st\u00e4llning som Sveriges st\u00f6rsta morgontidning? F\u00f6r min del tror jag det kommer att g\u00e5 snabbt utf\u00f6r. DN ska skilja webbredaktion fr\u00e5n papperstidningens redaktion och satsa mindre p\u00e5 webben. Gunilla Herlitz har tagit \u00f6ver som h\u00f6gsta chef p\u00e5 DN och hon tycks ha [&hellip;]<\/p>\n","protected":false},"author":2,"featured_media":0,"comment_status":"open","ping_status":"open","sticky":false,"template":"","format":"standard","meta":{"_genesis_hide_title":false,"_genesis_hide_breadcrumbs":false,"_genesis_hide_singular_image":false,"_genesis_hide_footer_widgets":false,"_genesis_custom_body_class":"","_genesis_custom_post_class":"","_genesis_layout":"","footnotes":""},"categories":[62],"tags":[1096,2765,3582],"class_list":{"0":"post-14531","1":"post","2":"type-post","3":"status-publish","4":"format-standard","6":"category-medie-och-kulturpolitik","7":"tag-dagens-nyheter","8":"tag-journalistik","9":"tag-medier","10":"entry"},"_links":{"self":[{"href":"https:\/\/kulturbloggen.com\/index.php?rest_route=\/wp\/v2\/posts\/14531","targetHints":{"allow":["GET"]}}],"collection":[{"href":"https:\/\/kulturbloggen.com\/index.php?rest_route=\/wp\/v2\/posts"}],"about":[{"href":"https:\/\/kulturbloggen.com\/index.php?rest_route=\/wp\/v2\/types\/post"}],"author":[{"embeddable":true,"href":"https:\/\/kulturbloggen.com\/index.php?rest_route=\/wp\/v2\/users\/2"}],"replies":[{"embeddable":true,"href":"https:\/\/kulturbloggen.com\/index.php?rest_route=%2Fwp%2Fv2%2Fcomments&post=14531"}],"version-history":[{"count":0,"href":"https:\/\/kulturbloggen.com\/index.php?rest_route=\/wp\/v2\/posts\/14531\/revisions"}],"wp:attachment":[{"href":"https:\/\/kulturbloggen.com\/index.php?rest_route=%2Fwp%2Fv2%2Fmedia&parent=14531"}],"wp:term":[{"taxonomy":"category","embeddable":true,"href":"https:\/\/kulturbloggen.com\/index.php?rest_route=%2Fwp%2Fv2%2Fcategories&post=14531"},{"taxonomy":"post_tag","embeddable":true,"href":"https:\/\/kulturbloggen.com\/index.php?rest_route=%2Fwp%2Fv2%2Ftags&post=14531"}],"curies":[{"name":"wp","href":"https:\/\/api.w.org\/{rel}","templated":true}]}}