{"id":145153,"date":"2021-10-08T10:46:30","date_gmt":"2021-10-08T08:46:30","guid":{"rendered":"https:\/\/kulturbloggen.com\/?p=145153"},"modified":"2021-10-08T10:46:31","modified_gmt":"2021-10-08T08:46:31","slug":"filmrecension-fran-neapel-till-rom","status":"publish","type":"post","link":"https:\/\/kulturbloggen.com\/?p=145153","title":{"rendered":"Filmrecension: Fr\u00e5n Neapel till Rom"},"content":{"rendered":"<p><img loading=\"lazy\" decoding=\"async\" class=\"aligncenter size-full wp-image-145158\" src=\"https:\/\/kulturbloggen.com\/wp-content\/uploads\/2021\/10\/unnamed-34.jpg\" alt=\"\" width=\"650\" height=\"650\" srcset=\"https:\/\/kulturbloggen.com\/wp-content\/uploads\/2021\/10\/unnamed-34.jpg 650w, https:\/\/kulturbloggen.com\/wp-content\/uploads\/2021\/10\/unnamed-34-300x300.jpg 300w, https:\/\/kulturbloggen.com\/wp-content\/uploads\/2021\/10\/unnamed-34-150x150.jpg 150w\" sizes=\"auto, (max-width: 650px) 100vw, 650px\" \/><\/p>\n<p>Fr\u00e5n Neapel till Rom<br \/>\nBetyg 3<br \/>\nSvensk biopremi\u00e4r 8 oktober 2021<br \/>\nRegi Daniele Luchetti<br \/>\nMedverkande Alba Rohrwacher, Luigi Lo Cascio, Laura Morante, Silvio Orlando, Giovanna Mezzogiorno<\/p>\n<p>En \u00e4ktenskaps- och skilsm\u00e4ssodrama om tv\u00e5barnsf\u00f6r\u00e4ldrarna Aldo och Vanda. Filmen \u00e4r v\u00e4lgjord med duktiga sk\u00e5despelare som k\u00e4nns v\u00e4ldigt \u00e4kta. Den \u00e4r absolut sev\u00e4rd \u00e4ven om jag k\u00e4nner mig lite fundersam efter\u00e5t och tycker den enbart lyfter fram de m\u00f6rka delarna. Filmskaparen g\u00f6r ett medvetet val av vilka delar av relationer som ska visas upp och jag k\u00e4nner att det \u00e4r ett s\u00e4tt att \u00f6verdriva det m\u00f6rka och d\u00f6lja det positiva.<\/p>\n<p>Filmen b\u00f6rjar med en lycklig scen d\u00e5 familjen verkar vara p\u00e5 en fest som har med karneval att g\u00f6ra. F\u00f6r\u00e4ldrar dansar och ser lyckliga ut och barnen leker och skuttar. Men n\u00e4r de kommit hem och barnen lagt sig brakar det l\u00f6s. Aldo ber\u00e4ttar f\u00f6r Vanda att han varit otrogen. Vanda reagerar splittrat, hon blir b\u00e5de djupt s\u00e5rad men samtidigt vill hon inte f\u00f6rlora familjelivet. Hon b\u00e5de sl\u00e4nger Aldo men vill samtidigt beh\u00e5lla honom. Det \u00e4r skr\u00e4mmande hur just en reaktion i n\u00e5gon minut kan p\u00e5verka hela livet efter\u00e5t.<\/p>\n<p>Filmens handling st\u00e5r under det tidiga 1980-talet och forts\u00e4tter 30 \u00e5r fram\u00e5t. Familjebanden \u00e4r starka men samtidigt finns d\u00e4r mycket hj\u00e4rtesorg och bitterhet.<\/p>\n<p>En av filmens mest intressanta delar \u00e4r skildringen av f\u00f6r\u00e4ldrarnas olika karakt\u00e4rer. Aldo arbetar som journalist p\u00e5 radio d\u00e4r han pratar om litteratur. Han \u00e4r lekfull och ber\u00e4ttar g\u00e4rna sp\u00e4nnande sagor f\u00f6r barnen, han \u00e4r mjuk mot barnen. Vanda \u00e4r h\u00e5rdare, speciellt mot dottern Anna. Sonen Sandro verkar st\u00e5 moderns hj\u00e4rta n\u00e4rmare. Vanda blir v\u00e4ldigt deprimerad och styrs av djupa \u00e5ngestk\u00e4nslor. Aldo \u00e4r mer l\u00e4ttsam och verkar inte ens kunna visa ilska, f\u00f6rmodligen ljuger han ofta f\u00f6r sig sj\u00e4lv.<\/p>\n<p>Det finns en hel del aktuella filmer och tv-serier kring liknande tema. En ny version av Ingmar Bergmans Scener ur ett \u00e4ktenskap som serie p\u00e5 HBO bland annat. Skilsm\u00e4ssor och separationer \u00e4r vanliga teman i relationsdraman. Givetvis eftersom det \u00e4r n\u00e5got som ber\u00f6r oss alla i v\u00e5ra liv.<\/p>\n<p>Det som st\u00f6r mig och g\u00f6r att filmen inte f\u00e5r \u00e4nnu h\u00f6gre betyg beror p\u00e5:<br \/>\n1. Vi f\u00e5r i stort sett bara se klipp ur deras samlivs jobbigaste situationer, de stora gr\u00e4len, f\u00f6rutom inledningsscenen d\u00e5 de utstr\u00e5lar gl\u00e4dje.<br \/>\n2. Reaktioner h\u00e4nger lite f\u00f6r mycket i luften. En del f\u00e5r vi f\u00f6rklaring p\u00e5 men det mesta l\u00e4mnas till v\u00e5r egen fantasi. Jag tror det \u00e4r medveten fr\u00e5n regiss\u00f6rens sida. Det g\u00f6r att var och en kan s\u00e4tta in det som h\u00e4nde i sina egna liv och\/eller betrakta och tolka det utifr\u00e5n egen erfarenhet. Den som skiljt sig och ser skilsm\u00e4ssan som n\u00e5got positivt ser nog mest det m\u00f6rka och negativa i relationen, det f\u00f6rljugna eller illusionerna. Men den som levt i ett f\u00f6rh\u00e5llande l\u00e4nge har ofta l\u00e4rt sig att allt i livet inneh\u00e5ller motg\u00e5ng och medg\u00e5ng, alla m\u00e4nniskor har olika sidor och inget \u00e4r f\u00f6r alltid en rosenr\u00f6d dr\u00f6m och det mesta har bara sv\u00e4rta och ljus. D\u00e4rmed \u00e5terkommer vi till punkt 1. Vi f\u00e5r inte se det ljusa som troligen ocks\u00e5 finns i relationen. Varf\u00f6r h\u00e5ller de trots allt ihop?<\/p>\n<p>Lite bakgrundsfakta om filmen:<br \/>\nFr\u00e5n Neapel till Rom \u00e4r regisserad av den italienska regiss\u00f6ren Daniele Luchetti som har hyllats f\u00f6r sina filmer La Nostra Vita och Min Bror \u00e4r Enda Barnet. Filmen \u00e4r baserad p\u00e5 den stors\u00e4ljande romanen Band: en \u00e4ktenskapsroman av Domenico Starnone, en av Italiens mest uppburna moderna f\u00f6rfattare. Det \u00e4r \u00e4ven den f\u00f6rsta italienska filmen p\u00e5 11 \u00e5r som har f\u00e5tt \u00e4ran att inviga Venedigs filmfestival d\u00e4r den fick ett str\u00e5lande mottagandet av s\u00e5v\u00e4l kritiker som publik.<\/p>\n<p><iframe loading=\"lazy\" title=\"YouTube video player\" src=\"https:\/\/www.youtube.com\/embed\/XD0Xbz8qGM0\" width=\"560\" height=\"315\" frameborder=\"0\" allowfullscreen=\"allowfullscreen\"><\/iframe><\/p>\n","protected":false},"excerpt":{"rendered":"<p>Fr\u00e5n Neapel till Rom Betyg 3 Svensk biopremi\u00e4r 8 oktober 2021 Regi Daniele Luchetti Medverkande Alba Rohrwacher, Luigi Lo Cascio, Laura Morante, Silvio Orlando, Giovanna Mezzogiorno En \u00e4ktenskaps- och skilsm\u00e4ssodrama om tv\u00e5barnsf\u00f6r\u00e4ldrarna Aldo och Vanda. Filmen \u00e4r v\u00e4lgjord med duktiga sk\u00e5despelare som k\u00e4nns v\u00e4ldigt \u00e4kta. Den \u00e4r absolut sev\u00e4rd \u00e4ven om jag k\u00e4nner mig lite [&hellip;]<\/p>\n","protected":false},"author":2,"featured_media":0,"comment_status":"closed","ping_status":"closed","sticky":false,"template":"","format":"standard","meta":{"_genesis_hide_title":false,"_genesis_hide_breadcrumbs":false,"_genesis_hide_singular_image":false,"_genesis_hide_footer_widgets":false,"_genesis_custom_body_class":"","_genesis_custom_post_class":"","_genesis_layout":"","footnotes":""},"categories":[50,51,16,20,13624],"tags":[14164,14165,1728,1738,7792],"class_list":{"0":"post-145153","1":"post","2":"type-post","3":"status-publish","4":"format-standard","6":"category-filmfilm","7":"category-filmer","8":"category-recension","9":"category-film","10":"category-toppnytt","11":"tag-aktenskapsdrama","12":"tag-daniele-luchetti","13":"tag-filmkritik","14":"tag-filmrecension","15":"tag-relationsdrama","16":"entry"},"_links":{"self":[{"href":"https:\/\/kulturbloggen.com\/index.php?rest_route=\/wp\/v2\/posts\/145153","targetHints":{"allow":["GET"]}}],"collection":[{"href":"https:\/\/kulturbloggen.com\/index.php?rest_route=\/wp\/v2\/posts"}],"about":[{"href":"https:\/\/kulturbloggen.com\/index.php?rest_route=\/wp\/v2\/types\/post"}],"author":[{"embeddable":true,"href":"https:\/\/kulturbloggen.com\/index.php?rest_route=\/wp\/v2\/users\/2"}],"replies":[{"embeddable":true,"href":"https:\/\/kulturbloggen.com\/index.php?rest_route=%2Fwp%2Fv2%2Fcomments&post=145153"}],"version-history":[{"count":17,"href":"https:\/\/kulturbloggen.com\/index.php?rest_route=\/wp\/v2\/posts\/145153\/revisions"}],"predecessor-version":[{"id":145171,"href":"https:\/\/kulturbloggen.com\/index.php?rest_route=\/wp\/v2\/posts\/145153\/revisions\/145171"}],"wp:attachment":[{"href":"https:\/\/kulturbloggen.com\/index.php?rest_route=%2Fwp%2Fv2%2Fmedia&parent=145153"}],"wp:term":[{"taxonomy":"category","embeddable":true,"href":"https:\/\/kulturbloggen.com\/index.php?rest_route=%2Fwp%2Fv2%2Fcategories&post=145153"},{"taxonomy":"post_tag","embeddable":true,"href":"https:\/\/kulturbloggen.com\/index.php?rest_route=%2Fwp%2Fv2%2Ftags&post=145153"}],"curies":[{"name":"wp","href":"https:\/\/api.w.org\/{rel}","templated":true}]}}