{"id":144980,"date":"2021-10-04T19:17:15","date_gmt":"2021-10-04T17:17:15","guid":{"rendered":"https:\/\/kulturbloggen.com\/?p=144980"},"modified":"2021-10-06T13:37:07","modified_gmt":"2021-10-06T11:37:07","slug":"bokrecension-facebook-den-nakna-sanningen-nagot-som-borde-fa-oss-att-agera","status":"publish","type":"post","link":"https:\/\/kulturbloggen.com\/?p=144980","title":{"rendered":"Bokrecension: Facebook &#8211; Den nakna sanningen &#8211; N\u00e5got som borde f\u00e5 oss att agera"},"content":{"rendered":"<p><img loading=\"lazy\" decoding=\"async\" class=\"aligncenter size-full wp-image-145009\" src=\"https:\/\/kulturbloggen.com\/wp-content\/uploads\/2021\/10\/facebookboken.jpg\" alt=\"\" width=\"280\" height=\"441\" srcset=\"https:\/\/kulturbloggen.com\/wp-content\/uploads\/2021\/10\/facebookboken.jpg 280w, https:\/\/kulturbloggen.com\/wp-content\/uploads\/2021\/10\/facebookboken-190x300.jpg 190w\" sizes=\"auto, (max-width: 280px) 100vw, 280px\" \/><\/p>\n<p><a href=\"https:\/\/www.bokus.com\/bok\/9789100181383\/facebook-den-nakna-sanningen-berattelsen-om-hur-ett-foretag-tog-over-varlden\/\">Facebook &#8211; Den nakna sanningen<\/a><br \/>\nBer\u00e4ttelsen om hur ett f\u00f6retag tog \u00f6ver v\u00e4rlden<br \/>\nav Sheera Frenkel och Cecilia King<br \/>\nUtgivningsdatum <a href=\"https:\/\/www.adlibris.com\/se\/bok\/facebook---den-nakna-sanningen-berattelsen-om-hur-ett-foretag-tog-over-varlden-9789100181383\">2021-09-09<\/a><br \/>\nF\u00f6rlag <a href=\"https:\/\/www.albertbonniersforlag.se\/bocker\/265799\/facebook-den-nakna-sanningen\/\">Albert Bonniers F\u00f6rlag<\/a><br \/>\n\u00d6vers\u00e4ttare Emilia Fjeld<br \/>\nOriginaltitel An Ugly Truth: Inside Facebook&#8217;s Battle for Domination<br \/>\nISBN 9789100181383<\/p>\n<p>Mer \u00e4n tv\u00e5 miljarder m\u00e4nniskor runt om i v\u00e4rlden, fr\u00e4mst i v\u00e4sterl\u00e4ndska l\u00e4nder, \u00e4r inloggade regelbundet, i stort sett flera g\u00e5nger om dagen, p\u00e5 Facebook. Den information Facebook har om oss alla \u00e4r gigantiskt. All denna information Facebook har om oss \u00e4r en guldgruva f\u00f6r f\u00f6retaget som gjort dessa skapare Mark Zuckerberg till en av v\u00e4rldens rikaste. Det finns m\u00e5nga faror med att ett privat f\u00f6retag som inte kan granskas har s\u00e5dan o\u00e4ndlig m\u00e4ngd information om s\u00e5 m\u00e5nga.<\/p>\n<p>De tv\u00e5 journalisterna Sheera Frenkel och Cecilia King har gjort ett gediget arbete med att lyfta fram hur Facebook varit en plats d\u00e4r konspirationsteorier och uppmaning till v\u00e5ld f\u00e5tt grassera och spridas. Facebooks algoritmer g\u00f6r ofta att poster som hetsar upp m\u00e4nniskor hamnar h\u00f6gre upp i fl\u00f6det och blir synligare. 2018 avsl\u00f6jades att Facebooks ledning, med Mark Zuckerberg i spetsen, hade f\u00f6rs\u00f6kt d\u00f6lja sanningen &#8211; att plattformen blivit en central kanal f\u00f6r desinformation, hat, och politisk propaganda.<\/p>\n<p>Det \u00e4r inte sv\u00e5r fr\u00e5ga som har flera aspekter. Facebook \u00e4r inte n\u00e5got journalistisk produkt utan en portal som ger dess anv\u00e4ndare m\u00f6jlighet att kommunicera. Grundtanken \u00e4r fin, p\u00e5 s\u00e4tt och vis. Genom Facebook kan jag till exempel smidigt h\u00e5lla kontakt med sl\u00e4kt och v\u00e4nner runt hela v\u00e4rlden. Jag kan anv\u00e4nda grupper d\u00e4r vi som har gemensamma intressen kan utbyta erfarenheter, l\u00e4ra k\u00e4nna varandra och tipsa varandra. Men den m\u00f6rka baksidan \u00e4r att m\u00e4nniskor ocks\u00e5 kan samlas kring att hata och beg\u00e5 v\u00e5ld. Det kan m\u00e4nniskor i och f\u00f6r sig g\u00f6ra ocks\u00e5 utan Facebook.<\/p>\n<p>Men Facebook \u00e4r inte anv\u00e4ndarstyrd. Dess algoritmer, som \u00e4r hemliga f\u00f6r oss anv\u00e4ndare, styr vad vi kan och f\u00e5r se i v\u00e5ra fl\u00f6den. Kulturbloggens Facebooksida har mer \u00e4n 5.000 som klickat att de gillar den. \u00c4nd\u00e5 visas inte det vi postar d\u00e4r f\u00f6r alla som klickat att de gillar sidan och d\u00e4rmed visat att de vill ha informationen. Facebooks algoritmer g\u00f6r att bara n\u00e5gra hundra ser vad som postas. F\u00f6rmodligen vill Facebook tvinga oss att ist\u00e4llet betala pengar f\u00f6r att annonsera. Men just att Facebook styr och st\u00e4ller vem eller vad vi ska se &#8211; det \u00e4r obehagligt. Det \u00e4r skr\u00e4mmande och det borde egentligen g\u00f6ra att vi alla l\u00e4mnade Facebook. Vi l\u00e4gger till varandra som v\u00e4nner och vi g\u00e5r med i grupper och vi gillar sidor: men vad vi f\u00e5r se i v\u00e5ra fl\u00f6den best\u00e4mmer vi inte sj\u00e4lva &#8211; det best\u00e4mmer algoritmer. Till liten del kan vi p\u00e5verka dessa men i det stora hela \u00e4r det Facebooks hemliga algoritmer som avg\u00f6r vems fl\u00f6de du ska se och vem som ska se vad du postar.<\/p>\n<p>T\u00e4nk om Internet ist\u00e4llet f\u00f6r Facebook hade haft en m\u00e4ngd webbsidor som drevs av privatpersoner eller f\u00f6reningar och som var och en hade sina sm\u00e5 diskussionsforum ist\u00e4llet. D\u00e5 skulle inte all information om mer \u00e4n tv\u00e5 miljarder m\u00e4nniskor samlas hos ett kommersiellt inriktad f\u00f6retag som inte ens l\u00e5ter oss sj\u00e4lva v\u00e4lja vad vi vill f\u00f6lja i v\u00e5ra fl\u00f6den.<\/p>\n<p>Ett annat stort problem med Facebook, som inte tas upp i boken, \u00e4r att Facebook tj\u00e4nar miljarder p\u00e5 annonser, medan vi g\u00f6r jobbet att fylla sajten med inneh\u00e5ll. Vi kan j\u00e4mf\u00f6ra med Google som ocks\u00e5 tj\u00e4nar en hel del p\u00e5 annonser &#8211; Google l\u00e5ter trots allt webbsajter f\u00e5 del i annonsint\u00e4kter. Den som fyller en webbsida med inneh\u00e5ll kan ha ett avtal med Google f\u00f6r att&nbsp; visa annonser och p\u00e5 s\u00e5 s\u00e4tt f\u00e5 en liten del av int\u00e4kterna.<\/p>\n<p>Det kanske st\u00f6rsta problemet med Facebook delar detta multinationella storf\u00f6retag med andra liknande bj\u00e4ssar som Google: deras kundtj\u00e4nst \u00e4r n\u00e4st intill obefintlig. De har inte support f\u00f6r anv\u00e4ndare som inte ligger i frontlinjen f\u00f6r teknisk utveckling. Den lilla m\u00e4nniskan \u00e4r inte v\u00e4rd n\u00e5got f\u00f6r dessa gigantiska f\u00f6retag.<\/p>\n<p>Boken om Facebookgranskningen beskrivs s\u00e5 h\u00e4r:<br \/>\n<em>En g\u00e5ng i tiden var Facebook synonymt med framtiden. Folk vallf\u00e4rdade till Silicon Valley f\u00f6r att bygga en b\u00e4ttre v\u00e4rld. Men s\u00e5 kom skandalerna. 2018 avsl\u00f6jades att Facebooks ledning, med Mark Zuckerberg i spetsen, hade f\u00f6rs\u00f6kt d\u00f6lja sanningen &#8211; att plattformen blivit en central kanal f\u00f6r desinformation, hat, och politisk propaganda.<\/em><\/p>\n<p><em>Denna omtalade bok \u00e4r en svidande granskning av Facebooks resa fr\u00e5n utopiskt n\u00e4tverk till global supermakt. Facebook lovar b\u00e4ttring efter varje skandal men forts\u00e4tter att v\u00e4xa till varje pris. Men hur h\u00f6gt blev priset, f\u00f6r medborgarna och f\u00f6r demokratin?<\/em><\/p>\n<p>Just n\u00e4r jag skriver detta har Facebook och dess tv\u00e5 andra inneh\u00e5llsportaler Instagram och WhatsApp (som k\u00f6ptes upp av Facebook n\u00e4r de upplevdes som en konkurrent) kraschat och ligger nere. Man kan kan undra vad det beror p\u00e5. Men kanske det vore j\u00e4ttebra om vi alla l\u00e4mnade Facebook. Ett mer sm\u00e5skaligt Internet skulle vara mycket trevligare och mer demokratiskt.<\/p>\n","protected":false},"excerpt":{"rendered":"<p>Facebook &#8211; Den nakna sanningen Ber\u00e4ttelsen om hur ett f\u00f6retag tog \u00f6ver v\u00e4rlden av Sheera Frenkel och Cecilia King Utgivningsdatum 2021-09-09 F\u00f6rlag Albert Bonniers F\u00f6rlag \u00d6vers\u00e4ttare Emilia Fjeld Originaltitel An Ugly Truth: Inside Facebook&#8217;s Battle for Domination ISBN 9789100181383 Mer \u00e4n tv\u00e5 miljarder m\u00e4nniskor runt om i v\u00e4rlden, fr\u00e4mst i v\u00e4sterl\u00e4ndska l\u00e4nder, \u00e4r inloggade regelbundet, [&hellip;]<\/p>\n","protected":false},"author":2,"featured_media":0,"comment_status":"closed","ping_status":"closed","sticky":false,"template":"","format":"standard","meta":{"_genesis_hide_title":false,"_genesis_hide_breadcrumbs":false,"_genesis_hide_singular_image":false,"_genesis_hide_footer_widgets":false,"_genesis_custom_body_class":"","_genesis_custom_post_class":"","_genesis_layout":"","footnotes":""},"categories":[43,62,3,16,13624],"tags":[],"class_list":{"0":"post-144980","1":"post","2":"type-post","3":"status-publish","4":"format-standard","6":"category-bokrecension","7":"category-medie-och-kulturpolitik","8":"category-litteratur","9":"category-recension","10":"category-toppnytt","11":"entry"},"_links":{"self":[{"href":"https:\/\/kulturbloggen.com\/index.php?rest_route=\/wp\/v2\/posts\/144980","targetHints":{"allow":["GET"]}}],"collection":[{"href":"https:\/\/kulturbloggen.com\/index.php?rest_route=\/wp\/v2\/posts"}],"about":[{"href":"https:\/\/kulturbloggen.com\/index.php?rest_route=\/wp\/v2\/types\/post"}],"author":[{"embeddable":true,"href":"https:\/\/kulturbloggen.com\/index.php?rest_route=\/wp\/v2\/users\/2"}],"replies":[{"embeddable":true,"href":"https:\/\/kulturbloggen.com\/index.php?rest_route=%2Fwp%2Fv2%2Fcomments&post=144980"}],"version-history":[{"count":30,"href":"https:\/\/kulturbloggen.com\/index.php?rest_route=\/wp\/v2\/posts\/144980\/revisions"}],"predecessor-version":[{"id":145078,"href":"https:\/\/kulturbloggen.com\/index.php?rest_route=\/wp\/v2\/posts\/144980\/revisions\/145078"}],"wp:attachment":[{"href":"https:\/\/kulturbloggen.com\/index.php?rest_route=%2Fwp%2Fv2%2Fmedia&parent=144980"}],"wp:term":[{"taxonomy":"category","embeddable":true,"href":"https:\/\/kulturbloggen.com\/index.php?rest_route=%2Fwp%2Fv2%2Fcategories&post=144980"},{"taxonomy":"post_tag","embeddable":true,"href":"https:\/\/kulturbloggen.com\/index.php?rest_route=%2Fwp%2Fv2%2Ftags&post=144980"}],"curies":[{"name":"wp","href":"https:\/\/api.w.org\/{rel}","templated":true}]}}