{"id":144946,"date":"2021-10-05T03:15:36","date_gmt":"2021-10-05T01:15:36","guid":{"rendered":"https:\/\/kulturbloggen.com\/?p=144946"},"modified":"2021-10-05T11:19:21","modified_gmt":"2021-10-05T09:19:21","slug":"drommen-om-fullandad-konsert-besannas-ale-mollers-xeno-mania-i-lerum","status":"publish","type":"post","link":"https:\/\/kulturbloggen.com\/?p=144946","title":{"rendered":"Dr\u00f6mmen om full\u00e4ndad konsert besannas &#8211; Ale M\u00f6llers Xeno Mania i Lerum"},"content":{"rendered":"\n<figure class=\"wp-block-image size-full\"><img loading=\"lazy\" decoding=\"async\" width=\"650\" height=\"488\" src=\"https:\/\/kulturbloggen.com\/wp-content\/uploads\/2021\/10\/244328897_10223876241166368_6821874417398888002_n.jpg\" alt=\"\" class=\"wp-image-144947\" srcset=\"https:\/\/kulturbloggen.com\/wp-content\/uploads\/2021\/10\/244328897_10223876241166368_6821874417398888002_n.jpg 650w, https:\/\/kulturbloggen.com\/wp-content\/uploads\/2021\/10\/244328897_10223876241166368_6821874417398888002_n-300x225.jpg 300w\" sizes=\"auto, (max-width: 650px) 100vw, 650px\" \/><figcaption>foto Qlaez Wennberg                                                       <\/figcaption><\/figure>\n\n\n\n<p>2\/10 2021<\/p>\n\n\n\n<p>Derg\u00e5rdsteatern i Lerum<\/p>\n\n\n\n<p>Fullsatt (n\u00e4rmare 400 personer)<\/p>\n\n\n\n<p> Ale M\u00f6ller firar i \u00e5r femtio \u00e5r som artist, vilket uppm\u00e4rksammas av arrang\u00f6ren i Lerum genom att en g\u00e5va \u00f6verl\u00e4mnas. Konstaterar att spelmannen b\u00f6rjade sin karri\u00e4r redan i ton\u00e5ren, eftersom han bara \u00e4r drygt tre \u00e5r \u00e4ldre \u00e4n er recensent. Alldeles nyligen tilldelades multiinstrumentalisten regeringens hederspris f\u00f6r &#8221;m\u00e5ng\u00e5riga insatser f\u00f6r spridningen av svensk musik i utlandet&#8221;. Tacktalet l\u00e4stes upp vid ceremonin i hans fr\u00e5nvaro, en\u00e4r han befann sig p\u00e5 turn\u00e9.   Motiveringen kommer fr\u00e5n Musikexportr\u00e5det. Dessutom \u00e4r M\u00f6ller \u00e5rets Christer Boustedt-stipendiat, vilket jag p\u00e5mindes om under det korta samtal vi hade efter\u00e5t, n\u00e4r skivsignerandet var avklarat. <\/p>\n\n\n\n<p>I marknadsf\u00f6ringen av denne gr\u00e4nsl\u00f6se artist framg\u00e5r att  han som ende svensk erh\u00e5llit  prestigefyllda &#8221;Folk Alliance Lifetime Achievment Award&#8221;. Har d\u00e4rtill h\u00f6gst v\u00e4lf\u00f6rtj\u00e4nt f\u00e5tt en m\u00e4ngd andra priser.  Mot bakgrund av vad han utr\u00e4ttat, \u00e4r det minst sagt egendomligt att Ale Arild Staffan M\u00f6ller inte valts in i Swedish Music Hall of Fame.  Flagrant f\u00f6rsummelse som jag tog upp i v\u00e5rt m\u00f6te. Vet att jag h\u00f6rt honom en handfull g\u00e5nger. Minns den jovialiske l\u00e5tskrivaren och musikern fr\u00e5n exempelvis Kabar\u00e9orkestern, Frifot, Enteli, Filarfolket j\u00e4mte egna konstellationer.  <\/p>\n\n\n\n<figure class=\"wp-block-image size-full\"><img loading=\"lazy\" decoding=\"async\" width=\"650\" height=\"433\" src=\"https:\/\/kulturbloggen.com\/wp-content\/uploads\/2021\/10\/thumbnail_DSCF2963.jpg\" alt=\"\" class=\"wp-image-145041\" srcset=\"https:\/\/kulturbloggen.com\/wp-content\/uploads\/2021\/10\/thumbnail_DSCF2963.jpg 650w, https:\/\/kulturbloggen.com\/wp-content\/uploads\/2021\/10\/thumbnail_DSCF2963-300x200.jpg 300w\" sizes=\"auto, (max-width: 650px) 100vw, 650px\" \/><figcaption>Ale M\u00f6ller &#8211; Karin Hammar    foto Anton Engblom                                                                           <\/figcaption><\/figure>\n\n\n\n<p>Musik i Lerum med deras ansikte ut\u00e5t Qlaez Wennberg i spetsen, har varit med och sytt ihop turn\u00e9n f\u00f6r Xeno Mania-projektet. D\u00e4rut\u00f6ver producerade man i samarbete med bland andra Knutpunkt Nefertiti  streamad konsert med Ale M\u00f6ller trio (A.M + Olle Linder+ Johan Graden).  Finns att avnjuta p\u00e5 Youtube. Skivan <em>Xeno Mania <\/em>sl\u00e4pptes i b\u00f6rjan p\u00e5 \u00e5ret, ett album jag recenserade i JAZZ\/ Orkesterjournalen. Rekommenderas av mig. \u00e4ven om den inte tillh\u00f6r kategorin l\u00e4ttsm\u00e4lt.<\/p>\n\n\n\n<p>Till detta imponerande best\u00e4llningsverk har M\u00f6ller rekryterat \u00e5tta mycket framst\u00e5ende musiker, varav fyra fanns p\u00e5 scen i Lerum. Tre av dem har jag recenserat tidigare  i egna verk.  Artisten som g\u00e5r hem \u00f6verallt, betonar att han vill utmana och \u00f6ppna nya d\u00f6rrar med detta projekt. Plattan  till\u00e4gnad fyra d\u00f6da musiker M\u00f6ller musicerat med och tagit starka intryck av, kl\u00e4s i charmerande livedr\u00e4kt under en konsert \u00f6ver tv\u00e5 set. St\u00e4mmer mina anteckningar h\u00e4mtades M\u00f6llers till\u00e4gnade l\u00e5tar, fr\u00e5n i tur och ordning V\u00e4stafrika (Dakar), Indien, R\u00e4ttvik samt \u00f6n Paros i Grekland. Fyra genrer emanerar fr\u00e5n fyra betydelsefulla m\u00e4n. K\u00e4nslan fr\u00e5n dem vidarebefordras genom den sk\u00e5nsktalande m\u00e4stermusikanten. Vi f\u00e5r samtliga l\u00e5tar fr\u00e5n albumet, vars speltid uppg\u00e5r till 56:20, plus givetvis smarrigt l\u00f6sgodis i form av gener\u00f6st med solistutrymme.<\/p>\n\n\n\n<figure class=\"wp-block-image size-full\"><img loading=\"lazy\" decoding=\"async\" width=\"650\" height=\"488\" src=\"https:\/\/kulturbloggen.com\/wp-content\/uploads\/2021\/10\/243203835_249136140557441_7701143942884124674_n.jpg\" alt=\"\" class=\"wp-image-144963\" srcset=\"https:\/\/kulturbloggen.com\/wp-content\/uploads\/2021\/10\/243203835_249136140557441_7701143942884124674_n.jpg 650w, https:\/\/kulturbloggen.com\/wp-content\/uploads\/2021\/10\/243203835_249136140557441_7701143942884124674_n-300x225.jpg 300w\" sizes=\"auto, (max-width: 650px) 100vw, 650px\" \/><figcaption>Xeno Mania-bandet repeterar &#8211; fr\u00e5n Ale M\u00f6llers facebooksida                            <\/figcaption><\/figure>\n\n\n\n<p>Bandledaren styr, mestadels f\u00f6rsynt, sparar sina gester till moment d\u00e5 spelgl\u00e4djen tar \u00f6ver.  Spelar med fabul\u00f6s passion och precision allehanda str\u00e4ng- och bl\u00e5sinstrument samt dragspel. Medmusikerna f\u00f6rh\u00e5ller sig till utskrivna noter, vilket de g\u00f6r utan tendenser till att bli stela. Tv\u00e4rtom!  I den uttrycksfulla bl\u00e5ssektionen st\u00e5r hans  gamle v\u00e4n saxofonisten Jonas Knutsson, tillsammans med trombonisten Karin Hammar och duktige inhopparen Blagoj Lamnjov p\u00e5 klarinett och basklarinett.<\/p>\n\n\n\n<p> Fr\u00e4msta representanten f\u00f6r modernt grooviga tong\u00e5ngar \u00e4r Rubem Farias.  Makal\u00f6s elbasist fr\u00e5n  Brasilien (som jag senast tr\u00e4ffade i somras efter fantastiskt gig p\u00e5 Unity som recenserades). Max Agnas spelar keyboard\/ piano. F\u00f6rutom Knutsson inneh\u00e5ller s\u00e4ttningen tre musikanter till fr\u00e5n studioinspelningen. Syftar p\u00e5 Erik Rydvall p\u00e5 nyckelharpa (plus kompletterande biinstrument), Liliana Zavala p\u00e5 percussion samt trumslagaren Robin Cochrane.  Han \u00f6ppnar konserten genom att traktera balafon,  afrikansk variant av marimba. Flera i livebandet h\u00f6r jag f\u00f6r f\u00f6rsta g\u00e5ngen.   <\/p>\n\n\n\n<figure class=\"wp-block-image size-full\"><img loading=\"lazy\" decoding=\"async\" width=\"650\" height=\"433\" src=\"https:\/\/kulturbloggen.com\/wp-content\/uploads\/2021\/10\/thumbnail_DSCF2830.jpg\" alt=\"\" class=\"wp-image-145042\" srcset=\"https:\/\/kulturbloggen.com\/wp-content\/uploads\/2021\/10\/thumbnail_DSCF2830.jpg 650w, https:\/\/kulturbloggen.com\/wp-content\/uploads\/2021\/10\/thumbnail_DSCF2830-300x200.jpg 300w\" sizes=\"auto, (max-width: 650px) 100vw, 650px\" \/><figcaption> Lokale samordnaren\/  &#8221;promotorn&#8221; Qlaez Wennberg blickar r\u00f6rd ut \u00f6ver publikhavet   &#8211; foto Anton Engblom                                               <\/figcaption><\/figure>\n\n\n\n<p>Som preludium visas en snutt ur ovan n\u00e4mnda streamade konsert, en s\u00e5 kallad \u00f6kenhalling. Gruppen \u00e4ntrar d\u00e4rp\u00e5 scen, intar sina platser. \u00d6ppnar med tassande rytmer. Ale med sin arsenal av instrument b\u00f6rjar f\u00f6rmodligen  p\u00e5 hackbr\u00e4de. (ute p\u00e5 hal is, expertkunskap saknas). Man  \u00f6ser p\u00e5 i aviga tonarter, groovigt tema \u00f6verg\u00e5r i karnevaisk gl\u00e4dje med frejdigt bl\u00e5s.<\/p>\n\n\n\n<p> Noterar omg\u00e5ende hur fr\u00e4ckt och snyggt hybriden av stilar fungerar. Ett sj\u00e4lvst\u00e4ndigt och helt bed\u00e5rande musikaliskt universum utvinns under ledning av den hyllade h\u00e4rf\u00f6raren.  Ibland byts inriktning till och med inom en l\u00e5t, inom den naturliga enhet som  en komposition utg\u00f6r.  <\/p>\n\n\n\n<figure class=\"wp-block-image size-full\"><img loading=\"lazy\" decoding=\"async\" width=\"433\" height=\"650\" src=\"https:\/\/kulturbloggen.com\/wp-content\/uploads\/2021\/10\/thumbnail_DSCF3029.jpg\" alt=\"\" class=\"wp-image-145043\" srcset=\"https:\/\/kulturbloggen.com\/wp-content\/uploads\/2021\/10\/thumbnail_DSCF3029.jpg 433w, https:\/\/kulturbloggen.com\/wp-content\/uploads\/2021\/10\/thumbnail_DSCF3029-200x300.jpg 200w\" sizes=\"auto, (max-width: 433px) 100vw, 433px\" \/><figcaption>Erik Rydvall &#8211; Max Agnas &#8211; i bakgrunden Jonas Knutsson  \/ foto Anton Engblom                                                                                        <\/figcaption><\/figure>\n\n\n\n<p>Hisnande sk\u00f6na f\u00f6rsta &#8221;balladen&#8221; inneh\u00e5ller ett soloavsnitt signerat Blagoj Lamnjov &#8211; klassiskt utbildad klarinettist som turnerat v\u00e4rlden \u00f6ver.  Stillsamma tong\u00e5ngar avl\u00f6ses av  afrobeat. Musikerna \u00f6kar tempot furi\u00f6st i ett  highlife-sound featuring Jonas Knutsson p\u00e5 altsax och rytmsektionen. Klarinetten tar t\u00e4ten varvid makal\u00f6s dynamik uppst\u00e5r. Njuter kolossalt av  schatteringar av traditionell och modernt uppdaterad musik.  Jublande publik serveras ett sjok  vars tonspr\u00e5k h\u00e4rstammar fr\u00e5n Bengalen.  Kan definieras som ett elegant p\u00e4rlband av solon, st\u00e4mningar och uttryck.  Elbas och keyboard s\u00e4tter ig\u00e5ng en svindlande konversation med Rydvalls nyckelharpa. Fusion\/ v\u00e4rldsmusik &#8211; element m\u00f6ter upphottad nyckelharpa. Fantastiskt f\u00f6rsta set utan en enda irrelevant ton genomf\u00f6rs i superb akustik.<\/p>\n\n\n\n<p>Lycksalig blandad publik uppmanas  i pausen, att umg\u00e5s med m\u00e4nniskor de k\u00e4nner och dessutom stifta nya bekantskaper. Efter fika och beh\u00f6vlig andh\u00e4mtningspaus, forts\u00e4tter \u00e4ventyret i  andra set.  Ska po\u00e4ngteras att mannen i centrum \u00e4r en kvalificerad historieber\u00e4ttare, vars lika upplysande som finurliga mellansnack borde g\u00f6ra m\u00e5ngen kollega avundsjuk. K\u00e4nns b\u00e5de spontant och noga genomt\u00e4nkt.    <\/p>\n\n\n\n<figure class=\"wp-block-image size-full\"><img loading=\"lazy\" decoding=\"async\" width=\"650\" height=\"433\" src=\"https:\/\/kulturbloggen.com\/wp-content\/uploads\/2021\/10\/thumbnail_DSCF2847.jpg\" alt=\"\" class=\"wp-image-145044\" srcset=\"https:\/\/kulturbloggen.com\/wp-content\/uploads\/2021\/10\/thumbnail_DSCF2847.jpg 650w, https:\/\/kulturbloggen.com\/wp-content\/uploads\/2021\/10\/thumbnail_DSCF2847-300x200.jpg 300w\" sizes=\"auto, (max-width: 650px) 100vw, 650px\" \/><figcaption>Blagoj Lamjov &#8211; Karin Hammar &#8211; Lilliana Zavala      foto Anton Engblom                                                                      <\/figcaption><\/figure>\n\n\n\n<p>Hommage till R\u00f6j\u00e5s-Jonas inleder. Eklektikern M\u00f6ller triumferar genom sin unika och effektiva mix av kompositioner. Han och hans underbara musiker f\u00f6renas i en ambition att samtidigt vara f\u00f6rvaltare och f\u00f6rnyare. N\u00e5got som infrias med r\u00e5ge! <em>Karsi-polska <\/em>best\u00e5r av tungt, smittsamt groove, j\u00e4mte en marginell passage av kakafoni. Uppfriskande!   Oj, vilket ekvilibristiskt lir vars jam-artade moment resulterar i att publiken klappar takten. F\u00e4ster mig vid lysande solon fr\u00e5n Knutsson (v\u00e4xlade mellan alt- sopran- och barytonsax) och Farias. Liliana Zavalas rytmer dominerade ett tag i pulsh\u00f6jande yra. Kul! I konsertens grekiska avsnitt infaller f\u00f6rsta l\u00e4ngre trombonsolot. <em>Nattljus <\/em>pr\u00e4glas av  ljuvlig minimalism med sk\u00f6na st\u00e4nk av melankoli. <\/p>\n\n\n\n<p>Introt i deras hejdl\u00f6sa grand final p\u00e5minner om Fred Wesley och hans fr\u00e4cka trombonfunk. Karin Hammar levererar vid scenkanten. Blir fett sv\u00e4ngigt n\u00e4r solister paraderar. Max Agnas g\u00f6r avtryck, vilket kunde f\u00e5tt intr\u00e4ffa oftare. M\u00f6ller p\u00e5 mandola har en glimrande duell med Rubem Farias, vars instrument ocks\u00e5 tar \u00f6ver en stund i virtuos show. En p\u00e5tagligt n\u00f6jd komposit\u00f6r f\u00f6rdelar raffinerat och frikostigt utrymme. Obegripligt nog har inte Robin Cochrane framh\u00e5llits i  min text. I en komplett ensemble d\u00e4r samtliga ska ha \u00f6verbetyg inklusive m\u00e4ster M\u00f6ller, m\u00e5ste det fastsl\u00e5s att trumslagare Cochrane var vidunderlig. Utan att ta till excesser visar han sig ha avg\u00f6rande inverkan p\u00e5 den formidabla liveversionen av <em>Xeno Mania. <\/em><\/p>\n\n\n\n<figure class=\"wp-block-image size-full\"><img loading=\"lazy\" decoding=\"async\" width=\"650\" height=\"433\" src=\"https:\/\/kulturbloggen.com\/wp-content\/uploads\/2021\/10\/thumbnail_DSCF1437.jpg\" alt=\"\" class=\"wp-image-145045\" srcset=\"https:\/\/kulturbloggen.com\/wp-content\/uploads\/2021\/10\/thumbnail_DSCF1437.jpg 650w, https:\/\/kulturbloggen.com\/wp-content\/uploads\/2021\/10\/thumbnail_DSCF1437-300x200.jpg 300w\" sizes=\"auto, (max-width: 650px) 100vw, 650px\" \/><figcaption>fotograf Anton Engblom                                                          <\/figcaption><\/figure>\n\n\n\n<p>Blir uppfylld av en storartad livek\u00e4nsla. F\u00f6rsta g\u00e5ngen i fullsatt auditorium p\u00e5 drygt ett och ett halvt \u00e5r, v\u00e4nder jag mig till den vip-g\u00e4st jag sitter intill. Undrar om det finns ord som \u00f6verensst\u00e4mmer med vad vi tagit till oss. Hon tvekar, kommer fram till att omd\u00f6men som grandiost och magnifikt b\u00e4st motsvarar vad vi upplevt.  T\u00e5l att upprepas att akustiken, n\u00e5got Musik i Lerum investerar mycket i, var fenomenalt f\u00f6rstklassig.    <\/p>\n\n\n\n<p>ps P\u00e5 anmodan informeras om den fina kvaliteten p\u00e5 n\u00e4mnda streamade konsert med Ale M\u00f6ller trio. Vidare att p\u00e5 initiativ av Qlaez Wennberg, vars kreativitet och arbetsinsats f\u00f6rtj\u00e4nar att kreddas, spelades sammanlagt fyra konserter in med total omslutning p\u00e5 drygt 200 000:- Dessa genomf\u00f6rdes i samarbete med Nefertiti, f\u00f6reningarna i Trollh\u00e4ttan, V\u00e4nersborg, Ljungskile och n\u00e4tverket Knutpunkt Nefertiti. Maria Rylander har fungerat som projektledare och koordinator.  Arrangemangen genomf\u00f6rdes som  del av ett  strategiskt uppdrag i V\u00e4stra G\u00f6talandsregionen.   <\/p>\n\n\n\n<p><\/p>\n\n\n\n<p>   <\/p>\n\n\n\n<p><\/p>\n\n\n\n<p><\/p>\n\n\n\n<p> <\/p>\n","protected":false},"excerpt":{"rendered":"<p>2\/10 2021 Derg\u00e5rdsteatern i Lerum Fullsatt (n\u00e4rmare 400 personer) Ale M\u00f6ller firar i \u00e5r femtio \u00e5r som artist, vilket uppm\u00e4rksammas av arrang\u00f6ren i Lerum genom att en g\u00e5va \u00f6verl\u00e4mnas. Konstaterar att spelmannen b\u00f6rjade sin karri\u00e4r redan i ton\u00e5ren, eftersom han bara \u00e4r drygt tre \u00e5r \u00e4ldre \u00e4n er recensent. Alldeles nyligen tilldelades multiinstrumentalisten regeringens hederspris [&hellip;]<\/p>\n","protected":false},"author":34,"featured_media":0,"comment_status":"closed","ping_status":"closed","sticky":false,"template":"","format":"standard","meta":{"_genesis_hide_title":false,"_genesis_hide_breadcrumbs":false,"_genesis_hide_singular_image":false,"_genesis_hide_footer_widgets":false,"_genesis_custom_body_class":"","_genesis_custom_post_class":"","_genesis_layout":"","footnotes":""},"categories":[7,16,20],"tags":[],"class_list":{"0":"post-144946","1":"post","2":"type-post","3":"status-publish","4":"format-standard","6":"category-musik","7":"category-recension","8":"category-film","9":"entry"},"_links":{"self":[{"href":"https:\/\/kulturbloggen.com\/index.php?rest_route=\/wp\/v2\/posts\/144946","targetHints":{"allow":["GET"]}}],"collection":[{"href":"https:\/\/kulturbloggen.com\/index.php?rest_route=\/wp\/v2\/posts"}],"about":[{"href":"https:\/\/kulturbloggen.com\/index.php?rest_route=\/wp\/v2\/types\/post"}],"author":[{"embeddable":true,"href":"https:\/\/kulturbloggen.com\/index.php?rest_route=\/wp\/v2\/users\/34"}],"replies":[{"embeddable":true,"href":"https:\/\/kulturbloggen.com\/index.php?rest_route=%2Fwp%2Fv2%2Fcomments&post=144946"}],"version-history":[{"count":23,"href":"https:\/\/kulturbloggen.com\/index.php?rest_route=\/wp\/v2\/posts\/144946\/revisions"}],"predecessor-version":[{"id":145052,"href":"https:\/\/kulturbloggen.com\/index.php?rest_route=\/wp\/v2\/posts\/144946\/revisions\/145052"}],"wp:attachment":[{"href":"https:\/\/kulturbloggen.com\/index.php?rest_route=%2Fwp%2Fv2%2Fmedia&parent=144946"}],"wp:term":[{"taxonomy":"category","embeddable":true,"href":"https:\/\/kulturbloggen.com\/index.php?rest_route=%2Fwp%2Fv2%2Fcategories&post=144946"},{"taxonomy":"post_tag","embeddable":true,"href":"https:\/\/kulturbloggen.com\/index.php?rest_route=%2Fwp%2Fv2%2Ftags&post=144946"}],"curies":[{"name":"wp","href":"https:\/\/api.w.org\/{rel}","templated":true}]}}