{"id":144790,"date":"2021-09-29T10:46:48","date_gmt":"2021-09-29T08:46:48","guid":{"rendered":"https:\/\/kulturbloggen.com\/?p=144790"},"modified":"2021-10-21T06:54:30","modified_gmt":"2021-10-21T04:54:30","slug":"musikrecension-anna-vind-ovasen","status":"publish","type":"post","link":"https:\/\/kulturbloggen.com\/?p=144790","title":{"rendered":"Skivrecension: Anna Vild &#8211; Ov\u00e4sen"},"content":{"rendered":"<p>Artist Anna Vild<br \/>\nAlbum Ov\u00e4sen<br \/>\nBetyg 3<br \/>\nRelease 9 september<\/p>\n<p>Viskande, trollskt och poetiskt. Det \u00e4r ekot av en verklig skald. Anna Vilds f\u00f6rh\u00e4xade brygd av sk\u00f6nsjungande folk och dynamisk pop f\u00f6rt\u00e4ljer den st\u00f6rsta pandemin i svensk kvinnohistoria, h\u00e4xprocesserna. En kraftfull ber\u00e4ttelse som l\u00e4mnar avtryck.<\/p>\n<p>Hon \u00e4r magiker utan krafter som f\u00f6rtrycks av sitt folk, kvinnan som sticker ut i m\u00e4ngden, tar f\u00f6r mycket plats och bryter mot strikta samh\u00e4llsnormer. H\u00e4xan&nbsp; \u00e4r huvudpersonen i Annas maffiga musikaliska epos, diktboken och musikalbumet Ov\u00e4sen d\u00e4r text och poesi blir till byggstenar i det flerv\u00e5niga bygget.<\/p>\n<p>P\u00e5 grund av stress och en allt f\u00f6r h\u00e5rd bransch br\u00e4nner Anna ut sig. N\u00e5got g\u00e5r snett och pl\u00f6tsligt sitter hon d\u00e4r i sin rullstol och kan knappt r\u00f6ra benen. Men n\u00e4r Anna b\u00f6rjar skriva texter och musik l\u00e4ker kroppen \u00e5ter och idag beh\u00f6ver hon ingen rullstol eller kryckor. Hon \u00e4r helad. Tur i oturen d\u00e5 Anna p\u00e5 soffkanten finner nya intressen. Djupare och djupare gr\u00e4ver hon sig ned i mytologi och svensk nordisk f\u00f6rhistoria. Ov\u00e4sen \u00e4r resultatet av 15 \u00e5rs studier med input fr\u00e5n b\u00e5de folklivsforskare, f\u00f6rfattare, folklorister och jurister  Det \u00e4r en mustig ber\u00e4ttelse med utg\u00e5ngspunkt fr\u00e5n 1600-taletss Norden och h\u00e4xbr\u00e4nningarna.<br \/>\nSom en tidsmaskin l\u00f6per Ov\u00e4sen fr\u00e5n 1600-talets h\u00e4xprocesser fram till dagens trollande incels. F\u00f6r att anv\u00e4nda Annas egna ord \u00e4r Ov\u00e4sen &#8211; &#8221; Som en v\u00e4v d\u00e4r tr\u00e5dar ur f\u00e4bodv\u00e4sendet, kulning, mytologi, folktradition och s\u00e5v\u00e4l manligt som kvinnligt sexuellt f\u00f6rtryck fl\u00e4tats samman &#8211; till en tes som kittlar den existentiella nyfikenheten.<\/p>\n<p>En kvinna offrar sitt liv f\u00f6r att f\u00e5 vara annorlunda. Ett d\u00e5tida kvinnof\u00f6rtryck som f\u00f6rklarades med svart magi hos \u201ckvinnfolket\u201d.<br \/>\nAnna \u00e4r en verklig skald som leker fram orden. Likt ett rinnande vatten fl\u00f6dar poesin fram. Musikaliskt l\u00e5ter hon som Eva Dahlgren eller en tidig nedbantad Lena Philipsson utan upptempo-delen i superhitsen. Det trollska soundet f\u00f6rtrollad mig, drar in mig i Annas v\u00e4rld&nbsp; d\u00e4r svalor kan tala och vargar ylar om natten. Naturen \u00e4r besj\u00e4lad och st\u00e4ndigt n\u00e4rvarande i texterna.<\/p>\n<p>Min favoritl\u00e5t p\u00e5 skivan \u201cOm vindarna\u201d ber\u00e4ttar med poetisk och musikalisk tr\u00e4ffs\u00e4kerhet om svalaronas&nbsp; lovs\u00e5ng, d\u00e4r Anna kryptiskt utan pekpinnar pekar ut naturens vishet och kvinnors jakt efter sanning i ett samh\u00e4lle med patriarkal f\u00f6rordning.<\/p>\n<p>Men Ov\u00e4sen \u00e4r inte utan skavanker. Alla l\u00e5tar p\u00e5 skivan \u00e4r l\u00e5ngt ifr\u00e5n lika skarpa och melodiskt meddragande som ovann\u00e4mda. Och visst finns k\u00e4nslan av visst generiskt-cubase sound. Men det f\u00f6rtar inte k\u00e4nslan av en v\u00e4lsmakande helhet.<br \/>\nOv\u00e4sen \u00e4r en musikalisk resa du sent ska gl\u00f6mma.<\/p>\n","protected":false},"excerpt":{"rendered":"<p>Artist Anna Vild Album Ov\u00e4sen Betyg 3 Release 9 september Viskande, trollskt och poetiskt. Det \u00e4r ekot av en verklig skald. Anna Vilds f\u00f6rh\u00e4xade brygd av sk\u00f6nsjungande folk och dynamisk pop f\u00f6rt\u00e4ljer den st\u00f6rsta pandemin i svensk kvinnohistoria, h\u00e4xprocesserna. En kraftfull ber\u00e4ttelse som l\u00e4mnar avtryck. Hon \u00e4r magiker utan krafter som f\u00f6rtrycks av sitt folk, [&hellip;]<\/p>\n","protected":false},"author":40,"featured_media":144805,"comment_status":"closed","ping_status":"closed","sticky":false,"template":"","format":"standard","meta":{"_genesis_hide_title":false,"_genesis_hide_breadcrumbs":false,"_genesis_hide_singular_image":false,"_genesis_hide_footer_widgets":false,"_genesis_custom_body_class":"","_genesis_custom_post_class":"","_genesis_layout":"","footnotes":""},"categories":[7],"tags":[],"class_list":{"0":"post-144790","1":"post","2":"type-post","3":"status-publish","4":"format-standard","5":"has-post-thumbnail","7":"category-musik","8":"entry"},"_links":{"self":[{"href":"https:\/\/kulturbloggen.com\/index.php?rest_route=\/wp\/v2\/posts\/144790","targetHints":{"allow":["GET"]}}],"collection":[{"href":"https:\/\/kulturbloggen.com\/index.php?rest_route=\/wp\/v2\/posts"}],"about":[{"href":"https:\/\/kulturbloggen.com\/index.php?rest_route=\/wp\/v2\/types\/post"}],"author":[{"embeddable":true,"href":"https:\/\/kulturbloggen.com\/index.php?rest_route=\/wp\/v2\/users\/40"}],"replies":[{"embeddable":true,"href":"https:\/\/kulturbloggen.com\/index.php?rest_route=%2Fwp%2Fv2%2Fcomments&post=144790"}],"version-history":[{"count":19,"href":"https:\/\/kulturbloggen.com\/index.php?rest_route=\/wp\/v2\/posts\/144790\/revisions"}],"predecessor-version":[{"id":145661,"href":"https:\/\/kulturbloggen.com\/index.php?rest_route=\/wp\/v2\/posts\/144790\/revisions\/145661"}],"wp:featuredmedia":[{"embeddable":true,"href":"https:\/\/kulturbloggen.com\/index.php?rest_route=\/wp\/v2\/media\/144805"}],"wp:attachment":[{"href":"https:\/\/kulturbloggen.com\/index.php?rest_route=%2Fwp%2Fv2%2Fmedia&parent=144790"}],"wp:term":[{"taxonomy":"category","embeddable":true,"href":"https:\/\/kulturbloggen.com\/index.php?rest_route=%2Fwp%2Fv2%2Fcategories&post=144790"},{"taxonomy":"post_tag","embeddable":true,"href":"https:\/\/kulturbloggen.com\/index.php?rest_route=%2Fwp%2Fv2%2Ftags&post=144790"}],"curies":[{"name":"wp","href":"https:\/\/api.w.org\/{rel}","templated":true}]}}