{"id":14474,"date":"2009-11-01T17:19:36","date_gmt":"2009-11-01T15:19:36","guid":{"rendered":"http:\/\/kulturbloggen.com\/?p=14474"},"modified":"2009-11-01T17:19:36","modified_gmt":"2009-11-01T15:19:36","slug":"dromsk-och-associativt-cranes-pa-parken-i-goteborg","status":"publish","type":"post","link":"https:\/\/kulturbloggen.com\/?p=14474","title":{"rendered":"Dr\u00f6mskt och associativt: Cranes p\u00e5 Parken i G\u00f6teborg"},"content":{"rendered":"<p><img loading=\"lazy\" decoding=\"async\" class=\"aligncenter size-medium wp-image-14472\" title=\"Cranes @ W2 (1D033877)\" src=\"http:\/\/sodergren.com\/kulturbloggen\/wp-content\/uploads\/2009\/11\/craneslive-300x214.jpg\" alt=\"Cranes @ W2 (1D033877)\" width=\"300\" height=\"214\" \/><\/p>\n<p>\u201dMitt indiehj\u00e4rta sl\u00e5r och sl\u00e5r och sl\u00e5r\u2026\u201d I fredags befann jag mig i ett musikaliskt dr\u00f6mlandskap. Det brittiska indie-shoegaze-gothpop-bandet <a href=\"http:\/\/en.wikipedia.org\/wiki\/Cranes_(band)\" target=\"_blank\">Cranes<\/a> g\u00e4stade <a href=\"http:\/\/www.parken.se\/\" target=\"_blank\">Parken<\/a> i G\u00f6teborg. Det var som att flyta omkring i en sk\u00f6n bubbla av lugn, samtidigt som intensiteten i l\u00e5tarna och <a href=\"http:\/\/www.freewilliamsburg.com\/june_2002\/cranes.html\" target=\"_blank\">Alison Shaws<\/a> eteriska och p\u00e5 samma g\u00e5ng vassa r\u00f6st tog andan ur en.<\/p>\n<p>Cranes lyckas med att koncentrera det som g\u00f6r brittisk <a href=\"http:\/\/sv.wikipedia.org\/wiki\/Indiepop\" target=\"_blank\">indie<\/a> till min favoritmusikgenre: gitarrerna som smyger sig in och bygger upp en energi och styrka som sedan blommar ut n\u00e4r det n\u00e4rmar sig slutet p\u00e5 l\u00e5ten. Manglandet ger nerv \u00e5t musiken och den l\u00e5gm\u00e4lt, intensiva stegringen g\u00e5r aldrig till \u00f6verdrift utan finns d\u00e4r helt sj\u00e4lvklart.<\/p>\n<p>Gitarrslingorna hos Cranes drar iv\u00e4g med mig och f\u00e5r mig att vilja l\u00e4mna vardagen. De tar mig n\u00e5gon annanstans samtidigt som Shaws r\u00f6st h\u00e5ller mig kvar h\u00e4r och nu, f\u00e5r mig att vilja sparka i h\u00f6stl\u00f6ven och le mot blek sol. Det pulserar, r\u00f6r sig, lever och \u00e4r oerh\u00f6rt dynamiskt. Det \u00e4r n\u00e4rvaro och meditation i en sj\u00e4lvklar mix.<\/p>\n<p>Ljudet \u00e4r bland det b\u00e4sta jag har upplevt p\u00e5 en lajvkonsert. Det \u00e4r balanserat, v\u00e4lmixat och med en styrkeniv\u00e5 som g\u00f6r att jag f\u00f6r en g\u00e5ngs skull kan skippa \u00f6ronproppar och njuta fullt ut av vad som sker p\u00e5 scenen. Associationerna avl\u00f6ser varandra i en aldrig sinande str\u00f6m: att k\u00f6ra bil p\u00e5 blankv\u00e5ta h\u00f6stv\u00e4gar, att \u00e4lska l\u00e5ngsamt och vackert, att befinna sig i p\u00e5 den oklara, sk\u00f6na gr\u00e4nsen mellan dr\u00f6m och vakenhet.<\/p>\n<p>I slutet av konserten sprider sig cirkusk\u00e4nslan i lokalen. Det g\u00e5r att ana positivspelaren som tackar f\u00f6r de slantar som sl\u00e4ngs i hans trasiga hatt medan han vevar fram tonerna p\u00e5 det gamla positivet. Karusellen g\u00e5r runt, runt och doften av popcorn h\u00e4nger l\u00e4tt i luften. Fast s\u00e5 \u00e4r det ju inte. Vi st\u00e5r i en k\u00e4llare och ser Cranes, ett band som har f\u00f6rm\u00e5gan att v\u00e4va in dr\u00f6mmar i verkligheten, som f\u00e5r m\u00f6rkret att verka v\u00e4nligt och som g\u00f6r en av de b\u00e4sta konserter jag har sett i \u00e5r.<\/p>\n<p>L\u00e4s mer: <a href=\"http:\/\/www.pkmusik.se\/content\/\" target=\"_blank\">PK Musik<\/a>, <a href=\"http:\/\/www.cranes-fan.com\/\" target=\"_blank\">Cranes fanforum<\/a>, <a href=\"http:\/\/www.myspace.com\/cranes\" target=\"_blank\">MySpace<\/a>, <a href=\"http:\/\/babelmalmo.se\/konsert\/091029\" target=\"_blank\">Babel<\/a><\/p>\n","protected":false},"excerpt":{"rendered":"<p>Recension av Cranes p\u00e5 Parken i G\u00f6teborg 30 nov 2009.<\/p>\n","protected":false},"author":13,"featured_media":0,"comment_status":"open","ping_status":"open","sticky":false,"template":"","format":"standard","meta":{"_genesis_hide_title":false,"_genesis_hide_breadcrumbs":false,"_genesis_hide_singular_image":false,"_genesis_hide_footer_widgets":false,"_genesis_custom_body_class":"","_genesis_custom_post_class":"","_genesis_layout":"","footnotes":""},"categories":[7,16],"tags":[2467,3004,3320,12282,12285],"class_list":{"0":"post-14474","1":"post","2":"type-post","3":"status-publish","4":"format-standard","6":"category-musik","7":"category-recension","8":"tag-indie","9":"tag-konserter","10":"tag-live","11":"tag-musik","12":"tag-recension","13":"entry"},"_links":{"self":[{"href":"https:\/\/kulturbloggen.com\/index.php?rest_route=\/wp\/v2\/posts\/14474","targetHints":{"allow":["GET"]}}],"collection":[{"href":"https:\/\/kulturbloggen.com\/index.php?rest_route=\/wp\/v2\/posts"}],"about":[{"href":"https:\/\/kulturbloggen.com\/index.php?rest_route=\/wp\/v2\/types\/post"}],"author":[{"embeddable":true,"href":"https:\/\/kulturbloggen.com\/index.php?rest_route=\/wp\/v2\/users\/13"}],"replies":[{"embeddable":true,"href":"https:\/\/kulturbloggen.com\/index.php?rest_route=%2Fwp%2Fv2%2Fcomments&post=14474"}],"version-history":[{"count":0,"href":"https:\/\/kulturbloggen.com\/index.php?rest_route=\/wp\/v2\/posts\/14474\/revisions"}],"wp:attachment":[{"href":"https:\/\/kulturbloggen.com\/index.php?rest_route=%2Fwp%2Fv2%2Fmedia&parent=14474"}],"wp:term":[{"taxonomy":"category","embeddable":true,"href":"https:\/\/kulturbloggen.com\/index.php?rest_route=%2Fwp%2Fv2%2Fcategories&post=14474"},{"taxonomy":"post_tag","embeddable":true,"href":"https:\/\/kulturbloggen.com\/index.php?rest_route=%2Fwp%2Fv2%2Ftags&post=14474"}],"curies":[{"name":"wp","href":"https:\/\/api.w.org\/{rel}","templated":true}]}}