{"id":144379,"date":"2021-09-17T09:19:02","date_gmt":"2021-09-17T07:19:02","guid":{"rendered":"https:\/\/kulturbloggen.com\/?p=144379"},"modified":"2021-09-17T09:22:44","modified_gmt":"2021-09-17T07:22:44","slug":"lyssna-thomas-stenstrom-spring-baby-spring","status":"publish","type":"post","link":"https:\/\/kulturbloggen.com\/?p=144379","title":{"rendered":"Lyssna: Thomas Stenstr\u00f6m &#8211; Spring baby spring"},"content":{"rendered":"<p><img loading=\"lazy\" decoding=\"async\" class=\"aligncenter size-full wp-image-144387\" src=\"https:\/\/kulturbloggen.com\/wp-content\/uploads\/2021\/09\/unnamed-38.jpg\" alt=\"\" width=\"650\" height=\"366\" srcset=\"https:\/\/kulturbloggen.com\/wp-content\/uploads\/2021\/09\/unnamed-38.jpg 650w, https:\/\/kulturbloggen.com\/wp-content\/uploads\/2021\/09\/unnamed-38-300x169.jpg 300w\" sizes=\"auto, (max-width: 650px) 100vw, 650px\" \/><\/p>\n<p>Thomas Stenstr\u00f6m har sl\u00e4ppt albumet Spring baby spring.<\/p>\n<p>Thomas Stenstr\u00f6m kommer vi att f\u00e5 se och h\u00f6ra en hel del fr\u00e5n fram\u00f6ver. Nu har han sl\u00e4ppt ett nytt studioalbum )Spring baby Sprin), han medverkar i kommande S\u00e5 Mycket B\u00e4ttre och ger sig ut p\u00e5 en i stort sett uts\u00e5ld turne.<\/p>\n<p>Ett pressmeddelande ber\u00e4ttar om Thomas Stenstr\u00f6m:<br \/>\nThomas har under en l\u00e5ng tid f\u00f6rsett Sverige med melodier och l\u00e5tar att f\u00f6r\u00e4lska sig i. I \u00e5r har vi f\u00e5tt ta del av singlarna \u201dDet \u00e4r nog aldrig f\u00f6r sent f\u00f6r oss tv\u00e5\u201d, \u201dN\u00e4tterna\u201d och \u201dHej Hall\u00e5\u201d innan albumet \u201dSpring baby spring\u201d presenteras i sin helhet idag 17 september. Med sin p\u00e5tagliga n\u00e4rvaro och nerv i sin r\u00f6st l\u00e4mnas ingen ober\u00f6rd av Thomas l\u00e5tar. Nya skivan \u00e4r inget undantag. Thomas har hittat hem i ett sound d\u00e4r han lyser igenom som allra b\u00e4st, p\u00e5 \u201dSpring baby spring\u201d f\u00e5r instrumenten, texterna och melodierna ta sin tydliga plats. Eller som Thomas sj\u00e4lv uttrycker det; k\u00e4nns som ingenting jag gjort innan kommit mer fr\u00e5n hj\u00e4rtat \u00e4n det h\u00e4r.<\/p>\n<p>Thomas Stenstr\u00f6m har genomf\u00f6rt vad han kallar en 10-dagars l\u00e5ng releasefest f\u00f6r alla sina fans d\u00e4r albumet \u201dSpring baby spring\u201d presenterats och sl\u00e4ppts upp digitalt vartefter varje gigg genomf\u00f6rs. Set-listen av nya l\u00e5tar f\u00f6r spelningarna har d\u00e4rav v\u00e4xt f\u00f6r varje gig fram till albumreleasen. En enda stor l\u00e5ng releasefest d\u00e4r man som konsertbes\u00f6kare har varit f\u00f6rst med att h\u00f6ra den nya musiken.<\/p>\n<p><iframe loading=\"lazy\" src=\"https:\/\/open.spotify.com\/embed\/album\/66WY38HfMEkPRqEjanWQeF\" width=\"300\" height=\"380\" frameborder=\"0\"><\/iframe><\/p>\n","protected":false},"excerpt":{"rendered":"<p>Thomas Stenstr\u00f6m har sl\u00e4ppt albumet Spring baby spring. Thomas Stenstr\u00f6m kommer vi att f\u00e5 se och h\u00f6ra en hel del fr\u00e5n fram\u00f6ver. Nu har han sl\u00e4ppt ett nytt studioalbum )Spring baby Sprin), han medverkar i kommande S\u00e5 Mycket B\u00e4ttre och ger sig ut p\u00e5 en i stort sett uts\u00e5ld turne. Ett pressmeddelande ber\u00e4ttar om Thomas [&hellip;]<\/p>\n","protected":false},"author":13,"featured_media":0,"comment_status":"closed","ping_status":"closed","sticky":false,"template":"","format":"standard","meta":{"_genesis_hide_title":false,"_genesis_hide_breadcrumbs":false,"_genesis_hide_singular_image":false,"_genesis_hide_footer_widgets":false,"_genesis_custom_body_class":"","_genesis_custom_post_class":"","_genesis_layout":"","footnotes":""},"categories":[7,13624],"tags":[14147,14148,14152,14153,7218],"class_list":{"0":"post-144379","1":"post","2":"type-post","3":"status-publish","4":"format-standard","6":"category-musik","7":"category-toppnytt","8":"tag-albumnytt","9":"tag-lyssna-pa-nytt-album","10":"tag-nytt-album","11":"tag-spring-baby-spring","12":"tag-thomas-stenstrom","13":"entry"},"_links":{"self":[{"href":"https:\/\/kulturbloggen.com\/index.php?rest_route=\/wp\/v2\/posts\/144379","targetHints":{"allow":["GET"]}}],"collection":[{"href":"https:\/\/kulturbloggen.com\/index.php?rest_route=\/wp\/v2\/posts"}],"about":[{"href":"https:\/\/kulturbloggen.com\/index.php?rest_route=\/wp\/v2\/types\/post"}],"author":[{"embeddable":true,"href":"https:\/\/kulturbloggen.com\/index.php?rest_route=\/wp\/v2\/users\/13"}],"replies":[{"embeddable":true,"href":"https:\/\/kulturbloggen.com\/index.php?rest_route=%2Fwp%2Fv2%2Fcomments&post=144379"}],"version-history":[{"count":5,"href":"https:\/\/kulturbloggen.com\/index.php?rest_route=\/wp\/v2\/posts\/144379\/revisions"}],"predecessor-version":[{"id":144388,"href":"https:\/\/kulturbloggen.com\/index.php?rest_route=\/wp\/v2\/posts\/144379\/revisions\/144388"}],"wp:attachment":[{"href":"https:\/\/kulturbloggen.com\/index.php?rest_route=%2Fwp%2Fv2%2Fmedia&parent=144379"}],"wp:term":[{"taxonomy":"category","embeddable":true,"href":"https:\/\/kulturbloggen.com\/index.php?rest_route=%2Fwp%2Fv2%2Fcategories&post=144379"},{"taxonomy":"post_tag","embeddable":true,"href":"https:\/\/kulturbloggen.com\/index.php?rest_route=%2Fwp%2Fv2%2Ftags&post=144379"}],"curies":[{"name":"wp","href":"https:\/\/api.w.org\/{rel}","templated":true}]}}