{"id":144364,"date":"2021-09-17T09:06:14","date_gmt":"2021-09-17T07:06:14","guid":{"rendered":"https:\/\/kulturbloggen.com\/?p=144364"},"modified":"2021-09-17T09:06:16","modified_gmt":"2021-09-17T07:06:16","slug":"lyssna-roxane-elfasci-debutalbum-hommage-a-debussy","status":"publish","type":"post","link":"https:\/\/kulturbloggen.com\/?p=144364","title":{"rendered":"Lyssna: Roxane Elfasci &#8211; debutalbum Hommage \u00e1 Debussy"},"content":{"rendered":"<figure id=\"attachment_144373\" aria-describedby=\"caption-attachment-144373\" style=\"width: 650px\" class=\"wp-caption aligncenter\"><img loading=\"lazy\" decoding=\"async\" class=\"size-full wp-image-144373\" src=\"https:\/\/kulturbloggen.com\/wp-content\/uploads\/2021\/09\/unnamed-37.jpg\" alt=\"\" width=\"650\" height=\"366\" srcset=\"https:\/\/kulturbloggen.com\/wp-content\/uploads\/2021\/09\/unnamed-37.jpg 650w, https:\/\/kulturbloggen.com\/wp-content\/uploads\/2021\/09\/unnamed-37-300x169.jpg 300w\" sizes=\"auto, (max-width: 650px) 100vw, 650px\" \/><figcaption id=\"caption-attachment-144373\" class=\"wp-caption-text\">Foto: Jean-Baptiste Millot<\/figcaption><\/figure>\n<p>Den klassiska gitarrvirtuosen och Youtube-sensationen Roxane Elfasci sl\u00e4ppte sitt debutalbum Hommage \u00e1 Debussy den 17 september 2021.<\/p>\n<p>Ett pressmeddelande ber\u00e4ttar:<br \/>\nElfasci, gitarrvirtuosen som har en stark vilja att bem\u00e4stra det om\u00f6jliga sl\u00e4ppte under 2016 sin tolkning p\u00e5 komposit\u00f6ren Debussy\u2019s mest v\u00e4lk\u00e4nda l\u00e5t &#8217;Clair De Lune&#8217;. Stycket som \u00e4r m\u00e4sterligt arrangerat f\u00f6r gitarr av James Bishop-Edwards har nu \u00f6ver 7 miljoner visningar p\u00e5 Youtube med m\u00e4nniskor \u00f6ver hela v\u00e4rlden som hyllar hennes framf\u00f6rande.<\/p>\n<p>Med tolkningar av Debussy samt arrangemang av verk av Dukas, De Falla, Migot och Lemaigre som alla hyllar Debussy, vittnar skivan om Roxane Elfascis passion f\u00f6r komposit\u00f6ren. Elfasci s\u00e4ger:<br \/>\n<em>&#8211; I slut\u00e4ndan s\u00e5 f\u00f6rl\u00e5ter man \u00e4nd\u00e5 att Debussy f\u00f6rbiser v\u00e5rt instrument och kan \u00e4nd\u00e5 k\u00e4nna tr\u00f6st i att gitarren fungerar s\u00e5 otroligt bra f\u00f6r att \u00e5terge andan i hans musik med autenticitet (\u2026) Gitarren g\u00e5r \u00e4ven perfekt i harmoni med Debussy\u2019s impressionistiska estetik. Som med Monet\u2019s tavlor s\u00e5 rimmar Debussy\u2019s verk med ett o\u00e4ndligt antal nyanser av orkesterns olika f\u00e4rger, valda med exakt samma fingertoppsk\u00e4nsla som en konstn\u00e4r b\u00f6jd \u00f6ver sin canvas.<\/em><\/p>\n<p><iframe loading=\"lazy\" src=\"https:\/\/open.spotify.com\/embed\/album\/3KenJCdnODQebEf4YIbegQ\" width=\"300\" height=\"380\" frameborder=\"0\"><\/iframe><\/p>\n","protected":false},"excerpt":{"rendered":"<p>Den klassiska gitarrvirtuosen och Youtube-sensationen Roxane Elfasci sl\u00e4ppte sitt debutalbum Hommage \u00e1 Debussy den 17 september 2021. Ett pressmeddelande ber\u00e4ttar: Elfasci, gitarrvirtuosen som har en stark vilja att bem\u00e4stra det om\u00f6jliga sl\u00e4ppte under 2016 sin tolkning p\u00e5 komposit\u00f6ren Debussy\u2019s mest v\u00e4lk\u00e4nda l\u00e5t &#8217;Clair De Lune&#8217;. Stycket som \u00e4r m\u00e4sterligt arrangerat f\u00f6r gitarr av James Bishop-Edwards [&hellip;]<\/p>\n","protected":false},"author":13,"featured_media":0,"comment_status":"closed","ping_status":"closed","sticky":false,"template":"","format":"standard","meta":{"_genesis_hide_title":false,"_genesis_hide_breadcrumbs":false,"_genesis_hide_singular_image":false,"_genesis_hide_footer_widgets":false,"_genesis_custom_body_class":"","_genesis_custom_post_class":"","_genesis_layout":"","footnotes":""},"categories":[7,13624],"tags":[14147,14149,14146,14145,2945,14148,14150],"class_list":{"0":"post-144364","1":"post","2":"type-post","3":"status-publish","4":"format-standard","6":"category-musik","7":"category-toppnytt","8":"tag-albumnytt","9":"tag-debussy","10":"tag-klassisk-gitarr","11":"tag-klassisk-gitarrvirtuos","12":"tag-klassisk-musik","13":"tag-lyssna-pa-nytt-album","14":"tag-roxane-elfasci","15":"entry"},"_links":{"self":[{"href":"https:\/\/kulturbloggen.com\/index.php?rest_route=\/wp\/v2\/posts\/144364","targetHints":{"allow":["GET"]}}],"collection":[{"href":"https:\/\/kulturbloggen.com\/index.php?rest_route=\/wp\/v2\/posts"}],"about":[{"href":"https:\/\/kulturbloggen.com\/index.php?rest_route=\/wp\/v2\/types\/post"}],"author":[{"embeddable":true,"href":"https:\/\/kulturbloggen.com\/index.php?rest_route=\/wp\/v2\/users\/13"}],"replies":[{"embeddable":true,"href":"https:\/\/kulturbloggen.com\/index.php?rest_route=%2Fwp%2Fv2%2Fcomments&post=144364"}],"version-history":[{"count":8,"href":"https:\/\/kulturbloggen.com\/index.php?rest_route=\/wp\/v2\/posts\/144364\/revisions"}],"predecessor-version":[{"id":144377,"href":"https:\/\/kulturbloggen.com\/index.php?rest_route=\/wp\/v2\/posts\/144364\/revisions\/144377"}],"wp:attachment":[{"href":"https:\/\/kulturbloggen.com\/index.php?rest_route=%2Fwp%2Fv2%2Fmedia&parent=144364"}],"wp:term":[{"taxonomy":"category","embeddable":true,"href":"https:\/\/kulturbloggen.com\/index.php?rest_route=%2Fwp%2Fv2%2Fcategories&post=144364"},{"taxonomy":"post_tag","embeddable":true,"href":"https:\/\/kulturbloggen.com\/index.php?rest_route=%2Fwp%2Fv2%2Ftags&post=144364"}],"curies":[{"name":"wp","href":"https:\/\/api.w.org\/{rel}","templated":true}]}}