{"id":1442,"date":"2008-09-07T06:23:46","date_gmt":"2008-09-07T06:23:46","guid":{"rendered":"http:\/\/kulturbloggen.com\/?p=1442"},"modified":"2008-09-07T06:23:46","modified_gmt":"2008-09-07T06:23:46","slug":"kanske-folkpartiet-kickar-bade-leijonborg-och-bjorklund-innan-aret-ar-slut","status":"publish","type":"post","link":"https:\/\/kulturbloggen.com\/?p=1442","title":{"rendered":"Kanske folkpartiet kickar b\u00e5de Leijonborg och Bj\u00f6rklund innan \u00e5ret \u00e4r slut"},"content":{"rendered":"<p><a href='http:\/\/sodergren.com\/kulturbloggen\/wp-content\/uploads\/2008\/09\/skolhets260.jpg'><img loading=\"lazy\" decoding=\"async\" src=\"http:\/\/sodergren.com\/kulturbloggen\/wp-content\/uploads\/2008\/09\/skolhets260.jpg\" alt=\"\" title=\"skolhets260\" width=\"260\" height=\"150\" class=\"alignright size-full wp-image-1443\" \/><\/a>Vem vem: kanske folkpartiets ledning f\u00f6rnyas r\u00e4tt rej\u00e4lt.<br \/>\nLeijonborg kommer att avg\u00e5 som minister i mitten av oktober, <a href=\"http:\/\/www.dn.se\/DNet\/jsp\/polopoly.jsp?a=824735\">h\u00e4vdar DN<\/a>.<br \/>\nOch kring Bj\u00f6rklund stormar det rej\u00e4lt nu. Sedan det avsl\u00f6jades att han f\u00f6rvr\u00e4ngt siffror och statistik f\u00f6r att &#8221;bevisa&#8221; att svensk skola \u00e4r s\u00e5 d\u00e5lig att den beh\u00f6ver hans krafttag har det blivit som med ketchupflaskan. Nu \u00f6ver kritik in och allt fler f\u00f6r fram missn\u00f6je med den tidigare milit\u00e4ren Jan Bj\u00f6rklund. <a href=\"http:\/\/www.aftonbladet.se\/nyheter\/article3257819.ab\">Fr\u00e5n Aftonbladet idag<\/a>:<\/p>\n<blockquote><p>\n\u201dMan tappar f\u00f6rtroende f\u00f6r Bj\u00f6rklund\u201d<br \/>\nL\u00e4rarutbildare och l\u00e4rarstudenter kritiserar utbildningsministerns ointresse f\u00f6r forskningen.<\/p><\/blockquote>\n<p>Ingen vill v\u00e4l sopa problemen under mattan, men de flesta som rest omkring i v\u00e4rlden och\/eller tr\u00e4ffat m\u00e4nniskor fr\u00e5n andra l\u00e4nder och suttit ned och diskuterat skolfr\u00e5gor med dem har v\u00e4l konstaterat att svensk skola inte alls varit eller \u00e4r s\u00e5 usel i internationell j\u00e4mf\u00f6relse som Bj\u00f6rklund framh\u00e5llit under valkampanjen. Visst finns problem, visst finns det saker att f\u00f6rb\u00e4ttra. Men sorgligt nog \u00e4r det s\u00e5 v\u00e4rlden \u00f6ver. Svensk skola har ocks\u00e5 bra delar och p\u00e5 m\u00e5nga skolor har jag tr\u00e4ffat engagerade och duktiga l\u00e4rare. Det m\u00e5ste ett oerh\u00f6rt kr\u00e4vande arbete att vara l\u00e4rare med tanke p\u00e5 alla de krav som kommer fr\u00e5n alla h\u00e5ll. Och om det d\u00e5 dessutom framst\u00e4lls i medier som springer efter Bj\u00f6rklund att skolan \u00e4r s\u00e5 genomd\u00e5lig, d\u00e5 borde det finnas en och annan som tappar sugen.<\/p>\n<p>Skolan blir inte b\u00e4ttre av att trampas i botten. Ingen m\u00e4nniskor \u00f6ver huvudtaget presterar v\u00e4l b\u00e4ttre av att bli svartm\u00e5lad av politiker.<\/p>\n<p>Kanske dags f\u00f6r fp att byta ledning och ha en mer positiv person i ledningen som inte slirar med statistiken.<\/p>\n<p>Relaterade artiklar.<br \/>\n<a href=\"http:\/\/www.aftonbladet.se\/nyheter\/article3226503.ab\">Lena Mellin Bakl\u00e4xa!<\/a>  Jan Bj\u00f6rklund (fp) har sk\u00e4l att vara nerv\u00f6s efter misstagen om bristerna i svenska skolan 10<br \/>\n\u201d<a href=\"http:\/\/www.aftonbladet.se\/nyheter\/article2228488.ab\">Bj\u00f6rklund struntar i vetenskapen\u201d<\/a> Forskare kritiserar regeringens \u00f6vertro p\u00e5 betygen<br \/>\n<a href=\"http:\/\/www.aftonbladet.se\/nyheter\/article2270060.ab\">Mobiler beslagtas<\/a> \u2013 men st\u00f6ket \u00e4r kvar Lagen ger l\u00e4rare r\u00e4tt att ta elevernas mobiler<\/p>\n<p><a href=\"http:\/\/varmdobloggen.blogspot.com\/2008\/09\/svartmlaren.html\">V\u00e4rmd\u00f6bloggen har ocks\u00e5 bloggat om detta.<\/a><\/p>\n<p>Andra bloggar om: <a href=\"http:\/\/bloggar.se\/om\/skolpolitik\" rel=\"tag\">skolpolitik<\/a>, <a href=\"http:\/\/bloggar.se\/om\/skola\" rel=\"tag\">skola<\/a>, <a href=\"http:\/\/bloggar.se\/om\/Leijonborg\" rel=\"tag\">Leijonborg<\/a>, <a href=\"http:\/\/bloggar.se\/om\/Bj%F6rklund\" rel=\"tag\">Bj\u00f6rklund<\/a>, <a href=\"http:\/\/bloggar.se\/om\/folkpartiet\" rel=\"tag\">folkpartiet<\/a><\/p>\n","protected":false},"excerpt":{"rendered":"<p>Vem vem: kanske folkpartiets ledning f\u00f6rnyas r\u00e4tt rej\u00e4lt. Leijonborg kommer att avg\u00e5 som minister i mitten av oktober, h\u00e4vdar DN. Och kring Bj\u00f6rklund stormar det rej\u00e4lt nu. Sedan det avsl\u00f6jades att han f\u00f6rvr\u00e4ngt siffror och statistik f\u00f6r att &#8221;bevisa&#8221; att svensk skola \u00e4r s\u00e5 d\u00e5lig att den beh\u00f6ver hans krafttag har det blivit som med [&hellip;]<\/p>\n","protected":false},"author":2,"featured_media":0,"comment_status":"open","ping_status":"open","sticky":false,"template":"","format":"standard","meta":{"_genesis_hide_title":false,"_genesis_hide_breadcrumbs":false,"_genesis_hide_singular_image":false,"_genesis_hide_footer_widgets":false,"_genesis_custom_body_class":"","_genesis_custom_post_class":"","_genesis_layout":"","footnotes":""},"categories":[20],"tags":[5144],"class_list":{"0":"post-1442","1":"post","2":"type-post","3":"status-publish","4":"format-standard","6":"category-film","7":"tag-skolpolitik","8":"entry"},"_links":{"self":[{"href":"https:\/\/kulturbloggen.com\/index.php?rest_route=\/wp\/v2\/posts\/1442","targetHints":{"allow":["GET"]}}],"collection":[{"href":"https:\/\/kulturbloggen.com\/index.php?rest_route=\/wp\/v2\/posts"}],"about":[{"href":"https:\/\/kulturbloggen.com\/index.php?rest_route=\/wp\/v2\/types\/post"}],"author":[{"embeddable":true,"href":"https:\/\/kulturbloggen.com\/index.php?rest_route=\/wp\/v2\/users\/2"}],"replies":[{"embeddable":true,"href":"https:\/\/kulturbloggen.com\/index.php?rest_route=%2Fwp%2Fv2%2Fcomments&post=1442"}],"version-history":[{"count":0,"href":"https:\/\/kulturbloggen.com\/index.php?rest_route=\/wp\/v2\/posts\/1442\/revisions"}],"wp:attachment":[{"href":"https:\/\/kulturbloggen.com\/index.php?rest_route=%2Fwp%2Fv2%2Fmedia&parent=1442"}],"wp:term":[{"taxonomy":"category","embeddable":true,"href":"https:\/\/kulturbloggen.com\/index.php?rest_route=%2Fwp%2Fv2%2Fcategories&post=1442"},{"taxonomy":"post_tag","embeddable":true,"href":"https:\/\/kulturbloggen.com\/index.php?rest_route=%2Fwp%2Fv2%2Ftags&post=1442"}],"curies":[{"name":"wp","href":"https:\/\/api.w.org\/{rel}","templated":true}]}}