{"id":144101,"date":"2021-09-12T20:03:56","date_gmt":"2021-09-12T18:03:56","guid":{"rendered":"https:\/\/kulturbloggen.com\/?p=144101"},"modified":"2021-09-12T20:11:43","modified_gmt":"2021-09-12T18:11:43","slug":"filmrecension-the-seventeen-den-som-kan-se-detta-utan-att-beroras-maste-ha-ett-hjarta-av-sten","status":"publish","type":"post","link":"https:\/\/kulturbloggen.com\/?p=144101","title":{"rendered":"Filmrecension: The Seventeen &#8211; den som kan se detta utan att ber\u00f6ras m\u00e5ste ha ett hj\u00e4rta av sten"},"content":{"rendered":"<p><img loading=\"lazy\" decoding=\"async\" class=\"aligncenter size-full wp-image-144106\" src=\"https:\/\/kulturbloggen.com\/wp-content\/uploads\/2021\/09\/unnamed-30.jpg\" alt=\"\" width=\"459\" height=\"650\" srcset=\"https:\/\/kulturbloggen.com\/wp-content\/uploads\/2021\/09\/unnamed-30.jpg 459w, https:\/\/kulturbloggen.com\/wp-content\/uploads\/2021\/09\/unnamed-30-212x300.jpg 212w\" sizes=\"auto, (max-width: 459px) 100vw, 459px\" \/><\/p>\n<p>The Seventeen<br \/>\nBetyg 4<br \/>\nSvensk biopremi\u00e4r 24 september 2021<br \/>\nRegi Celina Escher<\/p>\n<p>En stark film som ingen borde kunna se utan att bli fylld av en ilska mot detta \u00f6vergrepp som sker mot kvinnor som s\u00e4tts i f\u00e4ngelse f\u00f6r att de f\u00f6rlorar sitt barn.<\/p>\n<p>El Salvador har totalf\u00f6rbud mot abort och denna lag tolkas vanvettigt str\u00e4ngt. Kvinnor d\u00f6ms till minst trettio \u00e5rs f\u00e4ngelse om de r\u00e5kar ut f\u00f6r missfall och olyckor under graviditeten som g\u00f6r att barnet d\u00f6r. Regiss\u00f6ren Celina Escher har under flera \u00e5rs tid f\u00f6ljt flera av dessa kvinnor som d\u00f6mts till f\u00e4ngelse och hon skildrar deras kamp f\u00f6r r\u00e4ttvisa. Om en kvinna blir v\u00e5ldtagen m\u00e5ste hon \u00e4nd\u00e5 f\u00f6da barnet. Till och med om det \u00e4r en ung flicka som v\u00e5ldtagits. Om kvinnans liv \u00e4r i fara m\u00e5ste hon \u00e4nd\u00e5 f\u00f6da barnet. Men det allra mest vansinniga \u00e4r att kvinnor som f\u00e5r missfall trots att de l\u00e4ngtar efter barnet och vill f\u00f6da barnet kan d\u00f6mas till l\u00e5ngvariga f\u00e4ngelsestraff om barnet d\u00f6r under gravideten eller under f\u00f6delsen.<\/p>\n<p>Dessa kvinnof\u00e4ngelser \u00e4r hemska anstalter. En av kvinnorna ber\u00e4ttar i filmen att de \u00e4r mer \u00e4n 3.000 kvinnor d\u00e4r och de ska dela p\u00e5 sex toaletter. En del kvinnor i f\u00e4ngelset m\u00e5ste sova p\u00e5 golvet f\u00f6r de har varken n\u00e5gon s\u00e4ng eller ens en filt.<\/p>\n<p>Det \u00e4r sv\u00e5rt att betygs\u00e4tta dokument\u00e4rer, tycker jag. Speciellt dokument\u00e4rer som denna, som \u00e4r mer en journalistisk djupdykning i ett viktigt \u00e4mne \u00e4n en traditionell film. Det \u00e4r ett \u00e4mne som inneh\u00e5ller m\u00e5nga utmaningar f\u00f6r en filmskapare. Det tog tid innan regiss\u00f6ren fick till\u00e5telse att ha kameran med n\u00e4r hon tr\u00e4ffade de d\u00f6mda kvinnorna i f\u00e4ngelset. Men d\u00e5 filmen \u00e4r s\u00e5 engagerande och v\u00e4cker m\u00e5nga tankar och k\u00e4nslor ger jag den ett h\u00f6gt betyg.<\/p>\n<p>Den kvinna filmen kretsar mest kring \u00e4r Teodora V\u00e1squez som var 24 \u00e5r och levde i El Salvador med sina f\u00f6r\u00e4ldrar och en tre-\u00e5rig son d\u00e5 hon var gravid i nionde m\u00e5naden. Hon f\u00f6ll hon ihop p\u00e5 jobbet med sv\u00e5ra v\u00e4rkar. Teodora ringde fem g\u00e5nger till polisen f\u00f6r att f\u00e5 hj\u00e4lp, men ingen kom. Hon f\u00f6dde barnet d\u00e4r hon stod och bl\u00f6dde kraftigt och svimmade. N\u00e4r hon vaknade upp p\u00e5 sjukhuset anklagades hon f\u00f6r att ha d\u00f6dat sitt barn och d\u00f6mdes till ett 30-\u00e5rigt f\u00e4ngelsestraff. Hon f\u00f6rlorade det barn hon l\u00e4ngtat efter och d\u00f6mdes till trettio \u00e5r i f\u00e4ngelse och f\u00f6rlorade d\u00e4rmed ocks\u00e5 m\u00f6jligheten att se sin son v\u00e4xa upp.<\/p>\n<p>I filmen f\u00e5r vi f\u00f6lja Teodora och flera andra kvinnor som d\u00f6mts till l\u00e5nga f\u00e4ngelsestraff f\u00f6r att de f\u00f6rlorat sitt barn.<\/p>\n<p>Vi f\u00e5r h\u00f6ra en politiker tala f\u00f6r varf\u00f6r han anser det \u00e4r r\u00e4tt att d\u00f6ma kvinnor till f\u00e4ngelse f\u00f6r missfall. Det \u00e4r sj\u00e4lvklart oerh\u00f6rt uppr\u00f6rande att se en man tala p\u00e5 det s\u00e4ttet. Det k\u00e4nns s\u00e5 hoppl\u00f6st att kvinnor \u00e4r s\u00e5 utsatta. Varf\u00f6r g\u00f6r v\u00e4rldens l\u00e4nder inte mer f\u00f6r att tvinga El Salvadors politiker att \u00e4ndra lagen som tolkas s\u00e5 vidrigt str\u00e4ngt? Det \u00e4r obegripligt. Politikern f\u00f6rsvarar lagen med att majoriteten av El Salvadors befolkning \u00e4r katoliker och de vill ha denna lag. Varf\u00f6r s\u00e4ger katolska kyrkan och dess \u00f6verhuvud p\u00e5ven ingenting? Det tas i alla fall inte upp i denna dokument\u00e4r.<\/p>\n<p>Minst lika skr\u00e4mmande som det \u00e4r att h\u00f6ra hur politikern f\u00f6rsvarar detta kvinnof\u00f6rtryck \u00e4r det att se demonstrationer med b\u00e5de m\u00e4n och kvinnor som st\u00f6der antiabortlagarna. Vi f\u00e5r b\u00e5de se demonstrationer emot abortlagarna och f\u00f6r abortlagarna.<\/p>\n<p>Det g\u00e5r inte att v\u00e4rja sig. Den som kan se den h\u00e4r filmen utan att bli ber\u00f6rd och utan att vilja vara med och f\u00f6r\u00e4ndra dessa or\u00e4ttvisor som finns i v\u00e4rlden mot kvinnor, den m\u00e5ste ha ett hj\u00e4rta av sten. Jag blir s\u00e5 ledsen \u00f6ver att det inte h\u00f6rs mer om detta och varf\u00f6r g\u00f6r inte demokratiska l\u00e4nder mer f\u00f6r att p\u00e5verka makthavare i El Salvador?<\/p>\n<p>Bakgrundsfakta om dokument\u00e4ren:<br \/>\nRegiss\u00f6ren Celina Escher \u00e4r uppvuxen i El Salvador och Schweiz, filmutbildad p\u00e5 Kuba och bor f\u00f6r n\u00e4rvarande i Sverige. Beslutet att g\u00f6ra film om Teodora V\u00e1squez och situationen i El Salvador fattade hon innan hon blev utexaminerad fr\u00e5n filmskolan, och hon reste dit s\u00e5 fort hon var klar med sin utbildning. Att f\u00e5 tillg\u00e5ng till f\u00e4ngelset och m\u00f6jlighet att intervjua Teodora och de andra kvinnorna var inte sj\u00e4lvklart och till en b\u00f6rjan till\u00e4ts hon bara komma in, men inte filma. Efter m\u00e5nga m\u00e5nader sl\u00e4pptes hon in i bes\u00f6ksrummet med en kamera och kunde b\u00f6rja intervjua, tv\u00e5 timmar i taget. Det tog tv\u00e5 \u00e5r att filma i f\u00e4ngelset och sen ytterligare tv\u00e5 \u00e5r att producera och \u00e4ven bes\u00f6ka familjerna utanf\u00f6r f\u00e4ngelset.<\/p>\n<p><iframe loading=\"lazy\" title=\"YouTube video player\" src=\"https:\/\/www.youtube.com\/embed\/M1NNAhjsMIA\" width=\"560\" height=\"315\" frameborder=\"0\" allowfullscreen=\"allowfullscreen\"><\/iframe><\/p>\n","protected":false},"excerpt":{"rendered":"<p>The Seventeen Betyg 4 Svensk biopremi\u00e4r 24 september 2021 Regi Celina Escher En stark film som ingen borde kunna se utan att bli fylld av en ilska mot detta \u00f6vergrepp som sker mot kvinnor som s\u00e4tts i f\u00e4ngelse f\u00f6r att de f\u00f6rlorar sitt barn. El Salvador har totalf\u00f6rbud mot abort och denna lag tolkas vanvettigt [&hellip;]<\/p>\n","protected":false},"author":2,"featured_media":0,"comment_status":"closed","ping_status":"closed","sticky":false,"template":"","format":"standard","meta":{"_genesis_hide_title":false,"_genesis_hide_breadcrumbs":false,"_genesis_hide_singular_image":false,"_genesis_hide_footer_widgets":false,"_genesis_custom_body_class":"","_genesis_custom_post_class":"","_genesis_layout":"","footnotes":""},"categories":[50,51,16,20,13624],"tags":[],"class_list":{"0":"post-144101","1":"post","2":"type-post","3":"status-publish","4":"format-standard","6":"category-filmfilm","7":"category-filmer","8":"category-recension","9":"category-film","10":"category-toppnytt","11":"entry"},"_links":{"self":[{"href":"https:\/\/kulturbloggen.com\/index.php?rest_route=\/wp\/v2\/posts\/144101","targetHints":{"allow":["GET"]}}],"collection":[{"href":"https:\/\/kulturbloggen.com\/index.php?rest_route=\/wp\/v2\/posts"}],"about":[{"href":"https:\/\/kulturbloggen.com\/index.php?rest_route=\/wp\/v2\/types\/post"}],"author":[{"embeddable":true,"href":"https:\/\/kulturbloggen.com\/index.php?rest_route=\/wp\/v2\/users\/2"}],"replies":[{"embeddable":true,"href":"https:\/\/kulturbloggen.com\/index.php?rest_route=%2Fwp%2Fv2%2Fcomments&post=144101"}],"version-history":[{"count":27,"href":"https:\/\/kulturbloggen.com\/index.php?rest_route=\/wp\/v2\/posts\/144101\/revisions"}],"predecessor-version":[{"id":144130,"href":"https:\/\/kulturbloggen.com\/index.php?rest_route=\/wp\/v2\/posts\/144101\/revisions\/144130"}],"wp:attachment":[{"href":"https:\/\/kulturbloggen.com\/index.php?rest_route=%2Fwp%2Fv2%2Fmedia&parent=144101"}],"wp:term":[{"taxonomy":"category","embeddable":true,"href":"https:\/\/kulturbloggen.com\/index.php?rest_route=%2Fwp%2Fv2%2Fcategories&post=144101"},{"taxonomy":"post_tag","embeddable":true,"href":"https:\/\/kulturbloggen.com\/index.php?rest_route=%2Fwp%2Fv2%2Ftags&post=144101"}],"curies":[{"name":"wp","href":"https:\/\/api.w.org\/{rel}","templated":true}]}}