{"id":144087,"date":"2021-09-12T12:53:47","date_gmt":"2021-09-12T10:53:47","guid":{"rendered":"https:\/\/kulturbloggen.com\/?p=144087"},"modified":"2021-09-12T12:53:49","modified_gmt":"2021-09-12T10:53:49","slug":"svensk-danskt-samarbete-tillreder-forstklassig-bebop-karl-martin-almqvist-4-pa-unity","status":"publish","type":"post","link":"https:\/\/kulturbloggen.com\/?p=144087","title":{"rendered":"Svensk-danskt samarbete tillreder f\u00f6rstklassig bebop &#8211; Karl-Martin Almqvist 4 p\u00e5 Unity"},"content":{"rendered":"\n<figure class=\"wp-block-image size-full\"><img loading=\"lazy\" decoding=\"async\" width=\"650\" height=\"488\" src=\"https:\/\/kulturbloggen.com\/wp-content\/uploads\/2021\/09\/241687577_10159035217784667_4377199601691165714_n.jpg\" alt=\"\" class=\"wp-image-144088\" srcset=\"https:\/\/kulturbloggen.com\/wp-content\/uploads\/2021\/09\/241687577_10159035217784667_4377199601691165714_n.jpg 650w, https:\/\/kulturbloggen.com\/wp-content\/uploads\/2021\/09\/241687577_10159035217784667_4377199601691165714_n-300x225.jpg 300w\" sizes=\"auto, (max-width: 650px) 100vw, 650px\" \/><figcaption>Kvartetten samlad inf\u00f6r gig &#8211; ok\u00e4nd fotograf                                               <\/figcaption><\/figure>\n\n\n\n<p>10-11\/9 2021<\/p>\n\n\n\n<p>Jazzkrogen Unity i G\u00f6teborg<\/p>\n\n\n\n<p>Kommer i god tid p\u00e5 cykel till kvartettens andra konsert deras f\u00f6rsta kv\u00e4ll i G\u00f6teborg. Ute regnar det.  Kanske m\u00e4rks redan en \u00f6veretablering av livejazz i staden, eftersom jag f\u00e5r plats vid ett av borden n\u00e4rmast scen. Sitter p\u00e5 max tv\u00e5 meters avst\u00e5nd till pianisten och bandledaren. Aftonens huvudrollsinnehavare \u00e4r v\u00e4nlig nog att sk\u00e4nka mig \u00f6ronproppar n\u00e4r jag n\u00e4mner att jag gl\u00f6mt ta med mig.<\/p>\n\n\n\n<p> Det \u00e4r f\u00f6rst\u00e5s en ynnest att kunna slinka in s\u00e5 h\u00e4r. Karl-Martin Almqvist k\u00e4nner igen. mig Har reda p\u00e5 att jag ber\u00e4ttar i skrift om en hel del av mina konsertupplevelser, vilket jag tar som ett gott tecken. Senast h\u00f6rde jag tenorsaxofonisten, en av de ledande i landet, under Ystad Jazzfestival, fast han d\u00e5 fanns i ett sammanhang d\u00e4r potentialen bara kunde anas. P\u00e5 fotot ovan syns fr\u00e5n v\u00e4nster pianisten Carl Winther (son till danske trumpetaren Jens Winther som jag h\u00f6rt p\u00e5 Nef), flitige basisten Johnny \u00c5man fr\u00e5n Sk\u00e5ne, danske trumslagaren Anders Mogensen (ingick i Anders Bergcrantz band n\u00e4r denne gigant lirade p\u00e5 Nef senast) samt med basker och glas\u00f6gon Karl-Martin Almqvist.<\/p>\n\n\n\n<p>Kvartettens intensiva konsert p\u00e5g\u00e5r i cirka sjuttio minuter. Ovanligt nog framf\u00f6rs inga standards, utan ist\u00e4llet v\u00e4lgjorda originall\u00e5tar med \u00e5tskilliga utvikningar. Almqvist eller Winther hade komponerat. G\u00e5r n\u00e4ppeligen att beg\u00e4ra mer bebop \u00e4n s\u00e5 h\u00e4r fr\u00e5n en samtida skandinavisk grupp. S\u00e5lunda erbjuds livejazz  p\u00e5 absolut toppniv\u00e5! Det var en h\u00e4rligt het urladdning.  Ingen h\u00f6ll igen, tv\u00e4rtom.  \u00d6msom hetsigt, \u00f6msom  sekvenser som str\u00e4ckte ut. Deras nerviga spel fick mig att associera till John Coltranes ber\u00f6mda kvartett p\u00e5 60-talet. Tyckte mig identifiera en liknande h\u00e4ngiven inst\u00e4llning, \u00e4ven om soundet inte hade samma andliga dimension. Vill tro att ocks\u00e5 Dexter Gordon och Sonny Rollins utgjort f\u00f6red\u00f6men, f\u00f6r en instrumentalist som fullst\u00e4ndigt beh\u00e4rskar sitt instrument.   <\/p>\n\n\n\n<p>Inledningsvis  pulserande \u00f6ppen karakt\u00e4r. Carl Winther f\u00e5r omg\u00e5ende feeling i sitt f\u00f6rsta solo. Urskiljer klart definierade linjer, alternativt snirkligt attraktiva melodier. Lyh\u00f6rt samspel \u00e4r bara f\u00f6rnamnet.  Anders Mogensen fungerar som magnifik p\u00e5drivare. \u00c5man jobbar sedvanligt f\u00f6r h\u00f6gtryck. Ger n\u00f6dv\u00e4ndig stadga fast  kontrabasen \u00e4r inst\u00e4lld p\u00e5 ganska l\u00e5g volym, vilket gynnar klangen fr\u00e5n Yamaha-pianot.  L\u00e5tarna har titlar som <em>Dart, Lybeck<\/em>, <em>O.D, <\/em>och <em>Kinshee. <\/em>(med reservation f\u00f6r stavning och m\u00f6jligheten att jag inte uppfattat exakt).  I sist n\u00e4mnda l\u00e5t f\u00f6rankras elegant ett rytmiskt stringent tema. Ett av konsertens kr\u00f6n.<\/p>\n\n\n\n<p>Den renommerade tenoristen (minst fem plattor i eget namn, ing\u00e5tt i Patrik Bomans 7 Piece Machine, Nils Landgrens Funk Unit, Jacob Karlzon Big 5 och spelat med flera av v\u00e5ra fr\u00e4msta vokalister) gav oss helhj\u00e4rtat chorus p\u00e5 chorus i l\u00f6diga improvisationer. Att somliga melodier kunde te sig lite anonyma inverkade inte speciellt p\u00e5 en ypperlig konsert. Efter en dialog med trumsetet hamnade Mogensen i en ny fas, kom i en andra andning som till att b\u00f6rja med renderade i h\u00e5rd attack i medium-tempo. Den danske pianistens behandling av melodiers strukturer gav mersmak. Kan skjuta in att jag f\u00f6r ett par \u00e5r sedan s\u00e5g honom med kv\u00e4llens rytmsektion, d\u00e5 han ackompanjerade  Jerry Bergonzi och Tim Hagans i Ystad.   <\/p>\n\n\n\n<p>P\u00e5 sluttampen  eggade Winther sin landsman, genom att st\u00e4lla sig upp och pusha honom till att f\u00e5 utlopp f\u00f6r extatiskt spel, fick verkligen anv\u00e4ndning f\u00f6r sina tre cymbaler. Publiken h\u00e4ngde p\u00e5.  Blev ett sjus\u00e4rdeles rytmiskt fyrverkeri med vilda kaskader fr\u00e5n en n\u00e4stan \u00f6verladdad Anders Mogensen.   Hade kul \u00e5t skickligt utf\u00f6rda excesser. Extranumret <em>Meduza <\/em>artar sig f\u00f6ljdriktigt till en furi\u00f6s, febrig urladdning med den m\u00e4sterligt iv\u00e4gsv\u00e4vande saxofonisten i centrum. . Sj\u00e4lvklart mycket n\u00f6jd och bel\u00e5ten med vad detta samspelta g\u00e4ng \u00e5stadkom. <\/p>\n\n\n\n<p><\/p>\n","protected":false},"excerpt":{"rendered":"<p>10-11\/9 2021 Jazzkrogen Unity i G\u00f6teborg Kommer i god tid p\u00e5 cykel till kvartettens andra konsert deras f\u00f6rsta kv\u00e4ll i G\u00f6teborg. Ute regnar det. Kanske m\u00e4rks redan en \u00f6veretablering av livejazz i staden, eftersom jag f\u00e5r plats vid ett av borden n\u00e4rmast scen. Sitter p\u00e5 max tv\u00e5 meters avst\u00e5nd till pianisten och bandledaren. Aftonens huvudrollsinnehavare [&hellip;]<\/p>\n","protected":false},"author":34,"featured_media":0,"comment_status":"closed","ping_status":"closed","sticky":false,"template":"","format":"standard","meta":{"_genesis_hide_title":false,"_genesis_hide_breadcrumbs":false,"_genesis_hide_singular_image":false,"_genesis_hide_footer_widgets":false,"_genesis_custom_body_class":"","_genesis_custom_post_class":"","_genesis_layout":"","footnotes":""},"categories":[7,16],"tags":[],"class_list":{"0":"post-144087","1":"post","2":"type-post","3":"status-publish","4":"format-standard","6":"category-musik","7":"category-recension","8":"entry"},"_links":{"self":[{"href":"https:\/\/kulturbloggen.com\/index.php?rest_route=\/wp\/v2\/posts\/144087","targetHints":{"allow":["GET"]}}],"collection":[{"href":"https:\/\/kulturbloggen.com\/index.php?rest_route=\/wp\/v2\/posts"}],"about":[{"href":"https:\/\/kulturbloggen.com\/index.php?rest_route=\/wp\/v2\/types\/post"}],"author":[{"embeddable":true,"href":"https:\/\/kulturbloggen.com\/index.php?rest_route=\/wp\/v2\/users\/34"}],"replies":[{"embeddable":true,"href":"https:\/\/kulturbloggen.com\/index.php?rest_route=%2Fwp%2Fv2%2Fcomments&post=144087"}],"version-history":[{"count":11,"href":"https:\/\/kulturbloggen.com\/index.php?rest_route=\/wp\/v2\/posts\/144087\/revisions"}],"predecessor-version":[{"id":144099,"href":"https:\/\/kulturbloggen.com\/index.php?rest_route=\/wp\/v2\/posts\/144087\/revisions\/144099"}],"wp:attachment":[{"href":"https:\/\/kulturbloggen.com\/index.php?rest_route=%2Fwp%2Fv2%2Fmedia&parent=144087"}],"wp:term":[{"taxonomy":"category","embeddable":true,"href":"https:\/\/kulturbloggen.com\/index.php?rest_route=%2Fwp%2Fv2%2Fcategories&post=144087"},{"taxonomy":"post_tag","embeddable":true,"href":"https:\/\/kulturbloggen.com\/index.php?rest_route=%2Fwp%2Fv2%2Ftags&post=144087"}],"curies":[{"name":"wp","href":"https:\/\/api.w.org\/{rel}","templated":true}]}}