{"id":144016,"date":"2021-09-08T09:51:23","date_gmt":"2021-09-08T07:51:23","guid":{"rendered":"https:\/\/kulturbloggen.com\/?p=144016"},"modified":"2021-09-08T09:51:32","modified_gmt":"2021-09-08T07:51:32","slug":"moderna-museet-en-heldag-om-metoo-uppropen","status":"publish","type":"post","link":"https:\/\/kulturbloggen.com\/?p=144016","title":{"rendered":"Moderna mus\u00e9et arrangerar en heldag om #Metoo-uppropen"},"content":{"rendered":"<figure id=\"attachment_144024\" aria-describedby=\"caption-attachment-144024\" style=\"width: 650px\" class=\"wp-caption aligncenter\"><img loading=\"lazy\" decoding=\"async\" class=\"size-full wp-image-144024\" src=\"https:\/\/kulturbloggen.com\/wp-content\/uploads\/2021\/09\/unnamed-27.jpg\" alt=\"\" width=\"650\" height=\"439\" srcset=\"https:\/\/kulturbloggen.com\/wp-content\/uploads\/2021\/09\/unnamed-27.jpg 650w, https:\/\/kulturbloggen.com\/wp-content\/uploads\/2021\/09\/unnamed-27-300x203.jpg 300w\" sizes=\"auto, (max-width: 650px) 100vw, 650px\" \/><figcaption id=\"caption-attachment-144024\" class=\"wp-caption-text\">MeToo-uppropen. Foto: Annahita Holmberg<\/figcaption><\/figure>\n<p>Moderna mus\u00e9et arrangerar en heldag 16 oktober 2021 med samtal, konst och vittnesm\u00e5l om<br \/>\nMeToo-uppropen, #Metoo-uppropen.<br \/>\nEtt pressmeddelande ber\u00e4ttar: Fr\u00e5n sj\u00f6fart och\u202fteatrar till universitet och musikscener, fr\u00e5n kyrkan och polisen till\u202fheml\u00f6sa, politiker och konstn\u00e4rer.\u202fH\u00f6sten 2017 str\u00f6mmade vittnesm\u00e5len in fr\u00e5n s\u00e5v\u00e4l de mest utsatta som de h\u00f6gst uppsatta i samh\u00e4llet. Den gemensamma n\u00e4mnaren var att de fr\u00e5n sina vitt skilda h\u00e5ll ber\u00e4ttade om\u202fsexuella trakasserier, kr\u00e4nkningar och v\u00e5ld.\u202f#metoo-revolutionen var h\u00e4r.<\/p>\n<p>Den 16 oktober bjuder Moderna Museet, tillsammans med F\u00f6reningen Samordningen Metoo-uppropen, in till en heldag med samtal om vad som h\u00e4nde under den d\u00e4r h\u00f6sten f\u00f6r fyra \u00e5r sedan och vad som har h\u00e4nt sedan dess. Blev det n\u00e5gra f\u00f6r\u00e4ndringar och i s\u00e5 fall vilka?\u202fHur ser lagstiftningen och r\u00e4ttspraktiken ut? \u202fHur\u202ftar vi oss nu vidare? Vittnesm\u00e5l fr\u00e5n de olika #metoo-uppropen blandas med ber\u00e4ttelser fr\u00e5n initiativtagare och forskning presenteras och analyseras. Till detta bjuds p\u00e5 poesi, konst och musik. Medverkar g\u00f6r bland andra Alma\u202fKirlic,\u202fpoet, Cajsa\u202fJersler\u202fFransson,\u202fprojektledare,\u202fSj\u00f6fartsverket, (#l\u00e4ttaankar), Eva\u202fNikell,\u202fjournalist, kvinnor\u00e4ttsaktivist\u202foch folkbildare, Jenny Westerstrand, ordf\u00f6rande ROKS, Linn\u00e9a Bruno,\u202fv\u00e5ldsforskare (#orosanm\u00e4lan)\u202foch Sara\u202fZommorodi, sk\u00e5despelare, (#tystnadtagning och #sk\u00e5despelaresomrasifieras). Moderna Museets \u00f6verintendent Gitte \u00d8rskou h\u00e4lsar v\u00e4lkommen tillsammans med Anne S\u00f6rman, ordf\u00f6rande i F\u00f6reningen Samordningen Metoo-uppropen.<\/p>\n<p>&#8211; Det k\u00e4nns fantastiskt att samma \u00e5r som vi firar 100 \u00e5r av kvinnors r\u00f6str\u00e4tt kunna samlas kring den enorma m\u00e4ngd av nedtystade r\u00f6ster och ber\u00e4ttelser som metoo var, s\u00e4ger Anne S\u00f6rman fr\u00e5n f\u00f6reningen Samordningen Metoouppropen.<\/p>\n<p>&#8211; Moderna Museet blir denna dag platsen f\u00f6r kraftsamling och fram\u00e5tblickande. Vad m\u00e5ste till f\u00f6r att f\u00e5 ett samh\u00e4lle fritt fr\u00e5n sexuella trakasserier och v\u00e5ld? Det vill vi ta reda p\u00e5, s\u00e4ger Catrin Lundqvist, intendent och projektledare, Moderna Museet.<\/p>\n","protected":false},"excerpt":{"rendered":"<p>Moderna mus\u00e9et arrangerar en heldag 16 oktober 2021 med samtal, konst och vittnesm\u00e5l om MeToo-uppropen, #Metoo-uppropen. Ett pressmeddelande ber\u00e4ttar: Fr\u00e5n sj\u00f6fart och\u202fteatrar till universitet och musikscener, fr\u00e5n kyrkan och polisen till\u202fheml\u00f6sa, politiker och konstn\u00e4rer.\u202fH\u00f6sten 2017 str\u00f6mmade vittnesm\u00e5len in fr\u00e5n s\u00e5v\u00e4l de mest utsatta som de h\u00f6gst uppsatta i samh\u00e4llet. Den gemensamma n\u00e4mnaren var att de [&hellip;]<\/p>\n","protected":false},"author":13,"featured_media":0,"comment_status":"closed","ping_status":"closed","sticky":false,"template":"","format":"standard","meta":{"_genesis_hide_title":false,"_genesis_hide_breadcrumbs":false,"_genesis_hide_singular_image":false,"_genesis_hide_footer_widgets":false,"_genesis_custom_body_class":"","_genesis_custom_post_class":"","_genesis_layout":"","footnotes":""},"categories":[62,13624],"tags":[],"class_list":{"0":"post-144016","1":"post","2":"type-post","3":"status-publish","4":"format-standard","6":"category-medie-och-kulturpolitik","7":"category-toppnytt","8":"entry"},"_links":{"self":[{"href":"https:\/\/kulturbloggen.com\/index.php?rest_route=\/wp\/v2\/posts\/144016","targetHints":{"allow":["GET"]}}],"collection":[{"href":"https:\/\/kulturbloggen.com\/index.php?rest_route=\/wp\/v2\/posts"}],"about":[{"href":"https:\/\/kulturbloggen.com\/index.php?rest_route=\/wp\/v2\/types\/post"}],"author":[{"embeddable":true,"href":"https:\/\/kulturbloggen.com\/index.php?rest_route=\/wp\/v2\/users\/13"}],"replies":[{"embeddable":true,"href":"https:\/\/kulturbloggen.com\/index.php?rest_route=%2Fwp%2Fv2%2Fcomments&post=144016"}],"version-history":[{"count":8,"href":"https:\/\/kulturbloggen.com\/index.php?rest_route=\/wp\/v2\/posts\/144016\/revisions"}],"predecessor-version":[{"id":144026,"href":"https:\/\/kulturbloggen.com\/index.php?rest_route=\/wp\/v2\/posts\/144016\/revisions\/144026"}],"wp:attachment":[{"href":"https:\/\/kulturbloggen.com\/index.php?rest_route=%2Fwp%2Fv2%2Fmedia&parent=144016"}],"wp:term":[{"taxonomy":"category","embeddable":true,"href":"https:\/\/kulturbloggen.com\/index.php?rest_route=%2Fwp%2Fv2%2Fcategories&post=144016"},{"taxonomy":"post_tag","embeddable":true,"href":"https:\/\/kulturbloggen.com\/index.php?rest_route=%2Fwp%2Fv2%2Ftags&post=144016"}],"curies":[{"name":"wp","href":"https:\/\/api.w.org\/{rel}","templated":true}]}}