{"id":144002,"date":"2021-09-07T16:16:32","date_gmt":"2021-09-07T14:16:32","guid":{"rendered":"https:\/\/kulturbloggen.com\/?p=144002"},"modified":"2021-09-07T22:06:44","modified_gmt":"2021-09-07T20:06:44","slug":"nydanande-popmusik-med-jojken-som-rattesnore","status":"publish","type":"post","link":"https:\/\/kulturbloggen.com\/?p=144002","title":{"rendered":"Nydanande pop med jojken som r\u00e4ttesn\u00f6re"},"content":{"rendered":"<figure id=\"attachment_144004\" aria-describedby=\"caption-attachment-144004\" style=\"width: 300px\" class=\"wp-caption alignnone\"><img loading=\"lazy\" decoding=\"async\" class=\"size-medium wp-image-144004\" src=\"https:\/\/kulturbloggen.com\/wp-content\/uploads\/2021\/09\/mypeople_front-unni-300x300.jpg\" alt=\"\" width=\"300\" height=\"300\" srcset=\"https:\/\/kulturbloggen.com\/wp-content\/uploads\/2021\/09\/mypeople_front-unni-300x300.jpg 300w, https:\/\/kulturbloggen.com\/wp-content\/uploads\/2021\/09\/mypeople_front-unni-150x150.jpg 150w, https:\/\/kulturbloggen.com\/wp-content\/uploads\/2021\/09\/mypeople_front-unni.jpg 650w\" sizes=\"auto, (max-width: 300px) 100vw, 300px\" \/><figcaption id=\"caption-attachment-144004\" class=\"wp-caption-text\">Pressbild Sara Ajnnak<\/figcaption><\/figure>\n<p>Sara Ajnnak<br \/>\nAlbum Homo Sapiens and My People<br \/>\nBetyg 4<br \/>\nSvensk skivrelease 27 augusti<\/p>\n<p>Om f\u00f6rtrycket som g\u00e5r i arv och skallar som m\u00e4ts i diameter, en efter en.<br \/>\n&#8221;Homo Sapiens and My people&#8221; \u00e4r en viktig skiva om en historisk skyms f\u00f6r Sverige. Men framf\u00f6rallt \u00e4r det ett glimmande popalbum med Ajnnak vid frontlinjen. Med jojken som huvudinstrument f\u00f6rnyar hon genren ,samtidigt bibeh\u00e5ller det samiska arvet.<\/p>\n<p>Redan 2019 uppm\u00e4rksammades Sara Ajnnak f\u00f6r Grammisnominerade skivan \u201cGullldailit can you hear me\u201d. \u201cHomo Sapiens And My People\u201d \u00e4r en tidsmaskin, en \u00e5terblick till det gamla, om rasbiologi, om skalar som m\u00e4ts i omkrets och samer som mobbas ut och tvingas g\u00e5 i specialskola. Ajnnak, denna f\u00f6rk\u00e4mpe f\u00f6r allas lika v\u00e4rde, tar oss med p\u00e5 en svindlande, musikalisk resa d\u00e4r jojken \u00e4r r\u00f6da tr\u00e5den, limmet som h\u00e5ller bygget samman. Symbolen f\u00f6r friheten och antitesen till f\u00f6rtrycket mot ett folk och v\u00e5rt eget ursprung.<\/p>\n<p>Med \u201cHomo Sapiens And My People\u201d tar Ajnnak den samiska folkmusiken vidare in i en modern samtid. Det \u00e4r popifierat och nydanande. Med jojken som r\u00e4ttesn\u00f6re f\u00f6rnyar hon genren och skapar smattrande klubbhits f\u00f6r dansgolvet. Samtidigt f\u00f6r hon det samiska arvet vidare. Vi h\u00f6r orientaliska str\u00e4nginstrument, synt och piano. Men huvudinstrument \u00e4r jojken. Saras vackra st\u00e4mma ekar bland bergen. Den v\u00e4ves snyggt samman med den episka orkestreringen.<\/p>\n<p>Historien och dess djupa s\u00e5r finns st\u00e4ndigt n\u00e4rvarande. Det handlar om systerskap och antirasism, om jordsystrarna som g\u00e5r samman i kampen om r\u00e4ttvisa och lika behandling. I &#8221;Earth Sister&#8221; samlar hon sina medsystrar f\u00f6r att g\u00e5 upp till kamp. Hon sjunger &#8211; \u201cSisters from the north, sisters from the south\u201d. I &#8221;Rebels of Equality&#8221; g\u00e5r hon demonstrationst\u00e5g och skyltar om en b\u00e4ttre framtid &#8211; \u201cDemocracy everyone deserves a space to take place and speak\u201d.<\/p>\n<p>\u201cHomo Sapiens And My People\u201d \u00e4r i sitt omf\u00e5ng en episk historia. &#8221;Sagka&#8221; \u00e4r jojk i filmisk dr\u00e4kt d\u00e4r bergens sn\u00f6iga toppar visar sig och de eviga skogsmarkerna glimmar i solljuset. Vykortsvackert helt klart. Medans &#8221;Generations&#8221; \u00e4r en upphottad samifierad popd\u00e4nga \u00e1 la Sofia Jannok. Ajnnak \u00e4r ett fullblodsproffs som framf\u00f6r varje ton med bravur och precision.<\/p>\n<p>\u201cHomo Sapiens and My people\u201d \u00e4r en viktig skiva om en historisk skyms f\u00f6r Sverige. En blodig historia paketerad som episk film d\u00e4r kraften fr\u00e5n urskogen suger musten ur motst\u00e5ndaren och slukar honom hel.<\/p>\n<p>Petter Stjernstedt<\/p>\n","protected":false},"excerpt":{"rendered":"<p>Sara Ajnnak Album Homo Sapiens and My People Betyg 4 Svensk skivrelease 27 augusti Om f\u00f6rtrycket som g\u00e5r i arv och skallar som m\u00e4ts i diameter, en efter en. &#8221;Homo Sapiens and My people&#8221; \u00e4r en viktig skiva om en historisk skyms f\u00f6r Sverige. Men framf\u00f6rallt \u00e4r det ett glimmande popalbum med Ajnnak vid frontlinjen. [&hellip;]<\/p>\n","protected":false},"author":40,"featured_media":0,"comment_status":"closed","ping_status":"closed","sticky":false,"template":"","format":"standard","meta":{"_genesis_hide_title":false,"_genesis_hide_breadcrumbs":false,"_genesis_hide_singular_image":false,"_genesis_hide_footer_widgets":false,"_genesis_custom_body_class":"","_genesis_custom_post_class":"","_genesis_layout":"","footnotes":""},"categories":[7,16,20,22,13624],"tags":[],"class_list":{"0":"post-144002","1":"post","2":"type-post","3":"status-publish","4":"format-standard","6":"category-musik","7":"category-recension","8":"category-film","9":"category-skivor","10":"category-toppnytt","11":"entry"},"_links":{"self":[{"href":"https:\/\/kulturbloggen.com\/index.php?rest_route=\/wp\/v2\/posts\/144002","targetHints":{"allow":["GET"]}}],"collection":[{"href":"https:\/\/kulturbloggen.com\/index.php?rest_route=\/wp\/v2\/posts"}],"about":[{"href":"https:\/\/kulturbloggen.com\/index.php?rest_route=\/wp\/v2\/types\/post"}],"author":[{"embeddable":true,"href":"https:\/\/kulturbloggen.com\/index.php?rest_route=\/wp\/v2\/users\/40"}],"replies":[{"embeddable":true,"href":"https:\/\/kulturbloggen.com\/index.php?rest_route=%2Fwp%2Fv2%2Fcomments&post=144002"}],"version-history":[{"count":9,"href":"https:\/\/kulturbloggen.com\/index.php?rest_route=\/wp\/v2\/posts\/144002\/revisions"}],"predecessor-version":[{"id":144015,"href":"https:\/\/kulturbloggen.com\/index.php?rest_route=\/wp\/v2\/posts\/144002\/revisions\/144015"}],"wp:attachment":[{"href":"https:\/\/kulturbloggen.com\/index.php?rest_route=%2Fwp%2Fv2%2Fmedia&parent=144002"}],"wp:term":[{"taxonomy":"category","embeddable":true,"href":"https:\/\/kulturbloggen.com\/index.php?rest_route=%2Fwp%2Fv2%2Fcategories&post=144002"},{"taxonomy":"post_tag","embeddable":true,"href":"https:\/\/kulturbloggen.com\/index.php?rest_route=%2Fwp%2Fv2%2Ftags&post=144002"}],"curies":[{"name":"wp","href":"https:\/\/api.w.org\/{rel}","templated":true}]}}