{"id":143774,"date":"2021-09-01T14:38:07","date_gmt":"2021-09-01T12:38:07","guid":{"rendered":"https:\/\/kulturbloggen.com\/?p=143774"},"modified":"2021-09-01T14:38:08","modified_gmt":"2021-09-01T12:38:08","slug":"vaccinpass-ar-nog-en-bra-losning-ett-tag","status":"publish","type":"post","link":"https:\/\/kulturbloggen.com\/?p=143774","title":{"rendered":"Vaccinpass \u00e4r nog en bra l\u00f6sning ett tag"},"content":{"rendered":"<p><img loading=\"lazy\" decoding=\"async\" class=\"aligncenter size-full wp-image-143782\" src=\"https:\/\/kulturbloggen.com\/wp-content\/uploads\/2021\/09\/vaccine-5926664_1920.jpg\" alt=\"\" width=\"650\" height=\"366\" srcset=\"https:\/\/kulturbloggen.com\/wp-content\/uploads\/2021\/09\/vaccine-5926664_1920.jpg 650w, https:\/\/kulturbloggen.com\/wp-content\/uploads\/2021\/09\/vaccine-5926664_1920-300x169.jpg 300w\" sizes=\"auto, (max-width: 650px) 100vw, 650px\" \/><\/p>\n<p>Att kulturen drabbats h\u00e5rdare \u00e4n de flesta andra verksamheter i Sverige under Covid-19-pandemin \u00e4r uppenbart. Det \u00e4r fortfarande nu n\u00e4r h\u00f6sten drar ig\u00e5ng i Sverige och en del restriktioner l\u00e4ttats mycket som \u00e4r ovisst f\u00f6r kultur-Sverige.<br \/>\nFler och fler h\u00f6jer r\u00f6sterna f\u00f6r att inf\u00f6ra vaccinpass som krav f\u00f6r att f\u00e5 tillg\u00e5ng till kulturevenemang.<br \/>\n81 procent vill ha covidpass p\u00e5 konserter och andra liveevenemang. En enk\u00e4t visar att svenska folket \u00e4r mycket positiva till covidpass p\u00e5 konserter och andra liveevenemang. Hela 81 procent av de tillfr\u00e5gade \u00e4r positiva till att visa ett covidpass f\u00f6r att p\u00e5 s\u00e5 vis l\u00e5ta arrang\u00f6rer fylla fler platser i lokalen p\u00e5 ett smitts\u00e4kert s\u00e4tt. Endast en av tio \u00e4r negativa. Det visar en f\u00e4rsk unders\u00f6kning som Kantar Sifo genomf\u00f6rt p\u00e5 uppdrag av Sveriges Producenter och Privatteatrar.<\/p>\n<p>&#8211; Det h\u00e4r \u00e4r en mycket tydlig signal till v\u00e5ra beslutsfattare om att l\u00e5ta oss arrang\u00f6rer inf\u00f6ra covidpass och d\u00e4rmed slippa \u00f6vriga restriktioner p\u00e5 v\u00e5ra evenemang s\u00e5 snart det bara g\u00e5r, s\u00e4ger Emelie L\u00f6fmark, ordf\u00f6rande f\u00f6r Sveriges Producenter och Privatteatrar.<\/p>\n<p>Trots att drygt 60 procent av den vuxna befolkningen vaccinerats av tv\u00e5 doser n\u00e4r detta skrivs i b\u00f6rjan av september \u00f6kar antalet sv\u00e5rt sjuka som l\u00e4ggs in p\u00e5 intensivv\u00e5rdsavdelningar. S\u00e5 n\u00e4r kultur-Sverige kan r\u00e4kna med att f\u00e5 \u00f6ppna fullt ut, det kan ingen ge besked om nu. Att inf\u00f6ra krav p\u00e5 vaccin-pass kan vara en m\u00f6jlig v\u00e4g fram\u00e5t, f\u00f6r en tid.<\/p>\n<p>Det blir inte helt riskfritt med vaccinpass. Det \u00e4r ett argument emot. Det finns rapporter om personer som trots att de \u00e4r vaccinerade blivit sjuka. Oftast har de inte blivit s\u00e5 sv\u00e5rt sjuka. Det \u00e4r om\u00f6jligt att veta hur det g\u00e5tt till n\u00e4r de blev smittade. Hade de blivit smittade n\u00e5gon dag innan de tog vaccinet?<\/p>\n<p>En del forskning visar dessutom att barn kan sprida smittan utan att ha n\u00e5gra symptom. Och i Sverige vaccineras endast vuxna. Ska barn inte f\u00e5 g\u00e5 p\u00e5 kulturevenemang d\u00e5? Eftersom de inte vaccineras kan de inte f\u00e5 passet, s\u00e5vida det inte g\u00e5r att l\u00f6sa med n\u00e5gon form av antikropp-test.<\/p>\n<p>Det \u00e4r obehagligt p\u00e5 l\u00e4ngre sikt om m\u00e4nniskor som inte tar vaccinet nekas entr\u00e9 till kulturevenemang. S\u00e5 det finns en del att t\u00e4nka p\u00e5.<\/p>\n<p>Men jag tycker att kortsiktigt, f\u00f6r ett halv\u00e5r fram\u00e5t, kunde vaccinpass, vara bra f\u00f6r att kulturarrangemang ska kunna ta in en st\u00f6rre publik \u00e4n nu.<\/p>\n","protected":false},"excerpt":{"rendered":"<p>Att kulturen drabbats h\u00e5rdare \u00e4n de flesta andra verksamheter i Sverige under Covid-19-pandemin \u00e4r uppenbart. Det \u00e4r fortfarande nu n\u00e4r h\u00f6sten drar ig\u00e5ng i Sverige och en del restriktioner l\u00e4ttats mycket som \u00e4r ovisst f\u00f6r kultur-Sverige. Fler och fler h\u00f6jer r\u00f6sterna f\u00f6r att inf\u00f6ra vaccinpass som krav f\u00f6r att f\u00e5 tillg\u00e5ng till kulturevenemang. 81 procent [&hellip;]<\/p>\n","protected":false},"author":2,"featured_media":0,"comment_status":"closed","ping_status":"closed","sticky":false,"template":"","format":"standard","meta":{"_genesis_hide_title":false,"_genesis_hide_breadcrumbs":false,"_genesis_hide_singular_image":false,"_genesis_hide_footer_widgets":false,"_genesis_custom_body_class":"","_genesis_custom_post_class":"","_genesis_layout":"","footnotes":""},"categories":[44,62,13624],"tags":[],"class_list":{"0":"post-143774","1":"post","2":"type-post","3":"status-publish","4":"format-standard","6":"category-chadie","7":"category-medie-och-kulturpolitik","8":"category-toppnytt","9":"entry"},"_links":{"self":[{"href":"https:\/\/kulturbloggen.com\/index.php?rest_route=\/wp\/v2\/posts\/143774","targetHints":{"allow":["GET"]}}],"collection":[{"href":"https:\/\/kulturbloggen.com\/index.php?rest_route=\/wp\/v2\/posts"}],"about":[{"href":"https:\/\/kulturbloggen.com\/index.php?rest_route=\/wp\/v2\/types\/post"}],"author":[{"embeddable":true,"href":"https:\/\/kulturbloggen.com\/index.php?rest_route=\/wp\/v2\/users\/2"}],"replies":[{"embeddable":true,"href":"https:\/\/kulturbloggen.com\/index.php?rest_route=%2Fwp%2Fv2%2Fcomments&post=143774"}],"version-history":[{"count":8,"href":"https:\/\/kulturbloggen.com\/index.php?rest_route=\/wp\/v2\/posts\/143774\/revisions"}],"predecessor-version":[{"id":143783,"href":"https:\/\/kulturbloggen.com\/index.php?rest_route=\/wp\/v2\/posts\/143774\/revisions\/143783"}],"wp:attachment":[{"href":"https:\/\/kulturbloggen.com\/index.php?rest_route=%2Fwp%2Fv2%2Fmedia&parent=143774"}],"wp:term":[{"taxonomy":"category","embeddable":true,"href":"https:\/\/kulturbloggen.com\/index.php?rest_route=%2Fwp%2Fv2%2Fcategories&post=143774"},{"taxonomy":"post_tag","embeddable":true,"href":"https:\/\/kulturbloggen.com\/index.php?rest_route=%2Fwp%2Fv2%2Ftags&post=143774"}],"curies":[{"name":"wp","href":"https:\/\/api.w.org\/{rel}","templated":true}]}}