{"id":1436,"date":"2008-09-06T19:08:53","date_gmt":"2008-09-06T19:08:53","guid":{"rendered":"http:\/\/kulturbloggen.com\/?p=1436"},"modified":"2008-09-06T19:08:53","modified_gmt":"2008-09-06T19:08:53","slug":"0-0-mot-albanien-maste-raknas-som-en-forlustmatch","status":"publish","type":"post","link":"https:\/\/kulturbloggen.com\/?p=1436","title":{"rendered":"0-0 mot Albanien m\u00e5ste r\u00e4knas som en f\u00f6rlustmatch"},"content":{"rendered":"<p><a href='http:\/\/sodergren.com\/kulturbloggen\/wp-content\/uploads\/2008\/09\/fifaworldcup2010.jpg'><img loading=\"lazy\" decoding=\"async\" src=\"http:\/\/sodergren.com\/kulturbloggen\/wp-content\/uploads\/2008\/09\/fifaworldcup2010.jpg\" alt=\"\" title=\"fifaworldcup2010\" width=\"125\" height=\"250\" class=\"alignright size-full wp-image-1441\" \/><\/a>Gl\u00f6m VM, k\u00e4ra bl\u00e5gula gossar. Efter att spela 0-0 mot Albanien utan att imponera ser det inte ljust ut inf\u00f6r chansen att kvala till VM. (Om n\u00e5gon undrar snackar vi fotboll och Sveriges f\u00f6rsta match i VM-kvalet inf\u00f6r VM i Sydafrika 2010 &#8211; och Sverige m\u00f6tte Albanien p\u00e5 albansk hemma-arena).<\/p>\n<p>Hur assisterande f\u00f6rbundskapten kan s\u00e4ga att han inte \u00e4r missn\u00f6jd \u00e4r en g\u00e5ta.<br \/>\n<a href=\"http:\/\/www.aftonbladet.se\/sportbladet\/fotboll\/landslaget\/article3263397.ab\">Fr\u00e5n Aftonbladet:  <\/a><\/p>\n<blockquote><p>Nej, 3-5-2-uppst\u00e4llningen blev ingen succ\u00e9.<br \/>\nSverige fick \u201dbara\u201d 0\u20130 borta mot Albanien i VM-kvalets f\u00f6rsta match.<br \/>\n\u2013 N\u00f6jd \u00e4r man inte. Men inte helt missn\u00f6jd heller, s\u00e4ger assisterande f\u00f6rbundskaptenen Roland Andersson.<\/p><\/blockquote>\n<p>Jo: Zlatan och Henke gl\u00e4nste till ibland. Men f\u00f6r \u00f6vrigt var det sl\u00e4tstruket och l\u00e5ngsamt spel. Linderoth blev skadad och fick g\u00e5 ut efter 46 sekunder. D\u00e5 kom Sebastian Larsson in &#8211; och eftersom han brukar spela b\u00e4ttre ihop med Zlatan s\u00e5g det ju ut som n\u00e5got positivt f\u00f6r laget. Men inte ens det hj\u00e4lpte. Sebastian Larsson gjorde fler missar \u00e4n han brukar.<\/p>\n<p>Jo, det var inget bakl\u00e4ndesm\u00e5l och det var tur det. Och Albanien \u00e4r inte en riktig bl\u00e5b\u00e4rsnation. Men n\u00e4r spelet inte ens har fart, inte inger hopp, d\u00e5 k\u00e4nns det som en f\u00f6rlust och en transportstr\u00e4cka.<\/p>\n<p>Det var \u00f6verlag v\u00e4ldigt l\u00e5ngsamt och tr\u00e5kigt spel, anf\u00f6rda av l\u00e5ngsamhetens m\u00e4stare Mellberg. Det \u00e4r bara lag som kan blixtra till och \u00f6verraska, som skottet p\u00e5 stolpen fr\u00e5n Zlatan, som kan vinna i l\u00e5nga loppet.<\/p>\n<p>Nu ska vi v\u00e4xla \u00f6ver till en annan kanal och kika p\u00e5 det tyska laget. Hoppet att f\u00e5 se riktig fotboll ikv\u00e4ll finns kvar.<\/p>\n<p><a href=\"http:\/\/www.aftonbladet.se\/sportbladet\/fotboll\/vmkval2010\/article3263312.ab\">H\u00e4r kan man s\u00e4tta betyg<\/a> p\u00e5 de svenska spelarna och f\u00f6r min del blir det bara godk\u00e4nt f\u00f6r Zlatan och Henke idag.<\/p>\n<p>Relaterat:<br \/>\n<a href=\"http:\/\/www.aftonbladet.se\/sportbladet\/fotboll\/landslaget\/article3263083.ab\">Aftonbladet<\/a><br \/>\n<a href=\"http:\/\/www.dn.se\/DNet\/jsp\/polopoly.jsp?d=647&#038;a=825050\">Dagens Nyheter<\/a><br \/>\n<a href=\"http:\/\/www.svd.se\/sportspel\/nyheter\/artikel_1679731.svd\">Svenska Dagbladet<br \/>\n<\/a><br \/>\n<a href=\"http:\/\/sydsvenskan.se\/sport\/article365209\/Mallost-mot-Albanien.html\">Sydsvenskan<\/a><br \/>\n<a href=\"http:\/\/hd.se\/sport\/2008\/09\/06\/oeverraskning-i-den-svenska\/\">Helsingborgs Dagblad<\/a><\/p>\n<p>Andra bloggar om: <a href=\"http:\/\/bloggar.se\/om\/fotboll\" rel=\"tag\">fotboll<\/a>, <a href=\"http:\/\/bloggar.se\/om\/sport\" rel=\"tag\">sport<\/a>, <a href=\"http:\/\/bloggar.se\/om\/Zlatan\" rel=\"tag\">Zlatan<\/a>, <a href=\"http:\/\/bloggar.se\/om\/Mellberg\" rel=\"tag\">Mellberg<\/a>, <a href=\"http:\/\/bloggar.se\/om\/Albanien\" rel=\"tag\">Albanien<\/a>, <a href=\"http:\/\/bloggar.se\/om\/VM-kval\" rel=\"tag\">VM-kval<\/a>, <a href=\"http:\/\/bloggar.se\/om\/fotbolls-VM\" rel=\"tag\">fotbolls-VM<\/a>, <a href=\"http:\/\/bloggar.se\/om\/Sydafrika\" rel=\"tag\">Sydafrika<\/a>, <a href=\"http:\/\/bloggar.se\/om\/Henke\" rel=\"tag\">Henke<\/a>, <a href=\"http:\/\/bloggar.se\/om\/Sebastian+Larsson\" rel=\"tag\">Sebastian Larsson<\/a><\/p>\n","protected":false},"excerpt":{"rendered":"<p>Gl\u00f6m VM, k\u00e4ra bl\u00e5gula gossar. Efter att spela 0-0 mot Albanien utan att imponera ser det inte ljust ut inf\u00f6r chansen att kvala till VM. (Om n\u00e5gon undrar snackar vi fotboll och Sveriges f\u00f6rsta match i VM-kvalet inf\u00f6r VM i Sydafrika 2010 &#8211; och Sverige m\u00f6tte Albanien p\u00e5 albansk hemma-arena). Hur assisterande f\u00f6rbundskapten kan s\u00e4ga [&hellip;]<\/p>\n","protected":false},"author":2,"featured_media":0,"comment_status":"open","ping_status":"open","sticky":false,"template":"","format":"standard","meta":{"_genesis_hide_title":false,"_genesis_hide_breadcrumbs":false,"_genesis_hide_singular_image":false,"_genesis_hide_footer_widgets":false,"_genesis_custom_body_class":"","_genesis_custom_post_class":"","_genesis_layout":"","footnotes":""},"categories":[20],"tags":[12292],"class_list":{"0":"post-1436","1":"post","2":"type-post","3":"status-publish","4":"format-standard","6":"category-film","7":"tag-fotboll-sport-nyheter","8":"entry"},"_links":{"self":[{"href":"https:\/\/kulturbloggen.com\/index.php?rest_route=\/wp\/v2\/posts\/1436","targetHints":{"allow":["GET"]}}],"collection":[{"href":"https:\/\/kulturbloggen.com\/index.php?rest_route=\/wp\/v2\/posts"}],"about":[{"href":"https:\/\/kulturbloggen.com\/index.php?rest_route=\/wp\/v2\/types\/post"}],"author":[{"embeddable":true,"href":"https:\/\/kulturbloggen.com\/index.php?rest_route=\/wp\/v2\/users\/2"}],"replies":[{"embeddable":true,"href":"https:\/\/kulturbloggen.com\/index.php?rest_route=%2Fwp%2Fv2%2Fcomments&post=1436"}],"version-history":[{"count":0,"href":"https:\/\/kulturbloggen.com\/index.php?rest_route=\/wp\/v2\/posts\/1436\/revisions"}],"wp:attachment":[{"href":"https:\/\/kulturbloggen.com\/index.php?rest_route=%2Fwp%2Fv2%2Fmedia&parent=1436"}],"wp:term":[{"taxonomy":"category","embeddable":true,"href":"https:\/\/kulturbloggen.com\/index.php?rest_route=%2Fwp%2Fv2%2Fcategories&post=1436"},{"taxonomy":"post_tag","embeddable":true,"href":"https:\/\/kulturbloggen.com\/index.php?rest_route=%2Fwp%2Fv2%2Ftags&post=1436"}],"curies":[{"name":"wp","href":"https:\/\/api.w.org\/{rel}","templated":true}]}}