{"id":143595,"date":"2021-08-27T11:03:10","date_gmt":"2021-08-27T09:03:10","guid":{"rendered":"https:\/\/kulturbloggen.com\/?p=143595"},"modified":"2021-08-27T11:03:11","modified_gmt":"2021-08-27T09:03:11","slug":"lagga-mer-tyngd-pa-foraldrarnas-borda-eller-hoja-barnens-aktivitet","status":"publish","type":"post","link":"https:\/\/kulturbloggen.com\/?p=143595","title":{"rendered":"L\u00e4gga mer tyngd p\u00e5 f\u00f6r\u00e4ldrarnas b\u00f6rda eller h\u00f6ja barnens aktivitet?"},"content":{"rendered":"<p><img loading=\"lazy\" decoding=\"async\" class=\"aligncenter size-full wp-image-143601\" src=\"https:\/\/kulturbloggen.com\/wp-content\/uploads\/2021\/08\/soccer-3471402_1920.jpg\" alt=\"\" width=\"650\" height=\"359\" srcset=\"https:\/\/kulturbloggen.com\/wp-content\/uploads\/2021\/08\/soccer-3471402_1920.jpg 650w, https:\/\/kulturbloggen.com\/wp-content\/uploads\/2021\/08\/soccer-3471402_1920-300x166.jpg 300w\" sizes=\"auto, (max-width: 650px) 100vw, 650px\" \/><\/p>\n<p>Suck. Ibland blir jag s\u00e5 tr\u00f6tt p\u00e5 hur svenska politiker och\/eller forskare t\u00e4nker att g\u00f6ra livet dyrare f\u00f6r de som redan har d\u00e5lig ekonomi ska l\u00f6sa problem med till exempel \u00f6verviktiga barn.<\/p>\n<p>Ett dag skriver f\u00f6resl\u00e5r n\u00e5gra forskare att skatten ska h\u00f6jas p\u00e5 l\u00e4skedryck f\u00f6r att motverka barnfetma.<\/p>\n<p>Varenda l\u00e4kare &#8211; och f\u00f6r den delen de flesta andra m\u00e4nniskor ocks\u00e5 &#8211; vet v\u00e4l att vikten p\u00e5 en m\u00e4nniska h\u00f6r t\u00e4tt ihop med relation mellan hur m\u00e5nga kalorier som kommer in i kroppen och hur m\u00e5nga som m\u00e4nniskan ifr\u00e5ga g\u00f6r av med. Visst kan \u00e4mnesoms\u00e4ttningen variera n\u00e5got men i princip g\u00e4ller det att ha balans mellan intag och uttag.<\/p>\n<p>Att det inte \u00e4r bra att barn \u00e4r \u00f6verviktiga \u00e4r sj\u00e4lvklart. Rent fysiskt kan \u00f6vervikt ge m\u00e5nga sjukdomar, som diabetes och ledbesv\u00e4r och mycket annat. Dessutom g\u00f6r det att barnen f\u00e5r sv\u00e5rare att r\u00f6ra sig, det blir tyngre att r\u00f6ra. I m\u00e5nga fall ger det depressioner.<\/p>\n<p>Att straffa barnen och deras f\u00f6r\u00e4ldrar med att g\u00f6ra l\u00e4sk dyrare: \u00e4r det verkligen en vettig l\u00f6sning? \u00c4r det inte mycket smartare och mycket mer effektivt att \u00f6ka hur barn r\u00f6r sig?<br \/>\nL\u00e4gg in lek i r\u00f6relse p\u00e5 skolschemat f\u00f6r alla barn. En timme lek om dagen. Lek d\u00e4r de leker kurrag\u00f6mma och annat d\u00e4r de r\u00f6r sig. \u00d6ka dessutom m\u00f6jligheten f\u00f6r barn att spela fotboll och annat p\u00e5 skoltid eller p\u00e5 fritids direkt i samband med skolan.<br \/>\nAlla f\u00f6r\u00e4ldrar har inte s\u00e5dana jobb att de kan ta sina barn till ishockeytr\u00e4ning eller annat p\u00e5 eftermiddagar. Alla f\u00f6r\u00e4ldrar har inte r\u00e5d med avgifter f\u00f6r idrottsf\u00f6reningar. Alla barn \u00e4r inte duktiga p\u00e5 idrott och sanningen \u00e4r ju att fotbollstr\u00e4nare eller handbollstr\u00e4nare eller gymnastik-, eller dans- eller friidrottstr\u00e4nare eller andra tr\u00e4nare f\u00f6r barn \u00e4r s\u00e4rskilt intresserade av barn som inte \u00e4r duktiga. Ofta \u00e4r det n\u00e5gon f\u00f6r\u00e4lder som \u00e4r tr\u00e4nare och heller ger sina egna barn chans att g\u00f6ra m\u00e5len. Det vet nog de flesta av oss att det \u00e4r s\u00e5. L\u00e4gg in m\u00e5nga flera timmar med motion av olika slag i skolans verksamhet. Det \u00e4r b\u00e4ttre f\u00f6r helheten.<br \/>\nAtt r\u00f6ra p\u00e5 sig ger s\u00e5 m\u00e5nga positiva effekter.<\/p>\n","protected":false},"excerpt":{"rendered":"<p>Suck. Ibland blir jag s\u00e5 tr\u00f6tt p\u00e5 hur svenska politiker och\/eller forskare t\u00e4nker att g\u00f6ra livet dyrare f\u00f6r de som redan har d\u00e5lig ekonomi ska l\u00f6sa problem med till exempel \u00f6verviktiga barn. Ett dag skriver f\u00f6resl\u00e5r n\u00e5gra forskare att skatten ska h\u00f6jas p\u00e5 l\u00e4skedryck f\u00f6r att motverka barnfetma. Varenda l\u00e4kare &#8211; och f\u00f6r den delen [&hellip;]<\/p>\n","protected":false},"author":2,"featured_media":0,"comment_status":"closed","ping_status":"closed","sticky":false,"template":"","format":"standard","meta":{"_genesis_hide_title":false,"_genesis_hide_breadcrumbs":false,"_genesis_hide_singular_image":false,"_genesis_hide_footer_widgets":false,"_genesis_custom_body_class":"","_genesis_custom_post_class":"","_genesis_layout":"","footnotes":""},"categories":[44,62,13624],"tags":[],"class_list":{"0":"post-143595","1":"post","2":"type-post","3":"status-publish","4":"format-standard","6":"category-chadie","7":"category-medie-och-kulturpolitik","8":"category-toppnytt","9":"entry"},"_links":{"self":[{"href":"https:\/\/kulturbloggen.com\/index.php?rest_route=\/wp\/v2\/posts\/143595","targetHints":{"allow":["GET"]}}],"collection":[{"href":"https:\/\/kulturbloggen.com\/index.php?rest_route=\/wp\/v2\/posts"}],"about":[{"href":"https:\/\/kulturbloggen.com\/index.php?rest_route=\/wp\/v2\/types\/post"}],"author":[{"embeddable":true,"href":"https:\/\/kulturbloggen.com\/index.php?rest_route=\/wp\/v2\/users\/2"}],"replies":[{"embeddable":true,"href":"https:\/\/kulturbloggen.com\/index.php?rest_route=%2Fwp%2Fv2%2Fcomments&post=143595"}],"version-history":[{"count":6,"href":"https:\/\/kulturbloggen.com\/index.php?rest_route=\/wp\/v2\/posts\/143595\/revisions"}],"predecessor-version":[{"id":143602,"href":"https:\/\/kulturbloggen.com\/index.php?rest_route=\/wp\/v2\/posts\/143595\/revisions\/143602"}],"wp:attachment":[{"href":"https:\/\/kulturbloggen.com\/index.php?rest_route=%2Fwp%2Fv2%2Fmedia&parent=143595"}],"wp:term":[{"taxonomy":"category","embeddable":true,"href":"https:\/\/kulturbloggen.com\/index.php?rest_route=%2Fwp%2Fv2%2Fcategories&post=143595"},{"taxonomy":"post_tag","embeddable":true,"href":"https:\/\/kulturbloggen.com\/index.php?rest_route=%2Fwp%2Fv2%2Ftags&post=143595"}],"curies":[{"name":"wp","href":"https:\/\/api.w.org\/{rel}","templated":true}]}}