{"id":143530,"date":"2021-09-06T14:05:29","date_gmt":"2021-09-06T12:05:29","guid":{"rendered":"https:\/\/kulturbloggen.com\/?p=143530"},"modified":"2021-09-06T14:05:30","modified_gmt":"2021-09-06T12:05:30","slug":"filmrecension-vinterviken","status":"publish","type":"post","link":"https:\/\/kulturbloggen.com\/?p=143530","title":{"rendered":"Filmrecension: Vinterviken"},"content":{"rendered":"<p><img loading=\"lazy\" decoding=\"async\" class=\"aligncenter size-full wp-image-143987\" src=\"https:\/\/kulturbloggen.com\/wp-content\/uploads\/2021\/09\/vintervikenNetflix.jpg\" alt=\"\" width=\"650\" height=\"433\" srcset=\"https:\/\/kulturbloggen.com\/wp-content\/uploads\/2021\/09\/vintervikenNetflix.jpg 650w, https:\/\/kulturbloggen.com\/wp-content\/uploads\/2021\/09\/vintervikenNetflix-300x200.jpg 300w\" sizes=\"auto, (max-width: 650px) 100vw, 650px\" \/><\/p>\n<p>Vinterviken<br \/>\nBetyg 4<br \/>\nPremi\u00e4r p\u00e5 Netflix 8 september 2021<br \/>\nRegi Alexis Almstr\u00f6m<br \/>\nManus Dunja Vujovic p\u00e5 bok av Mats Wahl<\/p>\n<p>Filmen Vinterviken som kom 1996 byggde p\u00e5 Mats Wahls ungdomsbok med samma namn, utgiven 1993. Boken liksom filmen om tv\u00e5 ungdomar i Stockholm fr\u00e5n olika klassbakgrund som blir f\u00f6r\u00e4lskade blev b\u00e5da stora succ\u00e9er. Johnjohn bor i en f\u00f6rort, ett omr\u00e5de som idag kallas utanf\u00f6rskapsomr\u00e5de, medan Elisabeth bor i v\u00e4lb\u00e4rgade villaomr\u00e5det som syns p\u00e5 andra sidan viken fr\u00e5n f\u00f6rorten. Nu har en ny filmatisering av samma ber\u00e4ttelse gjorts.<\/p>\n<p>Ber\u00e4ttelsen utspelas i Stockholm \u00e5r 2021 och kretsar runt en k\u00e4rlekshistoria mellan Elisabeth och John-John. De tv\u00e5 ungdomarna v\u00e4xer upp i Stockholm, men lever helt olika liv \u2013 ekonomiskt, socialt och kulturellt. Men deras tv\u00e5 v\u00e4rldar kolliderar n\u00e4r de b\u00f6rjar i samma gymnasieklass. En liten anteckning i kanten bara: de ska utspelas 2021 men pandemin n\u00e4mns inte. Det \u00e4r likadant med m\u00e5nga filmer som kommit i \u00e5r, har jag m\u00e4rkt. Filmskaparna l\u00e5tsas som om pandemin inte funnits. Fast det spelar inte s\u00e5 stor roll eftersom filmens handling till stor utspelas bland ton\u00e5ringar som \u00e4nd\u00e5 inte varit p\u00e5verkade av restriktioner n\u00e4mnv\u00e4rt. Visst har gymnasier periodvis haft undervisning p\u00e5 distans men enligt rapporter fr\u00e5n olika redaktioner har ungdomar levt i stort sett som vanligt. Hur som helst, i filmen finns inget om pandemin. Men det g\u00f6r inget, ber\u00e4ttelsen h\u00e5ller och beh\u00f6ver inte ha tidsangivelse genom pandemin.<\/p>\n<p>Den nya filmen \u00e4r anpassad till v\u00e5r tid. Jag \u00e4r v\u00e4l skeptisk till att det egentligen hade beh\u00f6vts, grundber\u00e4ttelsen \u00e4r \u00e4nd\u00e5 likadan. Det \u00e4r en ber\u00e4ttelse som \u00e4r lika aktuell, om inte \u00e4nnu mer aktuell idag, som f\u00f6r trettio \u00e5r sedan. Klyftorna mellan grupper i samh\u00e4llet har inte minskat under dessa trettio \u00e5r.<\/p>\n<p>Jag tror ju att filmen fr\u00e5n 1996 ses med stor beh\u00e5llning fortfarande idag. Men liksom m\u00e5nga klassiska draman s\u00e4tts upp v\u00e4rlden \u00f6ver om och om igen, s\u00e5 visst fungerar det att g\u00f6ra en nytolkning av samma ber\u00e4ttelse. Den nya Vinterviken fungerar j\u00e4ttebra. Ber\u00e4ttelsen k\u00e4nns b\u00e5de trov\u00e4rdig och engagerande. Det \u00e4r en vacker k\u00e4rlekshistoria om h\u00e5ller \u00e4n idag, utan tvekan. Regiss\u00f6ren har tagit itu med ber\u00e4ttelsen med varsam hand och inte \u00f6verbetonat att det \u00e4r v\u00e5r tid.<\/p>\n<p>Huvudpersonerna Elisabeth och John-John spelas s\u00e5 bra av Elsa \u00d6hrn, som g\u00f6r sin sk\u00e5despelardebut och tidigare utsetts till stj\u00e4rnskott av Dagens Nyheter, och John-John som portr\u00e4tteras av nykomlingen Mustapha Aarab (har en roll i tv-serien Bj\u00f6rnstad).<\/p>\n<p>De \u00e4r charmiga och j\u00e4tteduktiga. Jag tror vi kommer att se mycket mer av dem fram\u00f6ver. R\u00e4tt val av sk\u00e5despelare \u00e4r en nyckel till att filmen \u00e4r s\u00e5 bra. Rollistan inneh\u00e5ller flera av Sveriges duktigaste sk\u00e5despelare som Magnus Krepper i rollen som Frank, Elisabeths pappa, och Marika Lagercrantz som Victoria, Elisabeths sura farmor. Eurovisionvinnaren Loreen \u00e4r med i rollen som Maria. En annan nyckel till att filmen \u00e4r s\u00e5 bra \u00e4r att regiss\u00f6ren inte \u00f6verbetonat att det \u00e4r \u00e5r 2021. Ungdomarna finns p\u00e5 sociala medier men det viktiga \u00e4r inte vad som h\u00e4nder p\u00e5 Instagram eller Snapchat utan i deras verkliga liv. En bra och stark historia som fungerar v\u00e4l att filmas \u00e4n en g\u00e5ng.<\/p>\n<p><strong>Om Elsa \u00d6hrn och Mustapha Aarab<\/strong><br \/>\nElsa \u00d6hrn \u2013 18 \u00e5r<br \/>\nVinterviken \u00e4r Elsa \u00d6hrns sk\u00e5despelardebut. Elsa \u00e4r f\u00f6dd och uppvuxen p\u00e5 S\u00f6dermalm i Stockholm och har sedan barnsben siktat p\u00e5 att jobba med film och teater. Hon har tidigare studerat musikal p\u00e5 Kulturama och p\u00e5b\u00f6rjar snart sitt tredje \u00e5r p\u00e5 teaterprogrammet p\u00e5 S\u00f6dra Latins gymnasium.<\/p>\n<p>Mustapha Aarab \u2013 17 \u00e5r<br \/>\nMustapha \u00e4r f\u00f6dd i Agadir, Marocko och flyttade till Sverige f\u00f6r fyra \u00e5r sedan d\u00e4r han idag bor i Stockholm. Mustapha gjorde sin sk\u00e5despelardebut i tv-serien Bj\u00f6rnstad \u2013 vilket v\u00e4ckte ett djupare intresse f\u00f6r sk\u00e5despeleri.<\/p>\n<p><iframe loading=\"lazy\" title=\"YouTube video player\" src=\"https:\/\/www.youtube.com\/embed\/PG1Zn5wGfbY\" width=\"560\" height=\"315\" frameborder=\"0\" allowfullscreen=\"allowfullscreen\"><\/iframe><\/p>\n","protected":false},"excerpt":{"rendered":"<p>Vinterviken Betyg 4 Premi\u00e4r p\u00e5 Netflix 8 september 2021 Regi Alexis Almstr\u00f6m Manus Dunja Vujovic p\u00e5 bok av Mats Wahl Filmen Vinterviken som kom 1996 byggde p\u00e5 Mats Wahls ungdomsbok med samma namn, utgiven 1993. Boken liksom filmen om tv\u00e5 ungdomar i Stockholm fr\u00e5n olika klassbakgrund som blir f\u00f6r\u00e4lskade blev b\u00e5da stora succ\u00e9er. Johnjohn bor [&hellip;]<\/p>\n","protected":false},"author":2,"featured_media":0,"comment_status":"closed","ping_status":"closed","sticky":false,"template":"","format":"standard","meta":{"_genesis_hide_title":false,"_genesis_hide_breadcrumbs":false,"_genesis_hide_singular_image":false,"_genesis_hide_footer_widgets":false,"_genesis_custom_body_class":"","_genesis_custom_post_class":"","_genesis_layout":"","footnotes":""},"categories":[50,51,16,20,13624],"tags":[2948,11170,14134,6094,13710],"class_list":{"0":"post-143530","1":"post","2":"type-post","3":"status-publish","4":"format-standard","6":"category-filmfilm","7":"category-filmer","8":"category-recension","9":"category-film","10":"category-toppnytt","11":"tag-klassklyftor","12":"tag-netflix","13":"tag-ung-karlek","14":"tag-ungdomsfilm","15":"tag-vinterviken","16":"entry"},"_links":{"self":[{"href":"https:\/\/kulturbloggen.com\/index.php?rest_route=\/wp\/v2\/posts\/143530","targetHints":{"allow":["GET"]}}],"collection":[{"href":"https:\/\/kulturbloggen.com\/index.php?rest_route=\/wp\/v2\/posts"}],"about":[{"href":"https:\/\/kulturbloggen.com\/index.php?rest_route=\/wp\/v2\/types\/post"}],"author":[{"embeddable":true,"href":"https:\/\/kulturbloggen.com\/index.php?rest_route=\/wp\/v2\/users\/2"}],"replies":[{"embeddable":true,"href":"https:\/\/kulturbloggen.com\/index.php?rest_route=%2Fwp%2Fv2%2Fcomments&post=143530"}],"version-history":[{"count":19,"href":"https:\/\/kulturbloggen.com\/index.php?rest_route=\/wp\/v2\/posts\/143530\/revisions"}],"predecessor-version":[{"id":144000,"href":"https:\/\/kulturbloggen.com\/index.php?rest_route=\/wp\/v2\/posts\/143530\/revisions\/144000"}],"wp:attachment":[{"href":"https:\/\/kulturbloggen.com\/index.php?rest_route=%2Fwp%2Fv2%2Fmedia&parent=143530"}],"wp:term":[{"taxonomy":"category","embeddable":true,"href":"https:\/\/kulturbloggen.com\/index.php?rest_route=%2Fwp%2Fv2%2Fcategories&post=143530"},{"taxonomy":"post_tag","embeddable":true,"href":"https:\/\/kulturbloggen.com\/index.php?rest_route=%2Fwp%2Fv2%2Ftags&post=143530"}],"curies":[{"name":"wp","href":"https:\/\/api.w.org\/{rel}","templated":true}]}}