{"id":14348,"date":"2009-10-29T13:08:06","date_gmt":"2009-10-29T11:08:06","guid":{"rendered":"http:\/\/kulturbloggen.com\/?p=14348"},"modified":"2009-10-29T13:08:06","modified_gmt":"2009-10-29T11:08:06","slug":"bloggare-verkar-vara-valkomna-pa-s-kongressen","status":"publish","type":"post","link":"https:\/\/kulturbloggen.com\/?p=14348","title":{"rendered":"Bloggare verkar vara v\u00e4lkomna p\u00e5 s-kongressen"},"content":{"rendered":"<p><a href=\"http:\/\/sodergren.com\/kulturbloggen\/wp-content\/uploads\/2009\/10\/skongressen.jpg\"><img loading=\"lazy\" decoding=\"async\" src=\"http:\/\/sodergren.com\/kulturbloggen\/wp-content\/uploads\/2009\/10\/skongressen-300x225.jpg\" alt=\"skongressen\" title=\"skongressen\" width=\"300\" height=\"225\" class=\"aligncenter size-medium wp-image-14351\" \/><\/a><br \/>\nSocialdemokraterna har kongress i \u00c4lvsj\u00f6m\u00e4ssans lokaler i Stockholm. Det har nog inte m\u00e5nga missat. Det \u00e4r mycket bevakning  av det fr\u00e5n medier.<br \/>\nOch h\u00e4r \u00e4r m\u00e5nga bloggare. Det \u00e4r j\u00e4tekul att se vilken utveckling det har blivit med bloggar och respekten f\u00f6r bloggare.<br \/>\nBloggare har en egen avdelning h\u00e4r p\u00e5 s-kongressen med en stor affisch d\u00e4r det st\u00e5r &#8221;NetRoots En progressiv bloggr\u00f6relse p\u00e5 Internet.&#8221;<br \/>\nEn stor sk\u00e4rm visar f\u00f6rst\u00e5s direkt fr\u00e5n debatterna och diskussionerna inifr\u00e5n kongresshallen.<\/p>\n<p>En m\u00e4ngd bloggare sitter h\u00e4r nu vid sina laptops och skriver. I ett h\u00f6rn finns en samtalsh\u00f6rna. Dit kommer politiker av olika slag och tr\u00e4ffas oss bloggare f\u00f6r samtal och diskussioner. <a href=\"http:\/\/www.riksdagen.se\/webbnav\/index.aspx?nid=1111&#038;iid=0284192765516\">Tidigare idag var riksdagsmannen Tomas Eneroth h\u00e4r<\/a>. Sj\u00e4lv hade jag precis kommit hit d\u00e5 och hade inte koncentration att s\u00e4tta mig och lyssna p\u00e5 och diskutera med honom. Men Peter Andersson och <a href=\"http:\/\/hogbergstankar.blogspot.com\/2009\/10\/vem-ar-arbetare-vem-ar-kapitalist.html\">Peter H\u00f6gberg <\/a><\/p>\n<p>Men det k\u00e4nns som att dansa jenka. Tv\u00e5 steg fram, tre steg bak, eller n\u00e5got s\u00e5dant. Samtidigt som Socialdemokraterna har \u00f6ppnat upp f\u00f6r och b\u00f6rjar f\u00f6rst\u00e5 att det \u00e4r bra med aktiva bloggare, bra med m\u00e4nniskor som \u00e4r aktiva p\u00e5 webben, \u00e4r det politiker i Tyskland som verkar totalt helpuckade, de verkar p\u00e5 fullt allvar fundera p\u00e5 att f\u00f6retag ska kunna ta betalt f\u00f6r att n\u00e5gon l\u00e4nkar till dem:<\/p>\n<blockquote><p>I framtiden kan det bli olagligt f\u00f6r kommersiella f\u00f6retag att indexera och l\u00e4nka till nyhetssajters artiklar utan att betala f\u00f6r sig i Tyskland. Den tyska regeringen uppges nu st\u00f6dja flera stora mediaf\u00f6retag som vill komma \u00e5t Google News. <\/p><\/blockquote>\n<p><a href=\"http:\/\/www.svd.se\/naringsliv\/it\/artikel_3722743.svd\">Citatet \u00e4r fr\u00e5n Svenska Dagbladet.<\/a><br \/>\nDet \u00e4r n\u00e5gra tyska politiker som inte f\u00f6rst\u00e5tt vad Internet \u00e4r. Hj\u00e4rtat av webben \u00e4r l\u00e4nkarna. Undrar om det ska bli f\u00f6rbjudet att peka p\u00e5 en tidning ocks\u00e5.<\/p>\n<p><a href=\"http:\/\/www.aftonbladet.se\/nyheter\/article6034651.ab\">Och i Storbritannien \u00e4r det politiker som vill kunna st\u00e4nga av m\u00e4nniskor fr\u00e5n Internet<\/a>. Suck, suck, suck &#8230;<br \/>\nHur ska de hindra en Internetavst\u00e4ngd fr\u00e5n att g\u00e5 till ett Internetcaf\u00e9?<\/p>\n<p>Det k\u00e4nns som om vi inom Sverige kommit r\u00e4tt mycket l\u00e4ngre n\u00e4r det g\u00e4ller insikt i vad webben \u00e4r.<\/p>\n<p>Ett par andra bloggare som tr\u00e4ffat h\u00e4r i vimlet: <a href=\"http:\/\/peterlandersson.blogspot.com\/2009\/10\/en-inte-alltfor-klockren-medlare-om.html\">Peter Andersson<\/a>, <a href=\"http:\/\/evalenajansson.blogspot.com\/2009\/10\/dags-att-ta-lardom-av-bamse.html\">Eva-Lena Jansson<\/a>, <a href=\"http:\/\/hbt-sossen.blogspot.com\/2009\/10\/vart-vi-socialdemokrater-vill-na-vilka.html\">Alexandra<\/a> och <a href=\"http:\/\/www.alliansfrittsverige.nu\/2009\/10\/oktober-29-2009-fynda-tandvard-saljes.html\">Bj\u00f6rn fr\u00e5n Alliansfritt Sverige<\/a>. <a href=\"http:\/\/arvidfalk.se\/2009\/10\/tid-att-leva-gudrun-schyman-skriver-om-sahlins-kongresstal\/\">P\u00e5 Arvid Falk har Gudrun Schyman debuterat som AF-bloggare<\/a>.<\/p>\n<p><a href=\"http:\/\/www.s-buzz.se\/2009\/10\/jobb09-fullt-hus-i-netrootsarean-och.html\">Och Johan fr\u00e5n s-buzz \u00e4r h\u00e4r f\u00f6rst\u00e5s<\/a>. Det \u00e4r ju han som h\u00e5ller i tr\u00e5darna f\u00f6r arrangemanget kring bloggutrymmet h\u00e4r p\u00e5 s-kongressen.<\/p>\n<p>Bloggare verkar vara v\u00e4lkomna p\u00e5 s-kongressen. K\u00e4nns j\u00e4ttekul.<br \/>\nOch n\u00f6dv\u00e4ndigt f\u00f6r att mota s\u00e5dana konservativa krafter som de i Tyskland och Storbritannien.<\/p>\n<p>Relaterat: <a href=\"http:\/\/www.svd.se\/nyheter\/politik\/artikel_3724033.svd\">Svenska Dagbladet<\/a> och <a href=\"http:\/\/www.expressen.se\/Nyheter\/1.1760588\/jag-ar-inte-har-for-att-bli-omtyckt#\">Expressen<\/a>.<\/p>\n<p>L\u00e4s \u00e4ven andra bloggares \u00e5sikter om <a href=\"http:\/\/bloggar.se\/om\/Socialdemokraterna\" rel=\"tag\">Socialdemokraterna<\/a>, <a href=\"http:\/\/bloggar.se\/om\/politik\" rel=\"tag\">politik<\/a>, <a href=\"http:\/\/bloggar.se\/om\/netroots\" rel=\"tag\">netroots<\/a>, <a href=\"http:\/\/bloggar.se\/om\/Internet\" rel=\"tag\">Internet<\/a>, <a href=\"http:\/\/bloggar.se\/om\/l%E4nkar\" rel=\"tag\">l\u00e4nkar<\/a>, <a href=\"http:\/\/bloggar.se\/om\/Tyskland\" rel=\"tag\">Tyskland<\/a><\/p>\n","protected":false},"excerpt":{"rendered":"<p>Socialdemokraterna har kongress i \u00c4lvsj\u00f6m\u00e4ssans lokaler i Stockholm. Det har nog inte m\u00e5nga missat. Det \u00e4r mycket bevakning av det fr\u00e5n medier. Och h\u00e4r \u00e4r m\u00e5nga bloggare. Det \u00e4r j\u00e4tekul att se vilken utveckling det har blivit med bloggar och respekten f\u00f6r bloggare. Bloggare har en egen avdelning h\u00e4r p\u00e5 s-kongressen med en stor affisch [&hellip;]<\/p>\n","protected":false},"author":2,"featured_media":0,"comment_status":"open","ping_status":"open","sticky":false,"template":"","format":"standard","meta":{"_genesis_hide_title":false,"_genesis_hide_breadcrumbs":false,"_genesis_hide_singular_image":false,"_genesis_hide_footer_widgets":false,"_genesis_custom_body_class":"","_genesis_custom_post_class":"","_genesis_layout":"","footnotes":""},"categories":[62],"tags":[2512,3402,3951,12284,5229,6051],"class_list":{"0":"post-14348","1":"post","2":"type-post","3":"status-publish","4":"format-standard","6":"category-medie-och-kulturpolitik","7":"tag-internet","8":"tag-lankar","9":"tag-netroots","10":"tag-politik","11":"tag-socialdemokraterna","12":"tag-tyskland","13":"entry"},"_links":{"self":[{"href":"https:\/\/kulturbloggen.com\/index.php?rest_route=\/wp\/v2\/posts\/14348","targetHints":{"allow":["GET"]}}],"collection":[{"href":"https:\/\/kulturbloggen.com\/index.php?rest_route=\/wp\/v2\/posts"}],"about":[{"href":"https:\/\/kulturbloggen.com\/index.php?rest_route=\/wp\/v2\/types\/post"}],"author":[{"embeddable":true,"href":"https:\/\/kulturbloggen.com\/index.php?rest_route=\/wp\/v2\/users\/2"}],"replies":[{"embeddable":true,"href":"https:\/\/kulturbloggen.com\/index.php?rest_route=%2Fwp%2Fv2%2Fcomments&post=14348"}],"version-history":[{"count":0,"href":"https:\/\/kulturbloggen.com\/index.php?rest_route=\/wp\/v2\/posts\/14348\/revisions"}],"wp:attachment":[{"href":"https:\/\/kulturbloggen.com\/index.php?rest_route=%2Fwp%2Fv2%2Fmedia&parent=14348"}],"wp:term":[{"taxonomy":"category","embeddable":true,"href":"https:\/\/kulturbloggen.com\/index.php?rest_route=%2Fwp%2Fv2%2Fcategories&post=14348"},{"taxonomy":"post_tag","embeddable":true,"href":"https:\/\/kulturbloggen.com\/index.php?rest_route=%2Fwp%2Fv2%2Ftags&post=14348"}],"curies":[{"name":"wp","href":"https:\/\/api.w.org\/{rel}","templated":true}]}}