{"id":143463,"date":"2021-08-25T09:24:20","date_gmt":"2021-08-25T07:24:20","guid":{"rendered":"https:\/\/kulturbloggen.com\/?p=143463"},"modified":"2021-08-25T09:24:22","modified_gmt":"2021-08-25T07:24:22","slug":"nationalteaterns-rockorkester-pa-turne-varen-2022","status":"publish","type":"post","link":"https:\/\/kulturbloggen.com\/?p=143463","title":{"rendered":"Nationalteaterns Rockorkester p\u00e5 turn\u00e9 v\u00e5ren 2022"},"content":{"rendered":"<p><img loading=\"lazy\" decoding=\"async\" class=\"aligncenter size-full wp-image-143468\" src=\"https:\/\/kulturbloggen.com\/wp-content\/uploads\/2021\/08\/unnamed-24.jpg\" alt=\"\" width=\"650\" height=\"366\" srcset=\"https:\/\/kulturbloggen.com\/wp-content\/uploads\/2021\/08\/unnamed-24.jpg 650w, https:\/\/kulturbloggen.com\/wp-content\/uploads\/2021\/08\/unnamed-24-300x169.jpg 300w\" sizes=\"auto, (max-width: 650px) 100vw, 650px\" \/><\/p>\n<p>Nationalteaterns Rockorkester \u00e5ker p\u00e5 en p\u00e5 exklusiv turn\u00e9 v\u00e5ren 2022, skriver ett pressmeddelande. Medlemmarna har kommit upp i \u00e5ren, s\u00e5 jag tror det \u00e4r realistiskt att misst\u00e4nka att det kan vara gruppens sista turn\u00e9.<\/p>\n<p>Ett pressmeddelande ber\u00e4ttar om turn\u00e9n:<br \/>\nV\u00e5ren 2022 ger sig Nationalteaterns Rockorkester ut p\u00e5 en landsomfattande och sista konserthusturn\u00e9. Senast det begav sig var v\u00e5ren 2018 och d\u00e5 blev det en bejublad turn\u00e9 med \u201dlapp p\u00e5 luckan\u201d runt om i hela landet!<\/p>\n<p>&#8211; En unik chans f\u00f6r oss att samlas igen och summera \u00f6ver 40 \u00e5r av musikalisk gl\u00e4dje och fest runt om i hela landet. Vi ser fram emot att f\u00e5 m\u00f6ta v\u00e5r publik igen, s\u00e4ger Ulf Dageby<\/p>\n<p>Det blir en sista chans att h\u00f6ra dessa l\u00e5tar igen, \u201dLivet \u00e4r en fest\u201d, \u201dB\u00e4ngen tr\u00e5lar\u201d, \u201dHanna fr\u00e5n Arl\u00f6v\u201d, Barn av v\u00e5r tid\u201d, \u201dJack the ripper\u201d. Dessa \u00e4r djupt f\u00f6rankrade i den svenska folksj\u00e4len.<\/p>\n<p>Filmen &#8221;Vi \u00e4r barn av v\u00e5r tid&#8221; om Nationalteatern av Pontus Hjort\u00e9n fick premi\u00e4r p\u00e5 SVT den 5 mars 2021 och s\u00e4nds nu igen p\u00e5 SVT Play.<\/p>\n<p>Turn\u00e9plan: Nationalteaterns Rockorkester 2022 \u201dSista chansen\u201d<\/p>\n<p>11\/2 V\u00e4xj\u00f6 konserthus<\/p>\n<p>12\/2 Kalmar Kalmarsalen<\/p>\n<p>18\/2 Helsingborg konserthus<\/p>\n<p>19\/2 J\u00f6nk\u00f6ping konserthus<\/p>\n<p>25\/2 V\u00e4ster\u00e5s konserthus<\/p>\n<p>26\/2 Norrk\u00f6ping De Geerhallen<\/p>\n<p>4\/3 Uppsala Konsert &amp; Kongress<\/p>\n<p>5\/3 Karlstad CCC<\/p>\n<p>18\/3 Halmstad teater<\/p>\n<p>19\/3 Bor\u00e5s \u00c5haga<\/p>\n<p>26\/3 G\u00f6teborg konserthus<\/p>\n<p>30\/3 Stockholm Cirkus<\/p>\n<p>1\/4 \u00d6rebro Conventum kongress<\/p>\n<p>2\/4 Link\u00f6ping konsert &amp; kongress<\/p>\n<p>7\/4 Sundsvall Tonhallen<\/p>\n<p>8\/4 Skellefte\u00e5 Sara kulturhus<\/p>\n<p>9\/4 Ume\u00e5 Idun<\/p>\n<p>10\/4 Lule\u00e5 konserthus<\/p>\n<p>23\/4 Malm\u00f6 KB<\/p>\n<p>(Med reservation f\u00f6r eventuella \u00e4ndringar)<\/p>\n<p>1978 bildades Nationalteaterns Rockorkester, samma \u00e5r som albumet \u201dBarn av v\u00e5r tid\u201d sl\u00e4pptes. Efter uts\u00e5lda turne\u00e9r 2018 var succ\u00e9orkestern ganska n\u00f6jd med turnerandet och bandet drog sig s\u00e5 sm\u00e5tt tillbaka. Men efter \u00e5r av massiv efterfr\u00e5gan fr\u00e5n fansen har man nu v\u00e4ckt turn\u00e9tarmen hos Ulf Dageby och H\u00e5kan Nyberg m.fl. och nu st\u00e5r rockorkestern redo f\u00f6r en sista turn\u00e9 \u201dSista chansen\u201d v\u00e5ren 2022.<\/p>\n<p>S\u00e5ng och gitarr &#8211; Ulf Dageby<br \/>\nS\u00e5ng &#8211; Mattias Hellberg<br \/>\nS\u00e5ng &#8211; Matilda Sj\u00f6str\u00f6m<br \/>\nGitarr &#8211; H\u00e5kan Svensson<br \/>\nKeyboard &#8211; Ulf &#8221;Vinyl&#8221; Stenberg<br \/>\nBas &#8211; Kalle Gustafsson Jerneholm<br \/>\nTrummor &#8211; H\u00e5kan Nyberg<\/p>\n","protected":false},"excerpt":{"rendered":"<p>Nationalteaterns Rockorkester \u00e5ker p\u00e5 en p\u00e5 exklusiv turn\u00e9 v\u00e5ren 2022, skriver ett pressmeddelande. Medlemmarna har kommit upp i \u00e5ren, s\u00e5 jag tror det \u00e4r realistiskt att misst\u00e4nka att det kan vara gruppens sista turn\u00e9. Ett pressmeddelande ber\u00e4ttar om turn\u00e9n: V\u00e5ren 2022 ger sig Nationalteaterns Rockorkester ut p\u00e5 en landsomfattande och sista konserthusturn\u00e9. Senast det begav [&hellip;]<\/p>\n","protected":false},"author":13,"featured_media":0,"comment_status":"closed","ping_status":"closed","sticky":false,"template":"","format":"standard","meta":{"_genesis_hide_title":false,"_genesis_hide_breadcrumbs":false,"_genesis_hide_singular_image":false,"_genesis_hide_footer_widgets":false,"_genesis_custom_body_class":"","_genesis_custom_post_class":"","_genesis_layout":"","footnotes":""},"categories":[7,13624],"tags":[],"class_list":{"0":"post-143463","1":"post","2":"type-post","3":"status-publish","4":"format-standard","6":"category-musik","7":"category-toppnytt","8":"entry"},"_links":{"self":[{"href":"https:\/\/kulturbloggen.com\/index.php?rest_route=\/wp\/v2\/posts\/143463","targetHints":{"allow":["GET"]}}],"collection":[{"href":"https:\/\/kulturbloggen.com\/index.php?rest_route=\/wp\/v2\/posts"}],"about":[{"href":"https:\/\/kulturbloggen.com\/index.php?rest_route=\/wp\/v2\/types\/post"}],"author":[{"embeddable":true,"href":"https:\/\/kulturbloggen.com\/index.php?rest_route=\/wp\/v2\/users\/13"}],"replies":[{"embeddable":true,"href":"https:\/\/kulturbloggen.com\/index.php?rest_route=%2Fwp%2Fv2%2Fcomments&post=143463"}],"version-history":[{"count":5,"href":"https:\/\/kulturbloggen.com\/index.php?rest_route=\/wp\/v2\/posts\/143463\/revisions"}],"predecessor-version":[{"id":143469,"href":"https:\/\/kulturbloggen.com\/index.php?rest_route=\/wp\/v2\/posts\/143463\/revisions\/143469"}],"wp:attachment":[{"href":"https:\/\/kulturbloggen.com\/index.php?rest_route=%2Fwp%2Fv2%2Fmedia&parent=143463"}],"wp:term":[{"taxonomy":"category","embeddable":true,"href":"https:\/\/kulturbloggen.com\/index.php?rest_route=%2Fwp%2Fv2%2Fcategories&post=143463"},{"taxonomy":"post_tag","embeddable":true,"href":"https:\/\/kulturbloggen.com\/index.php?rest_route=%2Fwp%2Fv2%2Ftags&post=143463"}],"curies":[{"name":"wp","href":"https:\/\/api.w.org\/{rel}","templated":true}]}}