{"id":143382,"date":"2021-08-23T19:14:39","date_gmt":"2021-08-23T17:14:39","guid":{"rendered":"https:\/\/kulturbloggen.com\/?p=143382"},"modified":"2021-08-24T16:38:49","modified_gmt":"2021-08-24T14:38:49","slug":"ystad-sweden-jazzfestival-2021-del-4-next-generation","status":"publish","type":"post","link":"https:\/\/kulturbloggen.com\/?p=143382","title":{"rendered":"Ystad Sweden Jazzfestival 2021 del 4 &#8211; Next Generation"},"content":{"rendered":"\n<figure class=\"wp-block-image size-full\"><img loading=\"lazy\" decoding=\"async\" width=\"650\" height=\"433\" src=\"https:\/\/kulturbloggen.com\/wp-content\/uploads\/2021\/08\/Kristoffer-Sjostrom-Trio-Tilda-Bjornberg-Photo-Anna-Rylander.jpg\" alt=\"\" class=\"wp-image-143383\" srcset=\"https:\/\/kulturbloggen.com\/wp-content\/uploads\/2021\/08\/Kristoffer-Sjostrom-Trio-Tilda-Bjornberg-Photo-Anna-Rylander.jpg 650w, https:\/\/kulturbloggen.com\/wp-content\/uploads\/2021\/08\/Kristoffer-Sjostrom-Trio-Tilda-Bjornberg-Photo-Anna-Rylander-300x200.jpg 300w\" sizes=\"auto, (max-width: 650px) 100vw, 650px\" \/><figcaption>Tilda Bj\u00f6rnberg &#8211; foto Anna Rylander                                                                          <\/figcaption><\/figure>\n\n\n\n<p>Under dagtid anordnades under YSJF evenemang utomhus med rubriken NEXT GENERATION.  Sympatiskt nog konserter med fri entr\u00e9 d\u00e4r nyfikna kunde droppa in p\u00e5 Morten Caf\u00e9.  F\u00f6rst till kvarn g\u00e4llde. Lyckligtvis lagom soligt v\u00e4der, s\u00e5 gott som fullsatt flera g\u00e5nger och oklanderligt ljud. Egentligen or\u00e4ttvist att ta sig an projektet med sedvanligt kritiker\u00f6ra Dels hann jag bara vid ett tillf\u00e4lle h\u00f6ra alla toner ( beh\u00f6vde tajma snabb cykelf\u00e4rd till konsert p\u00e5 Ystad Saltsj\u00f6bad), dels r\u00f6r det sig om unga l\u00f6ften som g\u00e5r eller nyss g\u00e5tt p\u00e5 musiklinjer p\u00e5 folkh\u00f6gskolor (Fridhem och Skurup mest f\u00f6rekommande). och i n\u00e5gra fall utbildats p\u00e5 musikh\u00f6gskolor. Vill \u00e4nd\u00e5 i v\u00e4lvillig anda f\u00f6rmedla mina reflektioner fr\u00e5n drygt tre halvtimmars exponering p\u00e5 innerg\u00e5rden.  Kan till\u00e4ggas att den gener\u00f6sa festivalen  arrangerade flera program riktade mot specifika m\u00e5lgrupper s\u00e5som barn och fyra \u00e4ldreboenden  Utg\u00e5r fr\u00e5n att detta var uppskattade inslag.    <\/p>\n\n\n\n<figure class=\"wp-block-image size-full\"><img loading=\"lazy\" decoding=\"async\" width=\"650\" height=\"476\" src=\"https:\/\/kulturbloggen.com\/wp-content\/uploads\/2021\/08\/Tre-Oar-3-Photo-Anna-Rylander.jpg\" alt=\"\" class=\"wp-image-143385\" srcset=\"https:\/\/kulturbloggen.com\/wp-content\/uploads\/2021\/08\/Tre-Oar-3-Photo-Anna-Rylander.jpg 650w, https:\/\/kulturbloggen.com\/wp-content\/uploads\/2021\/08\/Tre-Oar-3-Photo-Anna-Rylander-300x220.jpg 300w\" sizes=\"auto, (max-width: 650px) 100vw, 650px\" \/><figcaption>foto Anna Rylander<\/figcaption><\/figure>\n\n\n\n<p>Trion TRE \u00d6AR k\u00e4nde jag till redan p\u00e5 f\u00f6rhand d\u00e5 jag recenserat deras skissartade, intressanta skivdebut tidigare i \u00e5r.  De best\u00e5r av Sebastian Persson p\u00e5 gitarr, basisten Erik Gr\u00f6nnesby  och bakom trummorna sitter Arild Wahl.  Persson komponerar och f\u00e4rgar f\u00f6ljaktligen trions s\u00e4rpr\u00e4glade sound. Man sticker ut genom sin passion f\u00f6r atmosf\u00e4riska landskap utan pulserande rytm. S\u00e5lunda heter debuten <em>Tone Poem. <\/em> Spelningen begynner p\u00e5 ett dj\u00e4rvt s\u00e4tt med vinande ton, dr\u00f6mskt ackordspel och soft komp. Tidvis registreras  doser av olika grad av intensitet i titlar som <em>All About My Love <\/em>och <em>Be Silent. <\/em> \u00d6verlag h\u00f6rs eftert\u00e4nksam mollbetonad musik. I l\u00e4ngden  t\u00e4mligen stillast\u00e5ende sound, \u00e4ven om det glimtar till emellan\u00e5t med uppiggande harmonier. Hade \u00f6nskat mer nerv i vad som liknar ett p\u00e5g\u00e5ende utforskande av klanger och st\u00e4mningsm\u00e4ttade bilder. Gitarristen vars fr\u00e4msta f\u00f6rebild \u00e4r Jakon Bro, ser till att Tre \u00d6ar utmanar lyssnarens sensitivitet.  Risktagandet och den okonventionella inriktningen hedrar dem, \u00e4ven om framf\u00f6randet  blev relativt introvert.  Att skapa,  meditativa, alternativt expanderande tillst\u00e5nd \u00e4r deras grej; snarare \u00e4n ett tilltal baserat p\u00e5 slagkraftiga l\u00e5tar.  <\/p>\n\n\n\n<figure class=\"wp-block-image size-full\"><img loading=\"lazy\" decoding=\"async\" width=\"650\" height=\"434\" src=\"https:\/\/kulturbloggen.com\/wp-content\/uploads\/2021\/08\/Kristoffer-Sjostrom-Trio-2-Photo-Anna-Rylander.jpg\" alt=\"\" class=\"wp-image-143388\" srcset=\"https:\/\/kulturbloggen.com\/wp-content\/uploads\/2021\/08\/Kristoffer-Sjostrom-Trio-2-Photo-Anna-Rylander.jpg 650w, https:\/\/kulturbloggen.com\/wp-content\/uploads\/2021\/08\/Kristoffer-Sjostrom-Trio-2-Photo-Anna-Rylander-300x200.jpg 300w\" sizes=\"auto, (max-width: 650px) 100vw, 650px\" \/><figcaption>foto Anna Rylander                                          <\/figcaption><\/figure>\n\n\n\n<p>Medlemmarna i KRISTOFFER SJ\u00d6STR\u00d6M TRIO \u00e4r bandledaren p\u00e5 elbas, Tilda Bj\u00f6rnberg p\u00e5 keyboard samt Hampus Petersson p\u00e5 trummor. Man bildades i h\u00f6stas p\u00e5 Musikh\u00f6gskolan i Malm\u00f6. Visar sig att Sj\u00f6str\u00f6m kommer fr\u00e5n en musicerande familj. Trion bejakar ett \u00f6ppet tonspr\u00e5k d\u00e4r behaglig klang prioriteras. Fann lovande ansatser hos duktiga musiker i vad jag f\u00f6rmodar \u00e4r original, men de unga musikerna verkar inte ha hittat sin nisch. \u00c4n s\u00e5 l\u00e4nge saknas \u00f6nskv\u00e4rd musikalisk utstr\u00e5lning och melodier att ta med sig hem. Sj\u00f6str\u00f6m hade vunnit p\u00e5 att f\u00f6rs\u00f6ka skapa kontakt med \u00e5h\u00f6rarna genom att presentera musiken. Var \u00f6verhuvudtaget sl\u00e5ende att  Next Generation-akter jag bevistade, inte bem\u00f6dade sig mer om att kommunicera med oss lyssnare. Om jag lite f\u00f6rm\u00e4tet f\u00e5r utdela ett r\u00e5d:  ber\u00f6rda borde \u00e5tg\u00e4rda denna brist. <\/p>\n\n\n\n<p>Tredje l\u00e5ten har ett suggestivt tema som k\u00e4nns bekant. Frambringas p\u00e5 klaviaturen av Tilda Bj\u00f6rnberg fr\u00e5n Laholm. Foto p\u00e5 henne frontar mitt svep eftersom hon r\u00f6jer sin uppenbara talang i \u00e5tskilliga fina soloinpass.  I viss m\u00e5n utseendem\u00e4ssigt och absolut p\u00e5 konstn\u00e4rliga grunder kan likheter sp\u00e5ras till Anna Gr\u00e9ta Sigurardottir .  Vad m\u00e5nde bliva?   <\/p>\n\n\n\n<figure class=\"wp-block-image size-full\"><img loading=\"lazy\" decoding=\"async\" width=\"433\" height=\"650\" src=\"https:\/\/kulturbloggen.com\/wp-content\/uploads\/2021\/08\/Wallander-Kvintett-Photo-3-Harri-Paavolainen-scaled-1.jpg\" alt=\"\" class=\"wp-image-143390\" srcset=\"https:\/\/kulturbloggen.com\/wp-content\/uploads\/2021\/08\/Wallander-Kvintett-Photo-3-Harri-Paavolainen-scaled-1.jpg 433w, https:\/\/kulturbloggen.com\/wp-content\/uploads\/2021\/08\/Wallander-Kvintett-Photo-3-Harri-Paavolainen-scaled-1-200x300.jpg 200w\" sizes=\"auto, (max-width: 433px) 100vw, 433px\" \/><figcaption>foto Harri Paavolainen                                                                                                            <\/figcaption><\/figure>\n\n\n\n<p>WALLANDER KVINTETT bildades ifjol p\u00e5 S.T Sigfrids folkh\u00f6gskola.  S\u00e4ttningen \u00e4r Erik Adner Wallander (keyboard\/ piano), Axel Schubert (gitarr), Mauritz Lindstr\u00f6m (altsaxofon),  Alice Castell (elbas), samt William Hector Friman (trummor). De pendlar mellan  lugna och \u00f6siga originall\u00e5tar.  Man b\u00f6rjar soft och f\u00f6rsiktigt i en slags cool jazz-attityd. Altsaxen banar v\u00e4g i melodin. Alster fr\u00e5n ep:n <em>Villov\u00e4gar <\/em>levereras, alster skrivna av bandledaren.  Volym- och tempom\u00e4ssigt k\u00e4nnetecknas deras fullsatta gig av dess beh\u00e4rskade, nedtonade profil. Ett sympatiskt drag! <\/p>\n\n\n\n<figure class=\"wp-block-image size-full\"><img loading=\"lazy\" decoding=\"async\" width=\"433\" height=\"650\" src=\"https:\/\/kulturbloggen.com\/wp-content\/uploads\/2021\/08\/Wallander-Kvintett-Photo-2-Harri-Paavolainen-scaled-1.jpg\" alt=\"\" class=\"wp-image-143393\" srcset=\"https:\/\/kulturbloggen.com\/wp-content\/uploads\/2021\/08\/Wallander-Kvintett-Photo-2-Harri-Paavolainen-scaled-1.jpg 433w, https:\/\/kulturbloggen.com\/wp-content\/uploads\/2021\/08\/Wallander-Kvintett-Photo-2-Harri-Paavolainen-scaled-1-200x300.jpg 200w\" sizes=\"auto, (max-width: 433px) 100vw, 433px\" \/><figcaption>foto Harri Paavolainen                                                                                                  <\/figcaption><\/figure>\n\n\n\n<p>I mina anteckningar har jag undrat om musiken g\u00f6r tillr\u00e4ckligt avtryck. Uppst\u00e5r tillr\u00e4ckligt lockande konturer? Mitt svar landar i att ibland hakar melodierna tag i mig, fast hade standards inkluderats hade det gynnat repertoaren. M\u00e5ste vara knepigt att utveckla l\u00e5tskrivar\u00e5dran,  hitta fram till s\u00e5dant som urskiljer fr\u00e5n andra aspirerande grupper i samma sits. Helt pl\u00f6tsligt h\u00e4nder n\u00e5got of\u00f6ruts\u00e4gbart i form av ett skrynkligt utfall med trumslagaren i centrum. Vidare m\u00e4rks trevliga slingor och en lyriskt sv\u00e4vande, l\u00e5ng sista l\u00e5t. <em>Bortom <\/em>utm\u00e4rks ocks\u00e5 av distinkta solon p\u00e5 gitarr och trummor.  <\/p>\n\n\n\n<figure class=\"wp-block-image size-full\"><img loading=\"lazy\" decoding=\"async\" width=\"433\" height=\"650\" src=\"https:\/\/kulturbloggen.com\/wp-content\/uploads\/2021\/08\/Alicia-Lindberg-Photo-Anna-Rylander.jpg\" alt=\"\" class=\"wp-image-143410\" srcset=\"https:\/\/kulturbloggen.com\/wp-content\/uploads\/2021\/08\/Alicia-Lindberg-Photo-Anna-Rylander.jpg 433w, https:\/\/kulturbloggen.com\/wp-content\/uploads\/2021\/08\/Alicia-Lindberg-Photo-Anna-Rylander-200x300.jpg 200w\" sizes=\"auto, (max-width: 433px) 100vw, 433px\" \/><figcaption>Alicia Lindberg &#8211; foto Anna Rylander                                                                                             <\/figcaption><\/figure>\n\n\n\n<p>Missade konserten med Alicia Lindberg Kvintett (skivaktuella i h\u00f6st med en mix av jazz och vispop). Hon f\u00e5r illustrera mina avslutande rader om sista kv\u00e4llens JAM, ett jam \u00e4mnat f\u00f6r de h\u00e5rt slitande volont\u00e4rerna. Hade f\u00e5tt inbjudan av en artist som aldrig d\u00f6k upp. P\u00e5 jammet uppstod som sig b\u00f6r ett gemensamt givande och tagande mellan potentiella framtidsnamn och etablerade stj\u00e4rnor. Alltid en  pirrande k\u00e4nsla att p\u00e5 ett par meters avst\u00e5nd bevittna en oplanerad jamsession n\u00e4r vokalister och musiker enas spontant kring tonarter och val av l\u00e5t (vanligtvis standards). <\/p>\n\n\n\n<p>Tv\u00e5 stj\u00e4rnor som var rej\u00e4lt uppv\u00e4rmda efter att ha konserterat tidigare under aftonen var Rosalia De Souza och r\u00f6stakrobaten Andreas Schaerer. Antagligen utmattade Jan Lundgren bidrog f\u00f6rn\u00e4mligt innan krafterna tr\u00f6t. Greg Earle(?) fr\u00e5n Kanada tog hand om i princip alla basg\u00e5ngar. Tv\u00e5 f\u00f6rsigkomna ynglingar, s\u00e4rskilt den som tog plats f\u00f6rst, sk\u00f6tte trummandet med ackuratess. Inspirerade solon levererades p\u00e5 tenorsax och av ovan n\u00e4mnde Sebastian Persson p\u00e5 elgitarr, vars spel nu f\u00f6r\u00e4ndrats till  \u00f6ppnare, licks-baserad stil. Stimulerande att h\u00f6ra! Vi fick d\u00e4rtill njuta av triss i sk\u00f6nsjungande tjejer, varav en (f\u00f6r att knyta ihop s\u00e4cken) var just Alicia Lindberg. Hon tolkade <em>Honeysuckle Rose<\/em> med bravur. V\u00e4ninnan Stella Gustin (sjungit med Magnus Lindgren) visade ocks\u00e5 framf\u00f6tterna vokalt.  Gavs eminenta prov p\u00e5 charmerande s\u00e4kerhet, vilket inneb\u00e4r att ni g\u00f6r klokt i att framledes ha uppsikt \u00f6ver dessa talangfulla representanter ur en kommande generation.      <\/p>\n","protected":false},"excerpt":{"rendered":"<p>Under dagtid anordnades under YSJF evenemang utomhus med rubriken NEXT GENERATION. Sympatiskt nog konserter med fri entr\u00e9 d\u00e4r nyfikna kunde droppa in p\u00e5 Morten Caf\u00e9. F\u00f6rst till kvarn g\u00e4llde. Lyckligtvis lagom soligt v\u00e4der, s\u00e5 gott som fullsatt flera g\u00e5nger och oklanderligt ljud. Egentligen or\u00e4ttvist att ta sig an projektet med sedvanligt kritiker\u00f6ra Dels hann jag [&hellip;]<\/p>\n","protected":false},"author":34,"featured_media":0,"comment_status":"closed","ping_status":"closed","sticky":false,"template":"","format":"standard","meta":{"_genesis_hide_title":false,"_genesis_hide_breadcrumbs":false,"_genesis_hide_singular_image":false,"_genesis_hide_footer_widgets":false,"_genesis_custom_body_class":"","_genesis_custom_post_class":"","_genesis_layout":"","footnotes":""},"categories":[7,16],"tags":[],"class_list":{"0":"post-143382","1":"post","2":"type-post","3":"status-publish","4":"format-standard","6":"category-musik","7":"category-recension","8":"entry"},"_links":{"self":[{"href":"https:\/\/kulturbloggen.com\/index.php?rest_route=\/wp\/v2\/posts\/143382","targetHints":{"allow":["GET"]}}],"collection":[{"href":"https:\/\/kulturbloggen.com\/index.php?rest_route=\/wp\/v2\/posts"}],"about":[{"href":"https:\/\/kulturbloggen.com\/index.php?rest_route=\/wp\/v2\/types\/post"}],"author":[{"embeddable":true,"href":"https:\/\/kulturbloggen.com\/index.php?rest_route=\/wp\/v2\/users\/34"}],"replies":[{"embeddable":true,"href":"https:\/\/kulturbloggen.com\/index.php?rest_route=%2Fwp%2Fv2%2Fcomments&post=143382"}],"version-history":[{"count":15,"href":"https:\/\/kulturbloggen.com\/index.php?rest_route=\/wp\/v2\/posts\/143382\/revisions"}],"predecessor-version":[{"id":143425,"href":"https:\/\/kulturbloggen.com\/index.php?rest_route=\/wp\/v2\/posts\/143382\/revisions\/143425"}],"wp:attachment":[{"href":"https:\/\/kulturbloggen.com\/index.php?rest_route=%2Fwp%2Fv2%2Fmedia&parent=143382"}],"wp:term":[{"taxonomy":"category","embeddable":true,"href":"https:\/\/kulturbloggen.com\/index.php?rest_route=%2Fwp%2Fv2%2Fcategories&post=143382"},{"taxonomy":"post_tag","embeddable":true,"href":"https:\/\/kulturbloggen.com\/index.php?rest_route=%2Fwp%2Fv2%2Ftags&post=143382"}],"curies":[{"name":"wp","href":"https:\/\/api.w.org\/{rel}","templated":true}]}}