{"id":143344,"date":"2021-08-21T18:59:04","date_gmt":"2021-08-21T16:59:04","guid":{"rendered":"https:\/\/kulturbloggen.com\/?p=143344"},"modified":"2021-08-21T18:59:05","modified_gmt":"2021-08-21T16:59:05","slug":"lyssna-thomas-stenstrom-hej-halla","status":"publish","type":"post","link":"https:\/\/kulturbloggen.com\/?p=143344","title":{"rendered":"Lyssna: Thomas Stenstr\u00f6m &#8211; Hej Hall\u00e5"},"content":{"rendered":"<p><img loading=\"lazy\" decoding=\"async\" class=\"aligncenter size-full wp-image-143348\" src=\"https:\/\/kulturbloggen.com\/wp-content\/uploads\/2021\/08\/unnamed-23.jpg\" alt=\"\" width=\"650\" height=\"366\" srcset=\"https:\/\/kulturbloggen.com\/wp-content\/uploads\/2021\/08\/unnamed-23.jpg 650w, https:\/\/kulturbloggen.com\/wp-content\/uploads\/2021\/08\/unnamed-23-300x169.jpg 300w\" sizes=\"auto, (max-width: 650px) 100vw, 650px\" \/><\/p>\n<p>Thomas Stenstr\u00f6m har sl\u00e4ppt singeln \u201dHej Hall\u00e5\u201d.<\/p>\n<p>Ett pressmeddelande ber\u00e4ttar:<br \/>\nThomas Stenstr\u00f6m \u00e4r tillbaka stort i \u00e5r och vi kommer f\u00e5 se honom blomstra ut och bli Thomas med hela svenska folket. 17 september v\u00e4ntar hans femte studioalbum \u201dspring baby spring\u201d och d\u00e4refter \u00e4r han en av huvudpersonerna i \u00e5rets upplaga av S\u00e5 Mycket B\u00e4ttre. Under sommaren har vi bland annat sett honom i programmen Alls\u00e5ng p\u00e5 Skansen och Lotta p\u00e5 Liseberg. Thomas har hittills presenterat \u201dDet \u00e4r nog aldrig f\u00f6r sent f\u00f6r oss tv\u00e5\u201d och \u201dN\u00e4tterna\u201d fr\u00e5n hans kommande album. Nu \u00e4r det dags f\u00f6r den tredje singeln \u201dHej Hall\u00e5\u201d att presenteras innan vi f\u00e5r ta del av albumet i sin helhet. L\u00e5ten \u201dHej Hall\u00e5\u201d har ett starkt ID av fart och dansanta nerver och g\u00f6r sig perfekt till sommarens sista kv\u00e4llar. L\u00e5ten \u00e4r skrivan av Thomas Stenstr\u00f6m, Isak Friberg,Christian Olsson och Jens Resch. Producerad av Thomas Stenstr\u00f6m och Jens Resch.<\/p>\n<p>Thomas \u00e4r en av Sveriges mest uppskattade artister och har g\u00e5tt igenom flera varv av sj\u00e4lvkritik och eufori. Han har gjort sina tiotusen timmar. 2012 sl\u00e4ppte han sitt debutalbum \u201dN\u00e5t annat, n\u00e5n annanstans\u201d och l\u00e5ten \u201dDetsamma\u201d fick stor spridning. Tv\u00e5 \u00e5r senare b\u00f6rjade saker h\u00e4nda p\u00e5 riktigt; 2014 kom albumet \u201dFulkultur\u201d och singeln \u201dSl\u00e5 mig h\u00e5rt i ansiktet\u201d skar sig genom alla lager. L\u00e5ten blev nominerad till b\u00e5de P3 Guld och Grammis. D\u00e4remellan hann han spela p\u00e5 klubbar, festival- och sommarscener landet runt innan han 2017 sl\u00e4ppte sitt tredje album \u201dR\u00f6r inte min kompis\u201d. V\u00e5ren 2019 kom EPn \u201dUddevalla Dreamer (del1)&#8221; som bland annat inneh\u00f6ll det framg\u00e5ngsrika singlarna \u201dAdios Amigos\u201d och &#8221;Himlen \u00f6ver City\u201d d\u00e4refter f\u00f6ljde en fullsp\u00e4ckad sommarturn\u00e9. 2019 avslutade Thomas med att sl\u00e4ppa hyllade albumet \u201dDreamer\u201d. Senast var Thomas aktuell med singeln \u201dSer du m\u00e5nen d\u00e4r du \u00e4r ikv\u00e4ll?\u201d som \u00e4r ledmotivet f\u00f6r Cancerfondens vinterkampanj och i skrivande stund g\u00e5tt dubbel platina och toppar \u00e4nnu listorna och spelas flitigt p\u00e5 radio.<\/p>\n<p>Inf\u00f6r albumsl\u00e4ppet \u00e5ker Thomas Stenstr\u00f6m ut p\u00e5 turn\u00e9, eller som han sj\u00e4lv v\u00e4ljer att kalla det, en 10 dagars l\u00e5ng releasefest. Albumsp\u00e5ren presenteras och sl\u00e4pps upp p\u00e5 spotify vartefter varje gigg p\u00e5 turn\u00e9n genomf\u00f6rs. Set-listen av nya l\u00e5tar f\u00f6r spelningarna kommer d\u00e4rav v\u00e4xa f\u00f6r var dag fram till albumrelease 17 september. En enda stor l\u00e5ng releasefest d\u00e4r man som konsertbes\u00f6kare kommer vara f\u00f6rst med att h\u00f6ra den nya musiken.<\/p>\n<p>TURN\u00c8 2021<\/p>\n<p>9 sep \u2013 Mosebacketerassen, Stockholm<br \/>\n10 sep \u2013 Folkets Park, Huskvarna<br \/>\n11 sep \u2013 Humlehagen, \u00d6rebro<br \/>\n12 sep \u2013 Parksn\u00e4ckan, Uppsala<br \/>\n13 sep \u2013 Kackelstugan, Borgholm<br \/>\n14 sep \u2013 Kackelstugan, Borgholm<br \/>\n15 sep &#8211; Mosebacketerassen, Stockholm<br \/>\n16 sep \u2013 N\u00f6jesfabriken, Karlstad<br \/>\n17 sep \u2013 Hebelteatern, Trollh\u00e4ttan<br \/>\n18 sep \u2013 Pustervik, Karlstad<br \/>\n19 sep \u2013 Pustervik, Karlstad<\/p>\n<p><iframe loading=\"lazy\" src=\"https:\/\/open.spotify.com\/embed\/album\/35tu8Sz9SQkseLqaDGtmdr\" width=\"300\" height=\"380\" frameborder=\"0\"><\/iframe><\/p>\n","protected":false},"excerpt":{"rendered":"<p>Thomas Stenstr\u00f6m har sl\u00e4ppt singeln \u201dHej Hall\u00e5\u201d. Ett pressmeddelande ber\u00e4ttar: Thomas Stenstr\u00f6m \u00e4r tillbaka stort i \u00e5r och vi kommer f\u00e5 se honom blomstra ut och bli Thomas med hela svenska folket. 17 september v\u00e4ntar hans femte studioalbum \u201dspring baby spring\u201d och d\u00e4refter \u00e4r han en av huvudpersonerna i \u00e5rets upplaga av S\u00e5 Mycket B\u00e4ttre. [&hellip;]<\/p>\n","protected":false},"author":13,"featured_media":0,"comment_status":"closed","ping_status":"closed","sticky":false,"template":"","format":"standard","meta":{"_genesis_hide_title":false,"_genesis_hide_breadcrumbs":false,"_genesis_hide_singular_image":false,"_genesis_hide_footer_widgets":false,"_genesis_custom_body_class":"","_genesis_custom_post_class":"","_genesis_layout":"","footnotes":""},"categories":[7,13624],"tags":[],"class_list":{"0":"post-143344","1":"post","2":"type-post","3":"status-publish","4":"format-standard","6":"category-musik","7":"category-toppnytt","8":"entry"},"_links":{"self":[{"href":"https:\/\/kulturbloggen.com\/index.php?rest_route=\/wp\/v2\/posts\/143344","targetHints":{"allow":["GET"]}}],"collection":[{"href":"https:\/\/kulturbloggen.com\/index.php?rest_route=\/wp\/v2\/posts"}],"about":[{"href":"https:\/\/kulturbloggen.com\/index.php?rest_route=\/wp\/v2\/types\/post"}],"author":[{"embeddable":true,"href":"https:\/\/kulturbloggen.com\/index.php?rest_route=\/wp\/v2\/users\/13"}],"replies":[{"embeddable":true,"href":"https:\/\/kulturbloggen.com\/index.php?rest_route=%2Fwp%2Fv2%2Fcomments&post=143344"}],"version-history":[{"count":5,"href":"https:\/\/kulturbloggen.com\/index.php?rest_route=\/wp\/v2\/posts\/143344\/revisions"}],"predecessor-version":[{"id":143350,"href":"https:\/\/kulturbloggen.com\/index.php?rest_route=\/wp\/v2\/posts\/143344\/revisions\/143350"}],"wp:attachment":[{"href":"https:\/\/kulturbloggen.com\/index.php?rest_route=%2Fwp%2Fv2%2Fmedia&parent=143344"}],"wp:term":[{"taxonomy":"category","embeddable":true,"href":"https:\/\/kulturbloggen.com\/index.php?rest_route=%2Fwp%2Fv2%2Fcategories&post=143344"},{"taxonomy":"post_tag","embeddable":true,"href":"https:\/\/kulturbloggen.com\/index.php?rest_route=%2Fwp%2Fv2%2Ftags&post=143344"}],"curies":[{"name":"wp","href":"https:\/\/api.w.org\/{rel}","templated":true}]}}