{"id":143333,"date":"2021-08-21T18:55:11","date_gmt":"2021-08-21T16:55:11","guid":{"rendered":"https:\/\/kulturbloggen.com\/?p=143333"},"modified":"2021-08-21T18:55:11","modified_gmt":"2021-08-21T16:55:11","slug":"lyssna-the-confusions-black-silhouettes-the-nuclear-ghosts","status":"publish","type":"post","link":"https:\/\/kulturbloggen.com\/?p=143333","title":{"rendered":"Lyssna: The Confusions &#8211; Black Silhouettes &#8211; The Nuclear Ghosts"},"content":{"rendered":"<p><img loading=\"lazy\" decoding=\"async\" class=\"aligncenter size-full wp-image-143341\" src=\"https:\/\/kulturbloggen.com\/wp-content\/uploads\/2021\/08\/Nuclear-Ghosts-600.jpg\" alt=\"\" width=\"600\" height=\"600\" srcset=\"https:\/\/kulturbloggen.com\/wp-content\/uploads\/2021\/08\/Nuclear-Ghosts-600.jpg 600w, https:\/\/kulturbloggen.com\/wp-content\/uploads\/2021\/08\/Nuclear-Ghosts-600-300x300.jpg 300w, https:\/\/kulturbloggen.com\/wp-content\/uploads\/2021\/08\/Nuclear-Ghosts-600-150x150.jpg 150w\" sizes=\"auto, (max-width: 600px) 100vw, 600px\" \/><\/p>\n<p>The Confusions har sl\u00e4ppt albumet Black Silhouettes digitalt.<br \/>\nAlbumet plus ett album, sl\u00e4pptes f\u00f6rst p\u00e5 vinyl. Dubbelalbumet p\u00e5 vinyl &#8221;Black Silhouettes &#8211; The Nuclear Ghosts&#8221; inneh\u00e5ller 20 sp\u00e5r. Men den som lyssnar digitalt p\u00e5 Sundsvallsbandets musik kan nu lyssna p\u00e5 de tio sp\u00e5ren fr\u00e5n Black Silhouettes.<\/p>\n<p><iframe loading=\"lazy\" src=\"https:\/\/open.spotify.com\/embed\/album\/3lnpAIa91bu5n018ytxfVY\" width=\"300\" height=\"380\" frameborder=\"0\"><\/iframe><\/p>\n","protected":false},"excerpt":{"rendered":"<p>The Confusions har sl\u00e4ppt albumet Black Silhouettes digitalt. Albumet plus ett album, sl\u00e4pptes f\u00f6rst p\u00e5 vinyl. Dubbelalbumet p\u00e5 vinyl &#8221;Black Silhouettes &#8211; The Nuclear Ghosts&#8221; inneh\u00e5ller 20 sp\u00e5r. Men den som lyssnar digitalt p\u00e5 Sundsvallsbandets musik kan nu lyssna p\u00e5 de tio sp\u00e5ren fr\u00e5n Black Silhouettes.<\/p>\n","protected":false},"author":13,"featured_media":0,"comment_status":"closed","ping_status":"closed","sticky":false,"template":"","format":"standard","meta":{"_genesis_hide_title":false,"_genesis_hide_breadcrumbs":false,"_genesis_hide_singular_image":false,"_genesis_hide_footer_widgets":false,"_genesis_custom_body_class":"","_genesis_custom_post_class":"","_genesis_layout":"","footnotes":""},"categories":[7],"tags":[],"class_list":{"0":"post-143333","1":"post","2":"type-post","3":"status-publish","4":"format-standard","6":"category-musik","7":"entry"},"_links":{"self":[{"href":"https:\/\/kulturbloggen.com\/index.php?rest_route=\/wp\/v2\/posts\/143333","targetHints":{"allow":["GET"]}}],"collection":[{"href":"https:\/\/kulturbloggen.com\/index.php?rest_route=\/wp\/v2\/posts"}],"about":[{"href":"https:\/\/kulturbloggen.com\/index.php?rest_route=\/wp\/v2\/types\/post"}],"author":[{"embeddable":true,"href":"https:\/\/kulturbloggen.com\/index.php?rest_route=\/wp\/v2\/users\/13"}],"replies":[{"embeddable":true,"href":"https:\/\/kulturbloggen.com\/index.php?rest_route=%2Fwp%2Fv2%2Fcomments&post=143333"}],"version-history":[{"count":6,"href":"https:\/\/kulturbloggen.com\/index.php?rest_route=\/wp\/v2\/posts\/143333\/revisions"}],"predecessor-version":[{"id":143343,"href":"https:\/\/kulturbloggen.com\/index.php?rest_route=\/wp\/v2\/posts\/143333\/revisions\/143343"}],"wp:attachment":[{"href":"https:\/\/kulturbloggen.com\/index.php?rest_route=%2Fwp%2Fv2%2Fmedia&parent=143333"}],"wp:term":[{"taxonomy":"category","embeddable":true,"href":"https:\/\/kulturbloggen.com\/index.php?rest_route=%2Fwp%2Fv2%2Fcategories&post=143333"},{"taxonomy":"post_tag","embeddable":true,"href":"https:\/\/kulturbloggen.com\/index.php?rest_route=%2Fwp%2Fv2%2Ftags&post=143333"}],"curies":[{"name":"wp","href":"https:\/\/api.w.org\/{rel}","templated":true}]}}