{"id":14312,"date":"2009-10-28T21:43:32","date_gmt":"2009-10-28T19:43:32","guid":{"rendered":"http:\/\/kulturbloggen.com\/?p=14312"},"modified":"2009-10-28T21:43:32","modified_gmt":"2009-10-28T19:43:32","slug":"att-lasa-isabel-allendes-summan-av-dagarna-ar-som-att-sitta-och-prata-med-en-van","status":"publish","type":"post","link":"https:\/\/kulturbloggen.com\/?p=14312","title":{"rendered":"Att l\u00e4sa Isabel Allendes &#8221;Summan av dagarna&#8221; \u00e4r som att sitta och prata med en v\u00e4n"},"content":{"rendered":"<p><a href=\"http:\/\/sodergren.com\/kulturbloggen\/wp-content\/uploads\/2009\/10\/summanavdagarna.jpg\"><img loading=\"lazy\" decoding=\"async\" src=\"http:\/\/sodergren.com\/kulturbloggen\/wp-content\/uploads\/2009\/10\/summanavdagarna.jpg\" alt=\"summanavdagarna\" title=\"summanavdagarna\" width=\"224\" height=\"332\" class=\"aligncenter size-full wp-image-14018\" \/><\/a><br \/>\nAtt l\u00e4sa Isabel Allendes &#8221;Summan av dagarna&#8221; \u00e4r som att sitta och snacka i timmar med en v\u00e4ninna, eller en n\u00e4ra v\u00e4n. Boken \u00e4r sj\u00e4lvbiografisk och Isabel Allende har skrivit den som en slags samtal eller brev till sin dotter Paula, som dog s\u00e5 tragiskt i en sv\u00e5r sjukdom n\u00e5gra \u00e5r tidigare.<\/p>\n<p>Dottern Paulas d\u00f6d och allt kring det finns skildrat i boken som heter  &#8221;Paula&#8221;. Den har filmatiserats med Antonio Banderas i en av huvudrollerna. I &#8221;Summan av dagarna&#8221; ber\u00e4ttar Isabel Allende f\u00f6r Paula om allt som h\u00e4nt i familjen sedan Paulas d\u00f6d.<\/p>\n<p>Isabel Allende \u00e4r en f\u00f6rfattare som \u00e4r hyllad v\u00e4rlden runt och har miljontals l\u00e4sare sina b\u00f6cker och d\u00e4rf\u00f6r rimligen har r\u00e4tt god ekonomi. Det garanterar inte att hennes liv \u00e4r lyckligt och lugnt. Tv\u00e4rtom. <\/p>\n<p>Hon \u00e4r skiljd och har tr\u00e4ffat Willie, en amerikan som har tre vuxna barn som alla tre har drogproblem, en av dem s\u00e5 illa att hon f\u00f6rsvinner, troligen \u00e4r hon d\u00f6d. Hon f\u00e5r dock en dotter som f\u00f6ds med missbildningar och ingen v\u00e4ntar sig att den lilla ska \u00f6verleva. Isabel Allende och hennes man Willie br\u00e5kar om babyn. Isabel tycker det \u00e4r sj\u00e4lvklart att de ska adoptera henne medan Willie h\u00e5ller fast vid att de inte skulle orka eller klara det.<\/p>\n<p>Isabel Allende \u00e4r mycket \u00f6ppen och ber\u00e4ttar som om vi var v\u00e4nner. Hon har ett fl\u00f6dande spr\u00e5k, bra \u00f6ga f\u00f6r m\u00e5lande detaljer och hon ber\u00e4ttar livfullt.<\/p>\n<p>Hon har sina r\u00f6tter i Chile \u00e4ven om hon \u00e4r f\u00f6dd i Peru. Hennes f\u00f6r\u00e4ldrar var chilenare. Fadern Tom\u00e1s Allende var diplomat och kusin med Salvador Allende, Chiles folkvalde president som st\u00f6rtades av den chilenska milit\u00e4ren 1973. N\u00e5gra \u00e5r efter milit\u00e4rkuppen gick Isabel Allende i en sj\u00e4lvvald exil i Venezuela tillsammans med sina barn och sin d\u00e5varande man.<\/p>\n<p>Hennes romandebut Andarnas hus (1984) blev en stor internationell framg\u00e5ng och \u00f6versattes till 26 spr\u00e5k innan den filmatiserades med bland andra Meryl Streep, Glenn Close och Jeremy Irons i rollerna. <\/p>\n<p>Isabel Allende lever numera i Kalifornien och har blivit amerikansk medborgare. Hon har erh\u00e5llit flera litter\u00e4ra utm\u00e4rkelser f\u00f6r sitt f\u00f6rfattarskap och \u00e4r bl a hedersdoktor vid San Francisco State University.<\/p>\n<p>Hon var p\u00e5 Bokm\u00e4ssan i G\u00f6teborg nu i h\u00f6stas, 2009. Bokf\u00f6rlaget Norstedts, som s\u00e4ljer hennes b\u00f6cker i Sverige, hade som alla stora bokf\u00f6rlag en scen d\u00e4r f\u00f6rlagets f\u00f6rfattare intervjuades inf\u00f6r publik. N\u00e4r det var dags f\u00f6r Isabel Allende hade publiken satt sig d\u00e4r redan mer \u00e4n en timme i f\u00f6rv\u00e4g. N\u00e4r Isabel Allende kom ut p\u00e5 scen var det alldeles kn\u00f6kfullt \u00f6verallt kring montern och scenen. <\/p>\n<p>Jag hade som tur var varit f\u00f6rutseende och satt mig d\u00e4r en dryg timme i f\u00f6rv\u00e4g, s\u00e5 jag satt p\u00e5 f\u00f6rsta parkett n\u00e4r hon livfullt ber\u00e4ttade om sitt skrivande och sitt liv. Hon var i verkligheten som jag upplever henne n\u00e4r jag l\u00e4ser hennes b\u00f6cker.<\/p>\n<p>ISBN: 978-91-1-301859-1<\/p>\n<p><a href=\"http:\/\/boktokig.blogspot.com\/2009\/10\/summan-av-dagarna-av-isabel-allende.html\">Boktokig har bloggat om Summan av dagarna.<\/a><\/p>\n<p><a href=\"http:\/\/www.svd.se\/kulturnoje\/nyheter\/artikel_3571715.svd\">Recension i Svenska Dagbladet.<\/a><\/p>\n<p><a href=\"http:\/\/sodergren.com\/kulturbloggen\/wp-content\/uploads\/2009\/10\/fotboll-005.jpg\"><img loading=\"lazy\" decoding=\"async\" src=\"http:\/\/sodergren.com\/kulturbloggen\/wp-content\/uploads\/2009\/10\/fotboll-005-300x225.jpg\" alt=\"fotboll 005\" title=\"fotboll 005\" width=\"300\" height=\"225\" class=\"aligncenter size-medium wp-image-14317\" \/><\/a><\/p>\n<p>L\u00e4s \u00e4ven andra bloggares \u00e5sikter om <a href=\"http:\/\/bloggar.se\/om\/b%F6cker\" rel=\"tag\">b\u00f6cker<\/a>, <a href=\"http:\/\/bloggar.se\/om\/recension\" rel=\"tag\">recension<\/a>, <a href=\"http:\/\/bloggar.se\/om\/biografi\" rel=\"tag\">biografi<\/a>, <a href=\"http:\/\/bloggar.se\/om\/Chile\" rel=\"tag\">Chile<\/a>, <a href=\"http:\/\/bloggar.se\/om\/Isabel+Allende\" rel=\"tag\">Isabel Allende<\/a><\/p>\n","protected":false},"excerpt":{"rendered":"<p>Att l\u00e4sa Isabel Allendes &#8221;Summan av dagarna&#8221; \u00e4r som att sitta och snacka i timmar med en v\u00e4ninna, eller en n\u00e4ra v\u00e4n. Boken \u00e4r sj\u00e4lvbiografisk och Isabel Allende har skrivit den som en slags samtal eller brev till sin dotter Paula, som dog s\u00e5 tragiskt i en sv\u00e5r sjukdom n\u00e5gra \u00e5r tidigare. Dottern Paulas d\u00f6d [&hellip;]<\/p>\n","protected":false},"author":2,"featured_media":0,"comment_status":"open","ping_status":"open","sticky":false,"template":"","format":"standard","meta":{"_genesis_hide_title":false,"_genesis_hide_breadcrumbs":false,"_genesis_hide_singular_image":false,"_genesis_hide_footer_widgets":false,"_genesis_custom_body_class":"","_genesis_custom_post_class":"","_genesis_layout":"","footnotes":""},"categories":[43,3,16],"tags":[667,907,982,12285],"class_list":{"0":"post-14312","1":"post","2":"type-post","3":"status-publish","4":"format-standard","6":"category-bokrecension","7":"category-litteratur","8":"category-recension","9":"tag-biografi","10":"tag-bocker","11":"tag-chile","12":"tag-recension","13":"entry"},"_links":{"self":[{"href":"https:\/\/kulturbloggen.com\/index.php?rest_route=\/wp\/v2\/posts\/14312","targetHints":{"allow":["GET"]}}],"collection":[{"href":"https:\/\/kulturbloggen.com\/index.php?rest_route=\/wp\/v2\/posts"}],"about":[{"href":"https:\/\/kulturbloggen.com\/index.php?rest_route=\/wp\/v2\/types\/post"}],"author":[{"embeddable":true,"href":"https:\/\/kulturbloggen.com\/index.php?rest_route=\/wp\/v2\/users\/2"}],"replies":[{"embeddable":true,"href":"https:\/\/kulturbloggen.com\/index.php?rest_route=%2Fwp%2Fv2%2Fcomments&post=14312"}],"version-history":[{"count":0,"href":"https:\/\/kulturbloggen.com\/index.php?rest_route=\/wp\/v2\/posts\/14312\/revisions"}],"wp:attachment":[{"href":"https:\/\/kulturbloggen.com\/index.php?rest_route=%2Fwp%2Fv2%2Fmedia&parent=14312"}],"wp:term":[{"taxonomy":"category","embeddable":true,"href":"https:\/\/kulturbloggen.com\/index.php?rest_route=%2Fwp%2Fv2%2Fcategories&post=14312"},{"taxonomy":"post_tag","embeddable":true,"href":"https:\/\/kulturbloggen.com\/index.php?rest_route=%2Fwp%2Fv2%2Ftags&post=14312"}],"curies":[{"name":"wp","href":"https:\/\/api.w.org\/{rel}","templated":true}]}}