{"id":143024,"date":"2021-08-12T10:03:37","date_gmt":"2021-08-12T08:03:37","guid":{"rendered":"https:\/\/kulturbloggen.com\/?p=143024"},"modified":"2021-08-12T10:03:38","modified_gmt":"2021-08-12T08:03:38","slug":"lyssna-atmosphere-ord-side-b","status":"publish","type":"post","link":"https:\/\/kulturbloggen.com\/?p=143024","title":{"rendered":"Lyssna: Atmosphere &#8211; ord? Side B"},"content":{"rendered":"<p><img loading=\"lazy\" decoding=\"async\" class=\"aligncenter size-full wp-image-143028\" src=\"https:\/\/kulturbloggen.com\/wp-content\/uploads\/2021\/08\/unnamed-11.jpg\" alt=\"\" width=\"650\" height=\"433\" srcset=\"https:\/\/kulturbloggen.com\/wp-content\/uploads\/2021\/08\/unnamed-11.jpg 650w, https:\/\/kulturbloggen.com\/wp-content\/uploads\/2021\/08\/unnamed-11-300x200.jpg 300w\" sizes=\"auto, (max-width: 650px) 100vw, 650px\" \/><\/p>\n<p>Minneapolis-duon Atmosphere har sl\u00e4ppt maxisingeln \u201cWord? Side B\u201d och \u00e4r just nu ute p\u00e5 en omfattande USA-turn\u00e9 tillsammans med Cypress Hill. Den 8 oktober kommer albumet WORD?.<\/p>\n<p><iframe loading=\"lazy\" src=\"https:\/\/open.spotify.com\/embed\/album\/0UYcQj7qpKUhraoCX9N9bW\" width=\"300\" height=\"380\" frameborder=\"0\"><\/iframe><\/p>\n","protected":false},"excerpt":{"rendered":"<p>Minneapolis-duon Atmosphere har sl\u00e4ppt maxisingeln \u201cWord? Side B\u201d och \u00e4r just nu ute p\u00e5 en omfattande USA-turn\u00e9 tillsammans med Cypress Hill. Den 8 oktober kommer albumet WORD?.<\/p>\n","protected":false},"author":13,"featured_media":0,"comment_status":"closed","ping_status":"closed","sticky":false,"template":"","format":"standard","meta":{"_genesis_hide_title":false,"_genesis_hide_breadcrumbs":false,"_genesis_hide_singular_image":false,"_genesis_hide_footer_widgets":false,"_genesis_custom_body_class":"","_genesis_custom_post_class":"","_genesis_layout":"","footnotes":""},"categories":[7,13624],"tags":[],"class_list":{"0":"post-143024","1":"post","2":"type-post","3":"status-publish","4":"format-standard","6":"category-musik","7":"category-toppnytt","8":"entry"},"_links":{"self":[{"href":"https:\/\/kulturbloggen.com\/index.php?rest_route=\/wp\/v2\/posts\/143024","targetHints":{"allow":["GET"]}}],"collection":[{"href":"https:\/\/kulturbloggen.com\/index.php?rest_route=\/wp\/v2\/posts"}],"about":[{"href":"https:\/\/kulturbloggen.com\/index.php?rest_route=\/wp\/v2\/types\/post"}],"author":[{"embeddable":true,"href":"https:\/\/kulturbloggen.com\/index.php?rest_route=\/wp\/v2\/users\/13"}],"replies":[{"embeddable":true,"href":"https:\/\/kulturbloggen.com\/index.php?rest_route=%2Fwp%2Fv2%2Fcomments&post=143024"}],"version-history":[{"count":4,"href":"https:\/\/kulturbloggen.com\/index.php?rest_route=\/wp\/v2\/posts\/143024\/revisions"}],"predecessor-version":[{"id":143029,"href":"https:\/\/kulturbloggen.com\/index.php?rest_route=\/wp\/v2\/posts\/143024\/revisions\/143029"}],"wp:attachment":[{"href":"https:\/\/kulturbloggen.com\/index.php?rest_route=%2Fwp%2Fv2%2Fmedia&parent=143024"}],"wp:term":[{"taxonomy":"category","embeddable":true,"href":"https:\/\/kulturbloggen.com\/index.php?rest_route=%2Fwp%2Fv2%2Fcategories&post=143024"},{"taxonomy":"post_tag","embeddable":true,"href":"https:\/\/kulturbloggen.com\/index.php?rest_route=%2Fwp%2Fv2%2Ftags&post=143024"}],"curies":[{"name":"wp","href":"https:\/\/api.w.org\/{rel}","templated":true}]}}