{"id":142929,"date":"2021-08-10T11:45:18","date_gmt":"2021-08-10T09:45:18","guid":{"rendered":"https:\/\/kulturbloggen.com\/?p=142929"},"modified":"2021-08-10T11:45:19","modified_gmt":"2021-08-10T09:45:19","slug":"kronika-finns-det-nagot-hopp-att-forhindra-klimathotet-nar-svensk-lag-och-sveriges-myndigheter-inte-ens-kan-skydda-oss-mot-passiv-forgiftning-av-tobak","status":"publish","type":"post","link":"https:\/\/kulturbloggen.com\/?p=142929","title":{"rendered":"Kr\u00f6nika: Finns det n\u00e5got hopp att f\u00f6rhindra klimathotet n\u00e4r svensk lag och Sveriges myndigheter inte ens kan skydda oss mot passiv f\u00f6rgiftning av tobak?"},"content":{"rendered":"<p><img loading=\"lazy\" decoding=\"async\" class=\"aligncenter size-full wp-image-142938\" src=\"https:\/\/kulturbloggen.com\/wp-content\/uploads\/2021\/08\/tilt-4367226_1920.jpg\" alt=\"\" width=\"650\" height=\"433\" srcset=\"https:\/\/kulturbloggen.com\/wp-content\/uploads\/2021\/08\/tilt-4367226_1920.jpg 650w, https:\/\/kulturbloggen.com\/wp-content\/uploads\/2021\/08\/tilt-4367226_1920-300x200.jpg 300w\" sizes=\"auto, (max-width: 650px) 100vw, 650px\" \/><\/p>\n<p>IPCC:s brutala rapport om klimathotet \u00e4r historisk och borde vara framsidesnyhet v\u00e4rlden \u00f6ver. \u00c4nd\u00e5 tyder det mesta p\u00e5 business-as-usual. Skriver Kristofer Ahlstr\u00f6m i Dagens Nyheter. Tyv\u00e4rr g\u00e5r det ju inte att l\u00e4nka till artiklar i DN, man m\u00e5ste prenumerera f\u00f6r att l\u00e4sa deras artiklar.<\/p>\n<p>Ja det \u00e4r verkligen skr\u00e4mmande. Idag n\u00e4r denna kr\u00f6nika skrivs har det bara g\u00e5tt ett dygn sedan klimatrapporten sl\u00e4pptes och p\u00e5 hemsidan f\u00f6r SVT.se, Sveriges public service, finns inte en puff f\u00f6r en enda artikel om klimathotet och rapporten. S\u00e5 nog \u00e4r det mycket av att sticka huvudet i sanden, som en struts.<\/p>\n<p>Ja klimatet och v\u00e4dret har f\u00f6r\u00e4ndrats och varit omv\u00e4xlande genom \u00e5rtusenden. Men de f\u00f6r\u00e4ndringar som \u00e4r att v\u00e4nta nu kommer att f\u00f6r\u00e4ndra livet p\u00e5 jorden f\u00f6r m\u00e4nskligheten radikalt. De flyktingstr\u00f6mmar vi sett hittills \u00e4r ingenting i j\u00e4mf\u00f6relse n\u00e4r stora omr\u00e5den blir om\u00f6jliga att leva i f\u00f6r m\u00e4nniskor. N\u00e4r l\u00e4nder som Sverige inte ens kan ta emot de som kommit hittills p\u00e5 ett s\u00e4tt s\u00e5 att de kan komma in i samh\u00e4llet &#8211; hur ska d\u00e5 tio- kanske hundra g\u00e5nger fler kunna leva h\u00e4r? Det blir stora utmaningar. Utan tvekan.<\/p>\n<p>Kommer m\u00e4nskligheten ens att \u00f6verleva n\u00e4r isarna sm\u00e4lter och det blir \u00f6versv\u00e4mningar, eldsv\u00e5dor, extrem hetta och extrem kyla?<\/p>\n<p>Mitt i allt detta blir jag s\u00e5 ledsen och s\u00e5 uppgiven n\u00e4r jag ser mig omkring i det bostadsomr\u00e5de d\u00e4r jag bor p\u00e5 en ort som ligger v\u00e4gg i v\u00e4gg med Stockholm. M\u00e4nniskor sl\u00e4nger cigarettfimpar \u00f6verallt, vilket f\u00f6rgiftar mark och \u00e4r en fara f\u00f6r djur som stoppar fimparna i munnen. M\u00e4nniskor skr\u00e4par ner otroligt i mitt omr\u00e5de. Om soptunnan n\u00e4rmast deras l\u00e4genhet \u00e4r fylld d\u00e5 orkar de inte g\u00e5 hundra meter till n\u00e4sta soptunna utan de sl\u00e4pper sopp\u00e5sarna p\u00e5 marken och strax kommer f\u00e5glar och hackar s\u00f6nder p\u00e5sarna och soporna sprids p\u00e5 marken och lockar r\u00e5ttor i massor.<\/p>\n<p>V\u00e5rt samh\u00e4lle har inga lagar som vi kan anv\u00e4nda f\u00f6r att motverka detta.<\/p>\n<p>F\u00f6r n\u00e5gra \u00e5r sedan kom en lag som f\u00f6rbj\u00f6d cigarett-r\u00f6kning utanf\u00f6r restauranger. F\u00f6r det f\u00f6rsta \u00e4r det s\u00e4llan n\u00e5gon ens bryr sig om detta. D\u00e4r vi bor har vi tv\u00e5 restauranger, Om r\u00f6kare best\u00e4mmer sig f\u00f6r att inte r\u00f6ka vid ing\u00e5ngen till restaurangen d\u00e5 g\u00e5r de bara tjugo meter och hamnar under v\u00e5r och v\u00e5ra grannars l\u00e4genheter. S\u00e5 vi f\u00e5r tvingas andas in r\u00f6ken och f\u00e5 r\u00f6kluft i l\u00e4genheten ist\u00e4llet. Det finns ingen lag som skyddar oss mot att bli passiva r\u00f6kare.<\/p>\n<p>N\u00e4r v\u00e5rt samh\u00e4lle inte ens kan skydda oss mot cigarettr\u00f6ken och alla fimpar som sl\u00e4ngs p\u00e5 marken &#8211; och n\u00e4r m\u00e4nniskor inte ens kan ta den h\u00e4nsynen och l\u00e5ta bli att skr\u00e4pa ned och sprida sin cigarettr\u00f6k &#8211; d\u00e5 har jag inte mycket hopp om att vi kan r\u00e4dda v\u00e5r v\u00e4rld. Det finns l\u00e4nder d\u00e4r man inte f\u00e5r sl\u00e4nga fimpar p\u00e5 marken och d\u00e4r man inte f\u00e5r r\u00f6ka mer \u00e4n p\u00e5 s\u00e4rskilda r\u00f6krutor. Varf\u00f6r \u00e4r det om\u00f6jligt i Sverige att ta h\u00e4nsyn till milj\u00f6 och m\u00e4nniskor?<\/p>\n","protected":false},"excerpt":{"rendered":"<p>IPCC:s brutala rapport om klimathotet \u00e4r historisk och borde vara framsidesnyhet v\u00e4rlden \u00f6ver. \u00c4nd\u00e5 tyder det mesta p\u00e5 business-as-usual. Skriver Kristofer Ahlstr\u00f6m i Dagens Nyheter. Tyv\u00e4rr g\u00e5r det ju inte att l\u00e4nka till artiklar i DN, man m\u00e5ste prenumerera f\u00f6r att l\u00e4sa deras artiklar. Ja det \u00e4r verkligen skr\u00e4mmande. Idag n\u00e4r denna kr\u00f6nika skrivs har [&hellip;]<\/p>\n","protected":false},"author":2,"featured_media":0,"comment_status":"closed","ping_status":"closed","sticky":false,"template":"","format":"standard","meta":{"_genesis_hide_title":false,"_genesis_hide_breadcrumbs":false,"_genesis_hide_singular_image":false,"_genesis_hide_footer_widgets":false,"_genesis_custom_body_class":"","_genesis_custom_post_class":"","_genesis_layout":"","footnotes":""},"categories":[44,13624],"tags":[],"class_list":{"0":"post-142929","1":"post","2":"type-post","3":"status-publish","4":"format-standard","6":"category-chadie","7":"category-toppnytt","8":"entry"},"_links":{"self":[{"href":"https:\/\/kulturbloggen.com\/index.php?rest_route=\/wp\/v2\/posts\/142929","targetHints":{"allow":["GET"]}}],"collection":[{"href":"https:\/\/kulturbloggen.com\/index.php?rest_route=\/wp\/v2\/posts"}],"about":[{"href":"https:\/\/kulturbloggen.com\/index.php?rest_route=\/wp\/v2\/types\/post"}],"author":[{"embeddable":true,"href":"https:\/\/kulturbloggen.com\/index.php?rest_route=\/wp\/v2\/users\/2"}],"replies":[{"embeddable":true,"href":"https:\/\/kulturbloggen.com\/index.php?rest_route=%2Fwp%2Fv2%2Fcomments&post=142929"}],"version-history":[{"count":8,"href":"https:\/\/kulturbloggen.com\/index.php?rest_route=\/wp\/v2\/posts\/142929\/revisions"}],"predecessor-version":[{"id":142940,"href":"https:\/\/kulturbloggen.com\/index.php?rest_route=\/wp\/v2\/posts\/142929\/revisions\/142940"}],"wp:attachment":[{"href":"https:\/\/kulturbloggen.com\/index.php?rest_route=%2Fwp%2Fv2%2Fmedia&parent=142929"}],"wp:term":[{"taxonomy":"category","embeddable":true,"href":"https:\/\/kulturbloggen.com\/index.php?rest_route=%2Fwp%2Fv2%2Fcategories&post=142929"},{"taxonomy":"post_tag","embeddable":true,"href":"https:\/\/kulturbloggen.com\/index.php?rest_route=%2Fwp%2Fv2%2Ftags&post=142929"}],"curies":[{"name":"wp","href":"https:\/\/api.w.org\/{rel}","templated":true}]}}