{"id":14265,"date":"2009-10-27T12:59:42","date_gmt":"2009-10-27T10:59:42","guid":{"rendered":"http:\/\/kulturbloggen.com\/?p=14265"},"modified":"2009-10-27T12:59:42","modified_gmt":"2009-10-27T10:59:42","slug":"elisabeth-taylor-twittrar-michael-jackson-filmen-kommer-att-bli-oscarnominerad","status":"publish","type":"post","link":"https:\/\/kulturbloggen.com\/?p=14265","title":{"rendered":"Elisabeth Taylor twittrar: Michael Jackson-filmen kommer att bli Oscarnominerad"},"content":{"rendered":"<p><a href=\"http:\/\/sodergren.com\/kulturbloggen\/wp-content\/uploads\/2009\/09\/thisisit_large.jpg\"><img loading=\"lazy\" decoding=\"async\" src=\"http:\/\/sodergren.com\/kulturbloggen\/wp-content\/uploads\/2009\/09\/thisisit_large.jpg\" alt=\"thisisit_large\" title=\"thisisit_large\" width=\"269\" height=\"270\" class=\"aligncenter size-full wp-image-13127\" \/><\/a><br \/>\nI truly believe this film should be nominated in every category conceivable.<br \/>\nSkriver Michael Jacksons goda v\u00e4n <a href=\"http:\/\/twitter.com\/DameElizabeth\">Elizabeth Taylor p\u00e5 Twitte<\/a>r om filmen &#8221;This is it&#8221;, filmen om Michael Jackson som har premi\u00e4r onsdag 28 oktober.<br \/>\nTaylor har f\u00f6rst\u00e5s f\u00e5tt se en f\u00f6rhandsvisning av filmen som har premi\u00e4r samma dag som popkungen skulle haft premi\u00e4r f\u00f6r sina konserter i London.<\/p>\n<p>Relaterat: <a href=\" http:\/\/www.vg.no\/musikk\/michael-jackson\/artikkel.php?artid=575930\">Verdens Gang<\/a> och <a href=\"http:\/\/www.svd.se\/nyheter\/inrikes\/artikel_3719397.svd\">Svenska Dagblade<\/a>t.<\/p>\n<p>L\u00e4s \u00e4ven andra bloggares \u00e5sikter om <a href=\"http:\/\/bloggar.se\/om\/film\" rel=\"tag\">film<\/a>, <a href=\"http:\/\/bloggar.se\/om\/twitter\" rel=\"tag\">twitter<\/a>, <a href=\"http:\/\/bloggar.se\/om\/Michael+Jackson\" rel=\"tag\">Michael Jackson<\/a>, <a href=\"http:\/\/bloggar.se\/om\/Elizabeth+Taylor\" rel=\"tag\">Elizabeth Taylor<\/a>, <a href=\"http:\/\/bloggar.se\/om\/This+is+it\" rel=\"tag\">This is it<\/a><\/p>\n","protected":false},"excerpt":{"rendered":"<p>I truly believe this film should be nominated in every category conceivable. Skriver Michael Jacksons goda v\u00e4n Elizabeth Taylor p\u00e5 Twitter om filmen &#8221;This is it&#8221;, filmen om Michael Jackson som har premi\u00e4r onsdag 28 oktober. Taylor har f\u00f6rst\u00e5s f\u00e5tt se en f\u00f6rhandsvisning av filmen som har premi\u00e4r samma dag som popkungen skulle haft premi\u00e4r [&hellip;]<\/p>\n","protected":false},"author":13,"featured_media":0,"comment_status":"open","ping_status":"open","sticky":false,"template":"","format":"standard","meta":{"_genesis_hide_title":false,"_genesis_hide_breadcrumbs":false,"_genesis_hide_singular_image":false,"_genesis_hide_footer_widgets":false,"_genesis_custom_body_class":"","_genesis_custom_post_class":"","_genesis_layout":"","footnotes":""},"categories":[20],"tags":[12286,6045],"class_list":{"0":"post-14265","1":"post","2":"type-post","3":"status-publish","4":"format-standard","6":"category-film","7":"tag-film","8":"tag-twitter","9":"entry"},"_links":{"self":[{"href":"https:\/\/kulturbloggen.com\/index.php?rest_route=\/wp\/v2\/posts\/14265","targetHints":{"allow":["GET"]}}],"collection":[{"href":"https:\/\/kulturbloggen.com\/index.php?rest_route=\/wp\/v2\/posts"}],"about":[{"href":"https:\/\/kulturbloggen.com\/index.php?rest_route=\/wp\/v2\/types\/post"}],"author":[{"embeddable":true,"href":"https:\/\/kulturbloggen.com\/index.php?rest_route=\/wp\/v2\/users\/13"}],"replies":[{"embeddable":true,"href":"https:\/\/kulturbloggen.com\/index.php?rest_route=%2Fwp%2Fv2%2Fcomments&post=14265"}],"version-history":[{"count":0,"href":"https:\/\/kulturbloggen.com\/index.php?rest_route=\/wp\/v2\/posts\/14265\/revisions"}],"wp:attachment":[{"href":"https:\/\/kulturbloggen.com\/index.php?rest_route=%2Fwp%2Fv2%2Fmedia&parent=14265"}],"wp:term":[{"taxonomy":"category","embeddable":true,"href":"https:\/\/kulturbloggen.com\/index.php?rest_route=%2Fwp%2Fv2%2Fcategories&post=14265"},{"taxonomy":"post_tag","embeddable":true,"href":"https:\/\/kulturbloggen.com\/index.php?rest_route=%2Fwp%2Fv2%2Ftags&post=14265"}],"curies":[{"name":"wp","href":"https:\/\/api.w.org\/{rel}","templated":true}]}}