{"id":142519,"date":"2021-07-27T10:29:31","date_gmt":"2021-07-27T08:29:31","guid":{"rendered":"https:\/\/kulturbloggen.com\/?p=142519"},"modified":"2021-07-27T15:47:12","modified_gmt":"2021-07-27T13:47:12","slug":"kronika-kulturen-kan-vara-var-enda-raddning","status":"publish","type":"post","link":"https:\/\/kulturbloggen.com\/?p=142519","title":{"rendered":"Kr\u00f6nika: Kulturen kan vara v\u00e5r enda r\u00e4ddning"},"content":{"rendered":"<p><img decoding=\"async\" class=\"aligncenter size-full wp-image-142369\" src=\"https:\/\/kulturbloggen.com\/wp-content\/uploads\/2021\/07\/kimono-1822520_1920.jpg\"><\/p>\n<p>Glaci\u00e4rerna sm\u00e4lter. <a href=\"https:\/\/www.su.se\/nyheter\/kebnekaises-sydtopp-forts\u00e4tter-att-sm\u00e4lta-1.520263\">Forskare har visat<\/a> att p\u00e5 exempel Sveriges h\u00f6gsta berg Kebnekajse har glaci\u00e4ren p\u00e5 Kebnekaises sydtopp sm\u00e4lt s\u00e5 mycket att skiftet av Sveriges h\u00f6gsta punkt best\u00e5r. Sydtoppen \u00e4r nu 2096 meter h\u00f6g mot nordtoppens 2096,8 meter. Att glaci\u00e4rer sm\u00e4lter p\u00e5verkar klimatet. <a href=\"https:\/\/ec.europa.eu\/clima\/change\/consequences_sv\">Forskare fr\u00e5n EU sl\u00e5r fast:<\/a><br \/>\nN\u00e4r vatten v\u00e4rms upp utvidgas det. Den globala uppv\u00e4rmningen medf\u00f6r ocks\u00e5 att glaci\u00e4rer och polarisar sm\u00e4lter. Kombinationen g\u00f6r att havsniv\u00e5n h\u00f6js, vilket i sin tur leder till \u00f6versv\u00e4mningar och erosion av kustomr\u00e5den och l\u00e5gl\u00e4nta omr\u00e5den.<\/p>\n<p>Det \u00e4r m\u00e5nga rapporter fr\u00e5n olika delar av v\u00e4rlden nu om stora klimatf\u00f6r\u00e4ndringar som \u00f6versv\u00e4mningar, br\u00e4nder, \u00f6verg\u00f6dning som ger algblomning med mera, med mera.<\/p>\n<p>Men hur kan vi stoppa detta? Dels finns det gigantiska ekonomiska intressen av att inte minska koldioxidutsl\u00e4ppen. det finns starka ekonomiska intressen av att forts\u00e4tta h\u00f6ja el-f\u00f6rbrukning och kommersialiseringen i h\u00f6g takt.<\/p>\n<p>Jag kan bli v\u00e4ldigt modf\u00e4lld n\u00e4r jag ser hur m\u00e4nniskor d\u00e4r jag bor i sitt vardagsliv tar det som naturligt att peppra marken med fimpar, \u00e4ven d\u00e4r sm\u00e5barn kan tulta omkring och stoppa fimpar i munnen. Att hundvalpar kan \u00e4ta fimparna och bli sjuka, det verkar de inte bry sig om alls. Det tycks inte finnas n\u00e5gon medk\u00e4nsla fr\u00e5n dessa nedskr\u00e4pande personer med andra levande varelser som hundvalpar. Till och med i hundrastg\u00e5rdarna ser jag hur m\u00e5nga str\u00f6r fimpar p\u00e5 marken. Att det kan vara s\u00e5 fruktansv\u00e4rt sv\u00e5rt att g\u00e5 femtiofem meter till den stora soptunnan och sl\u00e4nga fimpen?<\/p>\n<p>Kanske bor jag i ett omr\u00e5de d\u00e4r m\u00e4nniskor \u00e4r mer skr\u00e4piga \u00e4n p\u00e5 andra platser? Jag vet inte. Men glas-splitter sl\u00e4ngs dagligen p\u00e5 promenadstigarna. Folk k\u00f6r med bilar p\u00e5 g\u00e5ngv\u00e4garna f\u00f6r de inte orkar f\u00e5 200 meter, de st\u00e5r med motorn p\u00e5 tomg\u00e5ngsk\u00f6rning och f\u00f6rpestar luften och det ligger skr\u00e4p \u00f6verallt. Dessutom h\u00e5ller stora g\u00e4ng p\u00e5 och spelar fotboll, r\u00f6ker och dricker \u00f6l och skr\u00e4par ner p\u00e5 lekplatsen p\u00e5 omr\u00e5dets dagis p\u00e5 kv\u00e4llarna.<\/p>\n<p>Kring de tv\u00e5 restaurangerna i omr\u00e5det parkerar matg\u00e4ster helvilt p\u00e5 trottoaren eftersom de tycker det \u00e4r f\u00f6r l\u00e5ngt att g\u00e5 femtio meter fr\u00e5n parkeringsplatserna. Att deras bildar d\u00e4rmed hindrar m\u00e4nniskor med rullator eller rullstolar att ta sig f\u00f6rbi struntar de uppenbarligen i.<\/p>\n<p>F\u00f6r att inte tala om att samh\u00e4llet till\u00e5ter att g\u00f6ra omgivningen till passiva r\u00f6kare. Eftersom det \u00e4r r\u00f6kf\u00f6rbud vid entr\u00e9er till restauranger g\u00e5r matg\u00e4ster tjugo meter till bostadshusen d\u00e4r vi sommartid inte kan anv\u00e4nda v\u00e5r balkong utan att tvingas andas in tobaksluften.<\/p>\n<p>Vad \u00e4r det som g\u00f6r att m\u00e4nniskor inte bryr sig om att h\u00e5lla rent och fr\u00e4scht i sin n\u00e4rmaste omgivningen? Vad \u00e4r det som g\u00f6der denna brist p\u00e5 medk\u00e4nsla med andra m\u00e4nniskor, denna brist p\u00e5 fantasi nog f\u00f6r att s\u00e4tta sig in i hur andra m\u00e4nniskor och varelser har det?<\/p>\n<p>Jag tror att det enda som kan f\u00e5 m\u00e4nniskor att bry sig om konsekvenserna av n\u00e4r de f\u00f6rst\u00f6r \u00e4r att se att vi alla \u00e4r en del av samma helhet. Vi \u00e4r alla beroende av varandra, vi andas alla samma luft, vi \u00e4r alla uppbyggda av samma sorts grundelement. F\u00f6rst n\u00e4r vi f\u00f6rst\u00e5r detta, f\u00f6rst n\u00e4r vi ser hur vi alla h\u00f6r ihop och har medk\u00e4nsla med varandra &#8211; d\u00e5 kommer m\u00e4nniskor att sluta f\u00f6rst\u00f6ra f\u00f6r helheten. Det g\u00e4ller b\u00e5de i v\u00e5r n\u00e4rmilj\u00f6n och i de stora globala perspektiven.<\/p>\n<p>Hur kan m\u00e4nniskor komma till insikt? Jag tror att kultur \u00e4r den starkaste metoden vi har f\u00f6r detta. Genom att vi i ber\u00e4ttelser i b\u00e5de film, litteratur, usik, teater, tv-serier och myter m\u00f6ter andra varelser och m\u00e4nniskor, n\u00e4r vi b\u00f6rjar f\u00f6rst\u00e5 och acceptera varandra &#8211; d\u00e5 kan vi f\u00f6r\u00e4ndra milj\u00f6n.<\/p>\n<p>Kultur \u00e4r alla v\u00e5ra ber\u00e4ttelser &#8211; b\u00e5de de som f\u00f6rmedlas i religi\u00f6sa urkunder och i v\u00e5ra filmer, b\u00f6cker och n\u00e4r vi ber\u00e4ttar f\u00f6r varandra. V\u00e4rlden och m\u00e4nniskor beh\u00f6ver er kultur. Kulturen kan vara v\u00e5r enda r\u00e4ddning.<\/p>\n","protected":false},"excerpt":{"rendered":"<p>Glaci\u00e4rerna sm\u00e4lter. Forskare har visat att p\u00e5 exempel Sveriges h\u00f6gsta berg Kebnekajse har glaci\u00e4ren p\u00e5 Kebnekaises sydtopp sm\u00e4lt s\u00e5 mycket att skiftet av Sveriges h\u00f6gsta punkt best\u00e5r. Sydtoppen \u00e4r nu 2096 meter h\u00f6g mot nordtoppens 2096,8 meter. Att glaci\u00e4rer sm\u00e4lter p\u00e5verkar klimatet. Forskare fr\u00e5n EU sl\u00e5r fast: N\u00e4r vatten v\u00e4rms upp utvidgas det. Den globala [&hellip;]<\/p>\n","protected":false},"author":2,"featured_media":142539,"comment_status":"closed","ping_status":"closed","sticky":false,"template":"","format":"standard","meta":{"_genesis_hide_title":false,"_genesis_hide_breadcrumbs":false,"_genesis_hide_singular_image":false,"_genesis_hide_footer_widgets":false,"_genesis_custom_body_class":"","_genesis_custom_post_class":"","_genesis_layout":"","footnotes":""},"categories":[44,62,13624],"tags":[],"class_list":{"0":"post-142519","1":"post","2":"type-post","3":"status-publish","4":"format-standard","5":"has-post-thumbnail","7":"category-chadie","8":"category-medie-och-kulturpolitik","9":"category-toppnytt","10":"entry"},"_links":{"self":[{"href":"https:\/\/kulturbloggen.com\/index.php?rest_route=\/wp\/v2\/posts\/142519","targetHints":{"allow":["GET"]}}],"collection":[{"href":"https:\/\/kulturbloggen.com\/index.php?rest_route=\/wp\/v2\/posts"}],"about":[{"href":"https:\/\/kulturbloggen.com\/index.php?rest_route=\/wp\/v2\/types\/post"}],"author":[{"embeddable":true,"href":"https:\/\/kulturbloggen.com\/index.php?rest_route=\/wp\/v2\/users\/2"}],"replies":[{"embeddable":true,"href":"https:\/\/kulturbloggen.com\/index.php?rest_route=%2Fwp%2Fv2%2Fcomments&post=142519"}],"version-history":[{"count":20,"href":"https:\/\/kulturbloggen.com\/index.php?rest_route=\/wp\/v2\/posts\/142519\/revisions"}],"predecessor-version":[{"id":142542,"href":"https:\/\/kulturbloggen.com\/index.php?rest_route=\/wp\/v2\/posts\/142519\/revisions\/142542"}],"wp:featuredmedia":[{"embeddable":true,"href":"https:\/\/kulturbloggen.com\/index.php?rest_route=\/wp\/v2\/media\/142539"}],"wp:attachment":[{"href":"https:\/\/kulturbloggen.com\/index.php?rest_route=%2Fwp%2Fv2%2Fmedia&parent=142519"}],"wp:term":[{"taxonomy":"category","embeddable":true,"href":"https:\/\/kulturbloggen.com\/index.php?rest_route=%2Fwp%2Fv2%2Fcategories&post=142519"},{"taxonomy":"post_tag","embeddable":true,"href":"https:\/\/kulturbloggen.com\/index.php?rest_route=%2Fwp%2Fv2%2Ftags&post=142519"}],"curies":[{"name":"wp","href":"https:\/\/api.w.org\/{rel}","templated":true}]}}