{"id":142456,"date":"2021-07-23T15:28:08","date_gmt":"2021-07-23T13:28:08","guid":{"rendered":"https:\/\/kulturbloggen.com\/?p=142456"},"modified":"2021-07-23T15:28:10","modified_gmt":"2021-07-23T13:28:10","slug":"lyssna-smith-thells-nya-album-acoustic-in-isby","status":"publish","type":"post","link":"https:\/\/kulturbloggen.com\/?p=142456","title":{"rendered":"Lyssna: Smith &#038; Thells nya album Acoustic In Isby"},"content":{"rendered":"\n<figure class=\"wp-block-image size-full is-resized\"><img loading=\"lazy\" decoding=\"async\" src=\"https:\/\/kulturbloggen.com\/wp-content\/uploads\/2021\/07\/unnamed-39.jpg\" alt=\"\" class=\"wp-image-142464\" width=\"566\" height=\"566\" srcset=\"https:\/\/kulturbloggen.com\/wp-content\/uploads\/2021\/07\/unnamed-39.jpg 650w, https:\/\/kulturbloggen.com\/wp-content\/uploads\/2021\/07\/unnamed-39-300x300.jpg 300w, https:\/\/kulturbloggen.com\/wp-content\/uploads\/2021\/07\/unnamed-39-150x150.jpg 150w\" sizes=\"auto, (max-width: 566px) 100vw, 566px\" \/><\/figure>\n\n\n<p>Smith &amp; Thell har sl\u00e4ppt sitt nya album Acoustic In Isby.<\/p>\n<p>Ett pressmeddelande ber\u00e4ttar:<br>\nSmith &amp; Thells andra album Pixie&#8217;s Parasol sl\u00e4pptes i februari, med inte mindre \u00e4n FEM hitsinglar. Det senaste sp\u00e5ret Nangilima v\u00e4xer fortfarande p\u00e5 svensk radio, p\u00e5 v\u00e4g mot Topp10, och nyss gick den in p\u00e5 Svensktoppen.<\/p>\n<p>I b\u00f6rjan av \u00e5ret tog Maria Smith och Victor Thell sitt turn\u00e9band till studion Isby Recording ute p\u00e5 den svenska landsbygden d\u00e4r de spelade nya versioner av l\u00e5tar fr\u00e5n Pixie&#8217;s Parasol plus tre l\u00e5tar fr\u00e5n deras f\u00f6rsta album Soulprints.<\/p>\n<p>&#8221;Vi har l\u00e4nge velat spela in den h\u00e4r skivan som vi \u00e5ker p\u00e5 turn\u00e9 med i sommar. En s\u00e5n d\u00e4r skiva som inte bryr sig om att intron \u00e4r lite l\u00e5nga eller att gitarren inte var perfekt st\u00e4md. En skiva som man lyssnar p\u00e5 i gr\u00e4set en slumrig sommardag. Men vi t\u00e4nkte att &#8217;det g\u00f6r vi sen, vi hinner inte nu.<br>\nMen v\u00e4rlden liksom lugnade ner sig s\u00e5 gjorde vi det ocks\u00e5. Vi \u00e5kte iv\u00e4g i en vecka till en studio som heter Isby, f\u00f6rmodligen den mysigaste studion i den minsta lilla byn man kan hitta.&#8221;<\/p>\n<p>&#8221;Med denna skiva s\u00e5 vill vi ge utrymme till texterna som vi l\u00e4gger mycket k\u00e4rlek och tid p\u00e5, och ge plats f\u00f6r v\u00e5rt fantastiska band. Vi sj\u00e4lva har beh\u00f6vt skruva ner tempot i livet och med den h\u00e4r skivan vill vi ge lite lugn och ro och n\u00e5gra tr\u00f6stande ord p\u00e5 v\u00e4gen till den som beh\u00f6ver det. Detta \u00e4r v\u00e5r roadtrip-meditations-platta.&#8221;<\/p>\n<p>TV i sommar:<br>\n14\/7 SVT Victoriadagen<br>\n22\/7 TV2 Norge Alls\u00e5ng p\u00e5 Grensen<br>\n10\/8 SVT Alls\u00e5ng p\u00e5 Skansen<\/p>\n<p>Acoustic In Isby<\/p>\n<p><iframe loading=\"lazy\" src=\"https:\/\/open.spotify.com\/embed\/album\/7HoHT1UuvYmRwXZiAPm71R\" width=\"300\" height=\"380\" frameborder=\"0\" allowtransparency=\"true\" allow=\"encrypted-media\"><\/iframe><\/p>","protected":false},"excerpt":{"rendered":"<p>Smith &amp; Thell har sl\u00e4ppt sitt nya album Acoustic In Isby. Ett pressmeddelande ber\u00e4ttar: Smith &amp; Thells andra album Pixie&#8217;s Parasol sl\u00e4pptes i februari, med inte mindre \u00e4n FEM hitsinglar. Det senaste sp\u00e5ret Nangilima v\u00e4xer fortfarande p\u00e5 svensk radio, p\u00e5 v\u00e4g mot Topp10, och nyss gick den in p\u00e5 Svensktoppen. I b\u00f6rjan av \u00e5ret tog [&hellip;]<\/p>\n","protected":false},"author":13,"featured_media":0,"comment_status":"closed","ping_status":"closed","sticky":false,"template":"","format":"standard","meta":{"_genesis_hide_title":false,"_genesis_hide_breadcrumbs":false,"_genesis_hide_singular_image":false,"_genesis_hide_footer_widgets":false,"_genesis_custom_body_class":"","_genesis_custom_post_class":"","_genesis_layout":"","footnotes":""},"categories":[7,13624],"tags":[],"class_list":{"0":"post-142456","1":"post","2":"type-post","3":"status-publish","4":"format-standard","6":"category-musik","7":"category-toppnytt","8":"entry"},"_links":{"self":[{"href":"https:\/\/kulturbloggen.com\/index.php?rest_route=\/wp\/v2\/posts\/142456","targetHints":{"allow":["GET"]}}],"collection":[{"href":"https:\/\/kulturbloggen.com\/index.php?rest_route=\/wp\/v2\/posts"}],"about":[{"href":"https:\/\/kulturbloggen.com\/index.php?rest_route=\/wp\/v2\/types\/post"}],"author":[{"embeddable":true,"href":"https:\/\/kulturbloggen.com\/index.php?rest_route=\/wp\/v2\/users\/13"}],"replies":[{"embeddable":true,"href":"https:\/\/kulturbloggen.com\/index.php?rest_route=%2Fwp%2Fv2%2Fcomments&post=142456"}],"version-history":[{"count":8,"href":"https:\/\/kulturbloggen.com\/index.php?rest_route=\/wp\/v2\/posts\/142456\/revisions"}],"predecessor-version":[{"id":142466,"href":"https:\/\/kulturbloggen.com\/index.php?rest_route=\/wp\/v2\/posts\/142456\/revisions\/142466"}],"wp:attachment":[{"href":"https:\/\/kulturbloggen.com\/index.php?rest_route=%2Fwp%2Fv2%2Fmedia&parent=142456"}],"wp:term":[{"taxonomy":"category","embeddable":true,"href":"https:\/\/kulturbloggen.com\/index.php?rest_route=%2Fwp%2Fv2%2Fcategories&post=142456"},{"taxonomy":"post_tag","embeddable":true,"href":"https:\/\/kulturbloggen.com\/index.php?rest_route=%2Fwp%2Fv2%2Ftags&post=142456"}],"curies":[{"name":"wp","href":"https:\/\/api.w.org\/{rel}","templated":true}]}}