{"id":14230,"date":"2009-10-26T10:21:57","date_gmt":"2009-10-26T08:21:57","guid":{"rendered":"http:\/\/kulturbloggen.com\/?p=14230"},"modified":"2009-10-26T10:21:57","modified_gmt":"2009-10-26T08:21:57","slug":"kina-har-avrattat-fyra-av-tibetanerna-fran-demonstrationerna-forra-aret","status":"publish","type":"post","link":"https:\/\/kulturbloggen.com\/?p=14230","title":{"rendered":"Kina har avr\u00e4ttat fyra av tibetanerna fr\u00e5n demonstrationerna f\u00f6rra \u00e5ret"},"content":{"rendered":"<p><a href=\"http:\/\/sodergren.com\/kulturbloggen\/wp-content\/uploads\/2009\/10\/tibet.jpg\"><img loading=\"lazy\" decoding=\"async\" src=\"http:\/\/sodergren.com\/kulturbloggen\/wp-content\/uploads\/2009\/10\/tibet.jpg\" alt=\"tibet\" title=\"tibet\" width=\"300\" height=\"200\" class=\"aligncenter size-full wp-image-14231\" \/><\/a><br \/>\nDet finns inte ord f\u00f6r det. En stat som avr\u00e4ttar m\u00e4nniskor som demonstrerar f\u00f6r sina r\u00e4ttigheter borde inte vara med i FN.<\/p>\n<p><a href=\"http:\/\/www.tchrd.org\/press\/2009\/pr20091022.html\">Tibetan Centre for human rights and democracy rapporterar att fyra tibetaner avr\u00e4ttas av kinesiska r\u00e4ttsv\u00e4sendet<\/a>:<\/p>\n<blockquote><p>The Tibetan Centre for Human Rights and Democracy (TCHRD) has received confirmed information from reliable sources that Lobsang Gyaltsen, Loyak, Penkyi and an unnamed Tibetan were executed on Tuesday, 20 October 2009 under the supervision of the Lhasa Municipality Intermediate People\u2019s Court for their alleged involvement in last year\u2019s mass protest in the Tibetan capital. Further information is awaited. No information on their execution was reported anywhere in the Chinese state media.\n<\/p><\/blockquote>\n<p>Diktatorer och fascistiska regimer har ett k\u00e4nnetecken: de har ingen fri press, ingen \u00f6ppen diskussion i medier.<br \/>\nOch som sagt: \u00e4nnu ingen rapport i de kinesiska medierna om vad de gjort.<br \/>\nDet betyder f\u00f6rst\u00e5s att de innerst inne har d\u00e5ligt samvete, de vet att de g\u00f6r fel.<\/p>\n<p>De kan troligen inte se sig sj\u00e4lva i spegeln.<\/p>\n<p><a href=\"http:\/\/www.dn.se\/nyheter\/varlden\/tibetanska-upprorsman-avrattade-1.982170\">Dagens Nyheter rapporterar ocks\u00e5 om avr\u00e4ttningarna:<\/a><\/p>\n<blockquote><p>Enligt tibetanska exilgrupper har fyra av de tibetaner som f\u00e4ngslades efter upproren i Lhasa f\u00f6rra \u00e5ret avr\u00e4ttats. Statlig media i Kina har dock \u00e4nnu inte kommit ut med n\u00e5gon officiell bekr\u00e4ftelse p\u00e5 avr\u00e4ttningarna.<br \/>\n&#8230;<br \/>\nProtesterna \u00e4gde rum i Tibets huvudstad Lhasa i mars i f\u00f6rra \u00e5ret och spred sig \u00f6ver hela regionen. De kr\u00e4vde d\u00f6dsoffer, men tibetanska och kinesiska k\u00e4llor \u00e5terger mycket olika uppgifter om hur m\u00e5nga.\n<\/p><\/blockquote>\n<p>L\u00e4s \u00e4ven andra bloggares \u00e5sikter om <a href=\"http:\/\/bloggar.se\/om\/Tibet\" rel=\"tag\">Tibet<\/a>, <a href=\"http:\/\/bloggar.se\/om\/Kina\" rel=\"tag\">Kina<\/a>, <a href=\"http:\/\/bloggar.se\/om\/m%E4nskliga+r%E4ttigheter\" rel=\"tag\">m\u00e4nskliga r\u00e4ttigheter<\/a><\/p>\n","protected":false},"excerpt":{"rendered":"<p>Det finns inte ord f\u00f6r det. En stat som avr\u00e4ttar m\u00e4nniskor som demonstrerar f\u00f6r sina r\u00e4ttigheter borde inte vara med i FN. Tibetan Centre for human rights and democracy rapporterar att fyra tibetaner avr\u00e4ttas av kinesiska r\u00e4ttsv\u00e4sendet: The Tibetan Centre for Human Rights and Democracy (TCHRD) has received confirmed information from reliable sources that Lobsang [&hellip;]<\/p>\n","protected":false},"author":2,"featured_media":0,"comment_status":"open","ping_status":"open","sticky":false,"template":"","format":"standard","meta":{"_genesis_hide_title":false,"_genesis_hide_breadcrumbs":false,"_genesis_hide_singular_image":false,"_genesis_hide_footer_widgets":false,"_genesis_custom_body_class":"","_genesis_custom_post_class":"","_genesis_layout":"","footnotes":""},"categories":[20],"tags":[2921,3897,5851],"class_list":{"0":"post-14230","1":"post","2":"type-post","3":"status-publish","4":"format-standard","6":"category-film","7":"tag-kina","8":"tag-manskliga-rattigheter","9":"tag-tibet","10":"entry"},"_links":{"self":[{"href":"https:\/\/kulturbloggen.com\/index.php?rest_route=\/wp\/v2\/posts\/14230","targetHints":{"allow":["GET"]}}],"collection":[{"href":"https:\/\/kulturbloggen.com\/index.php?rest_route=\/wp\/v2\/posts"}],"about":[{"href":"https:\/\/kulturbloggen.com\/index.php?rest_route=\/wp\/v2\/types\/post"}],"author":[{"embeddable":true,"href":"https:\/\/kulturbloggen.com\/index.php?rest_route=\/wp\/v2\/users\/2"}],"replies":[{"embeddable":true,"href":"https:\/\/kulturbloggen.com\/index.php?rest_route=%2Fwp%2Fv2%2Fcomments&post=14230"}],"version-history":[{"count":0,"href":"https:\/\/kulturbloggen.com\/index.php?rest_route=\/wp\/v2\/posts\/14230\/revisions"}],"wp:attachment":[{"href":"https:\/\/kulturbloggen.com\/index.php?rest_route=%2Fwp%2Fv2%2Fmedia&parent=14230"}],"wp:term":[{"taxonomy":"category","embeddable":true,"href":"https:\/\/kulturbloggen.com\/index.php?rest_route=%2Fwp%2Fv2%2Fcategories&post=14230"},{"taxonomy":"post_tag","embeddable":true,"href":"https:\/\/kulturbloggen.com\/index.php?rest_route=%2Fwp%2Fv2%2Ftags&post=14230"}],"curies":[{"name":"wp","href":"https:\/\/api.w.org\/{rel}","templated":true}]}}