{"id":1423,"date":"2008-09-06T10:41:05","date_gmt":"2008-09-06T10:41:05","guid":{"rendered":"http:\/\/kulturbloggen.com\/?p=1423"},"modified":"2008-09-06T10:41:05","modified_gmt":"2008-09-06T10:41:05","slug":"bloggarna-pa-vag-ga-in-i-fallan-och-bli-styrda-av-bonniers","status":"publish","type":"post","link":"https:\/\/kulturbloggen.com\/?p=1423","title":{"rendered":"Bonniers f\u00f6rs\u00f6ker verkligen ta greppet \u00f6ver bloggarna"},"content":{"rendered":"<p><a href=\"http:\/\/sodergren.com\/kulturbloggen\/wp-content\/uploads\/2008\/09\/neewsmill260.jpg\"><img loading=\"lazy\" decoding=\"async\" class=\"alignright size-full wp-image-1422\" title=\"neewsmill260\" src=\"http:\/\/sodergren.com\/kulturbloggen\/wp-content\/uploads\/2008\/09\/neewsmill260.jpg\" alt=\"\" width=\"260\" height=\"150\" \/><\/a>Bonnier som fram till nu har \u00e4gt och styrt den svenska debatten har tagit klivet att f\u00f6rs\u00f6ka styra bloggarna. Newsmill \u00e4r ett v\u00e4l f\u00f6rpackat s\u00e5dant f\u00f6rs\u00f6k. Sj\u00e4lvklart.<\/p>\n<p>T\u00e4nk sj\u00e4lva: Bonniers\u00e4gda DN:s debattsida \u00e4r den debattsida som sm\u00e4ller h\u00f6gst bland pressavdelningarna hos landets opinionsbildande organisationer och f\u00f6reningar. En presschef som lyckas placera sin arbetsgivares artikel hos DN Debatt har gjort ett bra dagsarbete.<\/p>\n<p>S\u00e5 har nu regeringen inf\u00f6r en FRA-lag. Vem startade oppositionen mot den? Inte n\u00e5gon artikel p\u00e5 DN Debatt i alla fall.<\/p>\n<p>Det var bloggarna som tillsammans skrev och skrev och l\u00e4nkade till varandra och tryckte p\u00e5. Sedan vaknade medierna.<\/p>\n<p>Det \u00e4r lite sorgligt att en del bloggare inte ens inser vad Newsmill \u00e4r ute efter. <a href=\"http:\/\/aftonbladet.se\/kultur\/article3250267.ab\">Journalisten Dan Josefsson skriver i Aftonbladet<\/a> om detta och det g\u00e5r inte att s\u00e4ga annat \u00e4n att han har r\u00e4tt:<\/p>\n<blockquote><p>Allts\u00e5 startar man en sajt som Newsmill. D\u00e4r f\u00f6rs\u00f6ker man \u00f6vertala folk att starta bloggar som underavdelningar till Newsmill. Varje dag meddelar sedan Newsmill-redakt\u00f6rerna vilka \u00e4mnen de tycker ska behandlas. D\u00e4rmed f\u00f6rsvagas omedelbart den frihet att skriva om vad som helst som \u00e4r bloggsf\u00e4rens sj\u00e4lva po\u00e4ng. Det \u00e4r teoretiskt fritt fram att hitta p\u00e5 egna \u00e4mnen ocks\u00e5 p\u00e5 Newmill. Men den som levererar n\u00e5got som faller redaktionen p\u00e5 l\u00e4ppen kan r\u00e4kna med bel\u00f6ning:<\/p>\n<p>\u201dOm du har n\u00e5got unikt att ber\u00e4tta vill vi g\u00e4rna att du syns och h\u00f6rs i andra medier. Vi har upparbetade kontakter med TV4 Nyhetsmorgon, God morgon Sverige, P1 Morgon och Studio Ett och hj\u00e4lper g\u00e4rna dem att n\u00e5 dig\u201d.<\/p>\n<p>S\u00e5 ska den f\u00e5gelfria bloggsf\u00e4ren tyglas samtidigt som Bonniers \u00e5ter kopplar greppet om debattagendan.<\/p><\/blockquote>\n<p>Fast jag tror inte att Newsmill kommer att riktigt kunna styra bloggsf\u00e4ren. F\u00f6r den \u00e4r en stor gr\u00e4srotsr\u00f6relsen &#8211; och eftersom de som styr och st\u00e4ller p\u00e5 Newsmill \u00e4r traditionella journalister utan n\u00e5gon egen bas i blogggr\u00e4strotsr\u00f6relsen tror jag inte de kommer att tygla bloggsf\u00e4ren. Men de kommer f\u00f6rst\u00e5s att bli ett debattsajt av dignitet, men inte n\u00e5got som kan skapa en bloggb\u00e4vning. F\u00f6r det beh\u00f6vs en sajt som bygger p\u00e5 bloggn\u00e4tverket.<\/p>\n<p>N\u00e5gra andra bloggare som funderat kring Newsmill: <span style=\"text-decoration: line-through;\">inte riktigt vill inse hur smarta Bonnier \u00e4r:<\/span><br \/>\n<a href=\"http:\/\/mymlanthereal.wordpress.com\/2008\/09\/05\/newsmill-gor-som-jag-sager\/\">Mymlan<\/a>, <a href=\"http:\/\/minamoderatakarameller.blogspot.com\/2008\/09\/blir-newsmill-en-modern-sourze.html\">Mary<\/a> och <a href=\"http:\/\/samesamebutdifferent.se\/2008\/09\/06\/nej-dan-josefsson-bloggarna-ar-inte-i-fara\/\">Same, same &#8230;<\/a><\/p>\n<p>Andra bloggar om: <a rel=\"tag\" href=\"http:\/\/bloggar.se\/om\/demokrati\">demokrati<\/a>, <a rel=\"tag\" href=\"http:\/\/bloggar.se\/om\/debatt\">debatt<\/a>, <a rel=\"tag\" href=\"http:\/\/bloggar.se\/om\/Newsmill\">Newsmill<\/a>, <a rel=\"tag\" href=\"http:\/\/bloggar.se\/om\/Josefsson\">Josefsson<\/a>, <a rel=\"tag\" href=\"http:\/\/bloggar.se\/om\/Bonnier\">Bonnier<\/a><\/p>\n","protected":false},"excerpt":{"rendered":"<p>Bonnier som fram till nu har \u00e4gt och styrt den svenska debatten har tagit klivet att f\u00f6rs\u00f6ka styra bloggarna. Newsmill \u00e4r ett v\u00e4l f\u00f6rpackat s\u00e5dant f\u00f6rs\u00f6k. Sj\u00e4lvklart. T\u00e4nk sj\u00e4lva: Bonniers\u00e4gda DN:s debattsida \u00e4r den debattsida som sm\u00e4ller h\u00f6gst bland pressavdelningarna hos landets opinionsbildande organisationer och f\u00f6reningar. En presschef som lyckas placera sin arbetsgivares artikel hos [&hellip;]<\/p>\n","protected":false},"author":2,"featured_media":0,"comment_status":"open","ping_status":"open","sticky":false,"template":"","format":"standard","meta":{"_genesis_hide_title":false,"_genesis_hide_breadcrumbs":false,"_genesis_hide_singular_image":false,"_genesis_hide_footer_widgets":false,"_genesis_custom_body_class":"","_genesis_custom_post_class":"","_genesis_layout":"","footnotes":""},"categories":[20],"tags":[1191,1214],"class_list":{"0":"post-1423","1":"post","2":"type-post","3":"status-publish","4":"format-standard","6":"category-film","7":"tag-debatt","8":"tag-demokrati","9":"entry"},"_links":{"self":[{"href":"https:\/\/kulturbloggen.com\/index.php?rest_route=\/wp\/v2\/posts\/1423","targetHints":{"allow":["GET"]}}],"collection":[{"href":"https:\/\/kulturbloggen.com\/index.php?rest_route=\/wp\/v2\/posts"}],"about":[{"href":"https:\/\/kulturbloggen.com\/index.php?rest_route=\/wp\/v2\/types\/post"}],"author":[{"embeddable":true,"href":"https:\/\/kulturbloggen.com\/index.php?rest_route=\/wp\/v2\/users\/2"}],"replies":[{"embeddable":true,"href":"https:\/\/kulturbloggen.com\/index.php?rest_route=%2Fwp%2Fv2%2Fcomments&post=1423"}],"version-history":[{"count":0,"href":"https:\/\/kulturbloggen.com\/index.php?rest_route=\/wp\/v2\/posts\/1423\/revisions"}],"wp:attachment":[{"href":"https:\/\/kulturbloggen.com\/index.php?rest_route=%2Fwp%2Fv2%2Fmedia&parent=1423"}],"wp:term":[{"taxonomy":"category","embeddable":true,"href":"https:\/\/kulturbloggen.com\/index.php?rest_route=%2Fwp%2Fv2%2Fcategories&post=1423"},{"taxonomy":"post_tag","embeddable":true,"href":"https:\/\/kulturbloggen.com\/index.php?rest_route=%2Fwp%2Fv2%2Ftags&post=1423"}],"curies":[{"name":"wp","href":"https:\/\/api.w.org\/{rel}","templated":true}]}}