{"id":142270,"date":"2021-07-14T10:29:17","date_gmt":"2021-07-14T08:29:17","guid":{"rendered":"https:\/\/kulturbloggen.com\/?p=142270"},"modified":"2021-07-14T10:29:18","modified_gmt":"2021-07-14T08:29:18","slug":"tomas-ledin-har-blivit-hedersdoktor-pa-mittuniversitetet","status":"publish","type":"post","link":"https:\/\/kulturbloggen.com\/?p=142270","title":{"rendered":"Tomas Ledin har blivit hedersdoktor p\u00e5 Mittuniversitetet"},"content":{"rendered":"<figure id=\"attachment_142275\" aria-describedby=\"caption-attachment-142275\" style=\"width: 650px\" class=\"wp-caption aligncenter\"><img loading=\"lazy\" decoding=\"async\" class=\"size-full wp-image-142275\" src=\"https:\/\/kulturbloggen.com\/wp-content\/uploads\/2021\/07\/unnamed-35.jpg\" alt=\"\" width=\"650\" height=\"345\" srcset=\"https:\/\/kulturbloggen.com\/wp-content\/uploads\/2021\/07\/unnamed-35.jpg 650w, https:\/\/kulturbloggen.com\/wp-content\/uploads\/2021\/07\/unnamed-35-300x159.jpg 300w\" sizes=\"auto, (max-width: 650px) 100vw, 650px\" \/><figcaption id=\"caption-attachment-142275\" class=\"wp-caption-text\">Musikern Tomas Ledin, professorerna Ellen MacEachen och Cheryl Akner-Koler samt f\u00f6re detta forsknings- och utvecklingschefen Lars-\u00c5ke Lindstr\u00f6m har utsetts till nya hedersdoktorer vid Mittuniversitetet 2021.<\/figcaption><\/figure>\n<p>Musikern Tomas Ledin, professorerna Ellen MacEachen och Cheryl Akner-Koler samt f\u00f6re detta forsknings- och utvecklingschefen Lars-\u00c5ke Lindstr\u00f6m har utsetts till nya hedersdoktorer vid Mittuniversitetet 2021, ber\u00e4ttar ett pressmeddelande:<\/p>\n<p>Hedersdoktorerna utn\u00e4mns som en uppskattning f\u00f6r framst\u00e5ende insatser inom n\u00e5got av Mittuniversitetets omr\u00e5den eller f\u00f6r den region d\u00e4r Mittuniversitetet verkar. Hedersdoktoratet inneb\u00e4r att de utsedda personerna kan titulera sig som doktor.<\/p>\n<p>\u2013 Vi \u00e4r mycket glada att tv\u00e5 framst\u00e5ende representanter f\u00f6r sina omr\u00e5den har tackat ja till sina utn\u00e4mningar. Tomas Ledin har med sin l\u00e5nga och framg\u00e5ngsrika karri\u00e4r och sitt samh\u00e4llsengagemang varit viktig f\u00f6r v\u00e5ra regioner och Ellen MacEachen, internationellt k\u00e4nd professor i arbetsliv och h\u00e4lsa, \u00e4r verksam inom ett mycket aktuellt och f\u00f6r v\u00e5r forskning viktigt omr\u00e5de, s\u00e4ger Anna Olofsson, dekan, fakulteten f\u00f6r humanvetenskap.<\/p>\n<p>\u2013 Det \u00e4r av stort v\u00e4rde att f\u00e5 lyfta fram Cheryl Akner-Koler och Lars-\u00c5ke Lindstr\u00f6m som hedersdoktorer. Deras engagemang och kunskap har p\u00e5 olika s\u00e4tt givit avtryck i Mittuniversitetets verksamhet och i fakultetens forskning och utbildningar, s\u00e4ger Hans-Erik Nilsson, dekan, fakulteten f\u00f6r naturvetenskap, teknik och medier.<\/p>\n<p>Som en f\u00f6ljd av den p\u00e5g\u00e5ende pandemin skjuts \u00e5rets akademiska h\u00f6gtid fram till v\u00e5ren 2022 och de nya hedersdoktorerna installeras d\u00e4rf\u00f6r 25 mars vid Akademisk h\u00f6gtid i \u00d6stersund.<\/p>\n<p>Nya hedersdoktorer vid Fakulteten f\u00f6r humanvetenskap<br \/>\nTomas Ledins inflytande inom den svenska kultursektorn \u00e4r omfattande. Han har under m\u00e5nga decennier varit framg\u00e5ngsrik och hans musik forts\u00e4tter att s\u00e4tta sin pr\u00e4gel p\u00e5 generationer av svenskars uppv\u00e4xt och vuxenliv. Hans aktivitet i viktiga samh\u00e4llsfr\u00e5gor \u00e4r v\u00e4ldokumenterad genom hans engagemang mot rasism och fr\u00e4mlingsfientlighet, ibland annat stiftelsen Artister mot nazister och k\u00f6ren The Rockin Pots. Genom att utse Tomas Ledin till hedersdoktor vill Mittuniversitetet bef\u00e4sta hans unika nationella kulturella avtryck, hans tydliga samh\u00e4llsengagemang och de starka banden till regionen sedan f\u00f6dsel och uppv\u00e4xt.<\/p>\n<p>Ellen MacEachen \u00e4r en mycket meriterad professor inom sitt omr\u00e5de s\u00e5v\u00e4l i Kanada som internationellt. Hennes forskning handlar om hur arbetsliv och v\u00e4lf\u00e4rdssystem utifr\u00e5n ett organisationsperspektiv kan f\u00f6rb\u00e4ttras och anpassas till v\u00e5r globala och snabbt f\u00f6r\u00e4nderliga ekonomi. Genom ett n\u00e4ra samarbete med Mittuniversitetet drivs ocks\u00e5 ett arbete f\u00f6r att sj\u00f6s\u00e4tta en internationell distanskurs inom \u00e4mnesomr\u00e5det arbetsliv och h\u00e4lsa. Att utse professor Ellen MacEachen till hedersdoktor inneb\u00e4r att Mittuniversitetet uppm\u00e4rksammar en respekterad forskare, en flitigt anlitad expert av det kanadensiska h\u00e4lsoministeriet som d\u00e4rut\u00f6ver ocks\u00e5 byggt upp ett ansenligt forskningscentrum vid University of Waterloo.<\/p>\n<p>Nya hedersdoktorer vid Fakulteten f\u00f6r naturvetenskap, teknik och medier<br \/>\nCheryl Akner-Koler, professor vid institutionen f\u00f6r design vid Konstfack, Stockholm, \u00e4r en pionj\u00e4r inom konstn\u00e4rlig forskning med sin doktorsavhandling Form &amp; Formlessness samt som projektledare f\u00f6r flera forskningsprojekt inom det estetiska omr\u00e5det. Hennes metodik och analyss\u00e4tt ger en plattform av stark f\u00f6rst\u00e5else f\u00f6r formutveckling inom designomr\u00e5det och \u00e4r v\u00e4l f\u00f6rankrat p\u00e5 Mittuniversitetets masterutbildning \u201dDesign for All\u201d d\u00e4r hon verkat som g\u00e4stl\u00e4rare. Utn\u00e4mningen av Cheryl Akner-Koler till hedersdoktor synligg\u00f6r hennes stora betydelse f\u00f6r utvecklandet av form\u00e4mnet och designutbildning i Sverige och internationellt.<\/p>\n<p>Lars-\u00c5ke Lindstr\u00f6m har under m\u00e5nga \u00e5r engagerat sig f\u00f6r Mittuniversitetets utveckling inom forskning som utbildning. Fr\u00e4mst genom sina roller som forsknings- och utvecklingschef inom bland annat SCA och Sunds Defibrator Industries AB, men ocks\u00e5 som adjungerad professor. Hans insatser som partner och medfinansi\u00e4r pr\u00e4glas av h\u00f6gt engagemang \u2013 en egenskap som ocks\u00e5 str\u00e4ckte sig in i samverkansprojekt vars syfte var att utveckla det regionala skolsystemet. F\u00f6r en bred och djup g\u00e4rning f\u00f6r universitetets utveckling utn\u00e4mns h\u00e4rmed Lars-\u00c5ke Lindstr\u00f6m till hedersdoktor.<\/p>\n","protected":false},"excerpt":{"rendered":"<p>Musikern Tomas Ledin, professorerna Ellen MacEachen och Cheryl Akner-Koler samt f\u00f6re detta forsknings- och utvecklingschefen Lars-\u00c5ke Lindstr\u00f6m har utsetts till nya hedersdoktorer vid Mittuniversitetet 2021, ber\u00e4ttar ett pressmeddelande: Hedersdoktorerna utn\u00e4mns som en uppskattning f\u00f6r framst\u00e5ende insatser inom n\u00e5got av Mittuniversitetets omr\u00e5den eller f\u00f6r den region d\u00e4r Mittuniversitetet verkar. Hedersdoktoratet inneb\u00e4r att de utsedda personerna kan [&hellip;]<\/p>\n","protected":false},"author":13,"featured_media":0,"comment_status":"closed","ping_status":"closed","sticky":false,"template":"","format":"standard","meta":{"_genesis_hide_title":false,"_genesis_hide_breadcrumbs":false,"_genesis_hide_singular_image":false,"_genesis_hide_footer_widgets":false,"_genesis_custom_body_class":"","_genesis_custom_post_class":"","_genesis_layout":"","footnotes":""},"categories":[62,13624],"tags":[],"class_list":{"0":"post-142270","1":"post","2":"type-post","3":"status-publish","4":"format-standard","6":"category-medie-och-kulturpolitik","7":"category-toppnytt","8":"entry"},"_links":{"self":[{"href":"https:\/\/kulturbloggen.com\/index.php?rest_route=\/wp\/v2\/posts\/142270","targetHints":{"allow":["GET"]}}],"collection":[{"href":"https:\/\/kulturbloggen.com\/index.php?rest_route=\/wp\/v2\/posts"}],"about":[{"href":"https:\/\/kulturbloggen.com\/index.php?rest_route=\/wp\/v2\/types\/post"}],"author":[{"embeddable":true,"href":"https:\/\/kulturbloggen.com\/index.php?rest_route=\/wp\/v2\/users\/13"}],"replies":[{"embeddable":true,"href":"https:\/\/kulturbloggen.com\/index.php?rest_route=%2Fwp%2Fv2%2Fcomments&post=142270"}],"version-history":[{"count":3,"href":"https:\/\/kulturbloggen.com\/index.php?rest_route=\/wp\/v2\/posts\/142270\/revisions"}],"predecessor-version":[{"id":142276,"href":"https:\/\/kulturbloggen.com\/index.php?rest_route=\/wp\/v2\/posts\/142270\/revisions\/142276"}],"wp:attachment":[{"href":"https:\/\/kulturbloggen.com\/index.php?rest_route=%2Fwp%2Fv2%2Fmedia&parent=142270"}],"wp:term":[{"taxonomy":"category","embeddable":true,"href":"https:\/\/kulturbloggen.com\/index.php?rest_route=%2Fwp%2Fv2%2Fcategories&post=142270"},{"taxonomy":"post_tag","embeddable":true,"href":"https:\/\/kulturbloggen.com\/index.php?rest_route=%2Fwp%2Fv2%2Ftags&post=142270"}],"curies":[{"name":"wp","href":"https:\/\/api.w.org\/{rel}","templated":true}]}}